{"id":64879,"date":"2020-02-01T10:51:33","date_gmt":"2020-02-01T10:51:33","guid":{"rendered":"http:\/\/www.intoscana.it\/terremoto-mugello-regione-toscana-paghera-le-perizie-su-edifici\/"},"modified":"2020-05-19T16:02:07","modified_gmt":"2020-05-19T14:02:07","slug":"terremoto-mugello-perizie","status":"publish","type":"post","link":"https:\/\/www.intoscana.it\/it\/terremoto-mugello-perizie\/","title":{"rendered":"Terremoto Mugello, Regione Toscana pagher\u00e0 le perizie su edifici"},"content":{"rendered":"<p><strong>La Regione pagher\u00e0 le perizie sulle circa 450 unit\u00e0 immobiliari danneggiate dal terremoto dello scorso 9 dicembre.<\/strong> \u00c8 con questo annuncio che il Commissario alla gestione del post sisma, Enrico Rossi, ha aperto a Scarperia la prima delle due assemblee convocate per informare la popolazione interessata.<\/p>\n<p><strong>\u00abIl nostro obiettivo principale &#8211; ha aggiunto Rossi &#8211; \u00e8 di far tornare prima possibile i cittadini nelle loro abitazioni.<\/strong> Per questo chiediamo di avere entro il 28 febbraio prossimo le perizie di stima dei costi necessari a renderli nuovamente agibili. Anzi, chiediamo di far realizzare due perizie: una finalizzata alla sola agibilit\u00e0, l&#8217;altra alla messa in sicurezza sismica degli immobili. La legge nazionale non lo prevede, ma noi intendiamo farci carico anche degli incapienti, ovvero di coloro che hanno un reddito inferiore agli ottomila euro l&#8217;anno e anche delle seconde case, per evitare lo spopolamento di queste zone\u00bb.<\/p>\n<p>Rossi ha ricordato poi che ciascuno dovr\u00e0 rivolgersi ad un proprio tecnico, ingegnere o architetto, di fiducia e che sul sito del Commissario (<a href=\"https:\/\/www.regione.toscana.it\/-\/sisma-2019\" target=\"_blank\" rel=\"noopener noreferrer\">www.regione.toscana.it\/sisma2019<\/a>) per agevolare gli interessati nella scelta sar\u00e0 pubblicato un elenco di tecnici disponibili a redigere le perizie.<\/p>\n<p>\u00abE per ogni altra esigenza &#8211; ha precisato Rossi &#8211; ho provveduto a far aprire a Barberino (via Trento 1) un ufficio locale del Commissario al quale \u00e8 possibile rivolgersi per domande o assistenza. Ricordo che per ogni abitazione \u00e9 possibile richiedere, ed ottenere in cinque anni in forma di detrazioni dal pagamento dell&#8217;Irpef, fino a 25.000 euro, sia che si risieda in abitazioni singole che in condominio. In questo caso vanno aggiunti altri 25.000 euro per le parti condominiali\u00bb.<\/p>\n<p><strong>L&#8217;ufficio locale del Commissario sar\u00e0 aperto dalle 9 alle 13 il luned\u00ec, il mercoled\u00ec e il venerd\u00ec e il mercoled\u00ec anche dalle 15 alle 17. Per richiedere un appuntamento \u00e8 consigliabile inviare una mail a <a href=\"mailto:sisma2019@regione.toscana.it\">sisma2019@regione.toscana.it<\/a>.<\/strong><\/p>\n<p>\u00abDopo che avremo avuto le perizie &#8211; \u00e8 l&#8217;ultima puntualizzazione che il Commissario Rossi ha rivolto ai cittadini presenti &#8211; ci prenderemo una settimana di tempo per valutarle e torneremo qui per incontrarvi e dirvi come \u00e8 in quali tempi potremo procedere. Siamo convinti che serva un Piano, anche pluriennale, per la messa in sicurezza sismica degli immobili di quest&#8217;area, fondamentale per garantire sia la sicurezza dei cittadini che lo spopolamento\u00bb.<\/p>\n<p><strong>Esiste un manuale per ottenere i contributi per il sisma.<\/strong> Ne ha diritto chi \u00e8 stato costretto a trovare una sistemazione a suo carico a causa dell&#8217;inagibilit\u00e0 della propria abitazione, oppure chi ha sub\u00ecto danni strutturali all&#8217;edificio di sua propriet\u00e0 o che occupa in affitto, o ai mobili contenuti al suo interno.<\/p>\n<p>Sono infatti tre le voci per le quali \u00e8 possibile presentare, entro 90 giorni dalla dichiarazione di inagibilit\u00e0 delle abitazioni, la domanda per i contributi, che potranno riguardare la autonoma sistemazione, cio\u00e8 chi ha fatto ricorso ad un alloggio a pagamento ma anche chi, non usufruendo di strutture messe a disposizione dalle Istituzioni, \u00e8 stato costretto a chiedere ospitalit\u00e0 a parenti o amici.<\/p>\n<p><strong>Per loro sono disponibili dai 400 ai 900 euro.<\/strong> La cifra pi\u00f9 bassa nel caso di nucleo monofamiliare, quella pi\u00f9 alta se formato da quattro componenti in su, a cui \u00e8 possibile aggiungerne altri 200 se presenti ultrasessantacinquenni o persone con invalidit\u00e0 superiore al 67%. Il periodo massimo per il quale \u00e8 possibile chiedere il contributo \u00e8 di un anno.<\/p>\n<p><strong>Ammonta invece ad un massimo di 25.000 euro il contributo che pu\u00f2 essere concesso per il ripristino del patrimonio immobiliare.<\/strong> In questo caso tra i requisiti necessari c&#8217;\u00e8 l&#8217;essere proprietario o affittuario, ma la cifra pu\u00f2 <strong>andare anche a commercianti, produttori o professionisti, qualora la riparazione sia funzionale alla ripresa dell&#8217;attivit\u00e0.<\/strong><\/p>\n<p><strong>\u00c8 di 300 euro a vano, fino ad un massimo di 1.500 euro, il contributo che pu\u00f2 essere richiesto per il ripristino o la sostituzione dei beni mobili distrutti o danneggiati.<\/strong><\/p>\n<p><strong>Per velocizzare la ristrutturazione degli immobili, le domande vanno presentate entro il 28 febbraio ai Comuni di appartenenza<\/strong>, tramite l&#8217;ufficio locale del Commissario e vanno controfirmate da un professionista abilitato, che dovr\u00e0 descrivere i lavori necessari al ripristino e il loro costo. Se si tratta di affittuari o di comodati d&#8217;uso delle abitazioni, \u00e8 necessaria anche una dichiarazione del proprietario che si impegni a proseguire il rapporto per almeno due anni dopo la realizzazione degli interventi.<\/p>\n<p>Si stima che gli aventi diritto a richiedere i contributi previsti dalla legge siano circa 800, la maggior parte dei quali residenti a Barberino e che gli edifici siano in tutto oltre 770.<\/p>\n<p><strong>Per tutte le altre informazioni \u00e8 possibile consultare il sito del Commissario:<\/strong> <a href=\"https:\/\/www.regione.toscana.it\/-\/sisma-2019\" target=\"_blank\" rel=\"noopener noreferrer\">www.regione.toscana.it\/sisma2019<\/a><\/p>\n","protected":false},"excerpt":{"rendered":"<p>L&#8217;obiettivo? Rientrare nelle case lesionate dal sisma il prima possibile. Perizie entro il 28 febbraio. Enrico Rossi annuncia contributi a chi ha un reddito basso<\/p>\n","protected":false},"author":525,"featured_media":102343,"comment_status":"open","ping_status":"open","sticky":false,"template":"","format":"standard","meta":{"_acf_changed":false,"footnotes":""},"categories":[494,7],"tags":[133,375,151],"class_list":["post-64879","post","type-post","status-publish","format-standard","has-post-thumbnail","hentry","category-attualita","category-societa","tag-enrico-rossi","tag-mugello","tag-regione-toscana"],"acf":[],"yoast_head":"<!-- This site is optimized with the Yoast SEO Premium plugin v24.2 (Yoast SEO v25.6) - https:\/\/yoast.com\/wordpress\/plugins\/seo\/ -->\n<title>Terremoto Mugello, Regione Toscana pagher\u00e0 le perizie su edifici - intoscana<\/title>\n<meta name=\"robots\" content=\"index, follow, max-snippet:-1, max-image-preview:large, max-video-preview:-1\" \/>\n<link rel=\"canonical\" href=\"https:\/\/www.intoscana.it\/it\/terremoto-mugello-perizie\/\" \/>\n<meta property=\"og:locale\" content=\"it_IT\" \/>\n<meta property=\"og:type\" content=\"article\" \/>\n<meta property=\"og:title\" content=\"Terremoto Mugello, Regione Toscana pagher\u00e0 le perizie su edifici\" \/>\n<meta property=\"og:description\" content=\"L&#039;obiettivo? Rientrare nelle case lesionate dal sisma il prima possibile. Perizie entro il 28 febbraio. Enrico Rossi annuncia contributi a chi ha un reddito basso\" \/>\n<meta property=\"og:url\" content=\"https:\/\/www.intoscana.it\/it\/terremoto-mugello-perizie\/\" \/>\n<meta property=\"og:site_name\" content=\"intoscana\" \/>\n<meta property=\"article:publisher\" content=\"https:\/\/www.facebook.com\/intoscana.it\" \/>\n<meta property=\"article:published_time\" content=\"2020-02-01T10:51:33+00:00\" \/>\n<meta property=\"article:modified_time\" content=\"2020-05-19T14:02:07+00:00\" \/>\n<meta property=\"og:image\" content=\"https:\/\/www.intoscana.it\/wp-content\/uploads\/terremoto-barberino-mugello-perizie.jpg\" \/>\n\t<meta property=\"og:image:width\" content=\"630\" \/>\n\t<meta property=\"og:image:height\" content=\"419\" \/>\n\t<meta property=\"og:image:type\" content=\"image\/jpeg\" \/>\n<meta name=\"author\" content=\"Redazione\" \/>\n<meta name=\"twitter:card\" content=\"summary_large_image\" \/>\n<meta name=\"twitter:creator\" content=\"@intoscana\" \/>\n<meta name=\"twitter:site\" content=\"@intoscana\" \/>\n<meta name=\"twitter:label1\" content=\"Written by\" \/>\n\t<meta name=\"twitter:data1\" content=\"Redazione\" \/>\n\t<meta name=\"twitter:label2\" content=\"Est. reading time\" \/>\n\t<meta name=\"twitter:data2\" content=\"4 minuti\" \/>\n<script type=\"application\/ld+json\" class=\"yoast-schema-graph\">{\"@context\":\"https:\/\/schema.org\",\"@graph\":[{\"@type\":\"WebPage\",\"@id\":\"https:\/\/www.intoscana.it\/it\/terremoto-mugello-perizie\/\",\"url\":\"https:\/\/www.intoscana.it\/it\/terremoto-mugello-perizie\/\",\"name\":\"Terremoto Mugello, Regione Toscana pagher\u00e0 le perizie su edifici - intoscana\",\"isPartOf\":{\"@id\":\"https:\/\/www.intoscana.it\/it\/#website\"},\"primaryImageOfPage\":{\"@id\":\"https:\/\/www.intoscana.it\/it\/terremoto-mugello-perizie\/#primaryimage\"},\"image\":{\"@id\":\"https:\/\/www.intoscana.it\/it\/terremoto-mugello-perizie\/#primaryimage\"},\"thumbnailUrl\":\"https:\/\/www.intoscana.it\/wp-content\/uploads\/terremoto-barberino-mugello-perizie.jpg\",\"datePublished\":\"2020-02-01T10:51:33+00:00\",\"dateModified\":\"2020-05-19T14:02:07+00:00\",\"author\":{\"@id\":\"https:\/\/www.intoscana.it\/it\/#\/schema\/person\/9223810753230f20bd670fdd322661f8\"},\"breadcrumb\":{\"@id\":\"https:\/\/www.intoscana.it\/it\/terremoto-mugello-perizie\/#breadcrumb\"},\"inLanguage\":\"it-IT\",\"potentialAction\":[{\"@type\":\"ReadAction\",\"target\":[\"https:\/\/www.intoscana.it\/it\/terremoto-mugello-perizie\/\"]}]},{\"@type\":\"ImageObject\",\"inLanguage\":\"it-IT\",\"@id\":\"https:\/\/www.intoscana.it\/it\/terremoto-mugello-perizie\/#primaryimage\",\"url\":\"https:\/\/www.intoscana.it\/wp-content\/uploads\/terremoto-barberino-mugello-perizie.jpg\",\"contentUrl\":\"https:\/\/www.intoscana.it\/wp-content\/uploads\/terremoto-barberino-mugello-perizie.jpg\",\"width\":630,\"height\":419,\"caption\":\"Terremoto nel Mugello\"},{\"@type\":\"BreadcrumbList\",\"@id\":\"https:\/\/www.intoscana.it\/it\/terremoto-mugello-perizie\/#breadcrumb\",\"itemListElement\":[{\"@type\":\"ListItem\",\"position\":1,\"name\":\"Home\",\"item\":\"https:\/\/www.intoscana.it\/it\/\"},{\"@type\":\"ListItem\",\"position\":2,\"name\":\"Terremoto Mugello, Regione Toscana pagher\u00e0 le perizie su edifici\"}]},{\"@type\":\"WebSite\",\"@id\":\"https:\/\/www.intoscana.it\/it\/#website\",\"url\":\"https:\/\/www.intoscana.it\/it\/\",\"name\":\"intoscana\",\"description\":\"\",\"potentialAction\":[{\"@type\":\"SearchAction\",\"target\":{\"@type\":\"EntryPoint\",\"urlTemplate\":\"https:\/\/www.intoscana.it\/it\/?s={search_term_string}\"},\"query-input\":{\"@type\":\"PropertyValueSpecification\",\"valueRequired\":true,\"valueName\":\"search_term_string\"}}],\"inLanguage\":\"it-IT\"},{\"@type\":\"Person\",\"@id\":\"https:\/\/www.intoscana.it\/it\/#\/schema\/person\/9223810753230f20bd670fdd322661f8\",\"name\":\"Redazione\",\"url\":\"https:\/\/www.intoscana.it\/it\/author\/redazione\/\"}]}<\/script>\n<!-- \/ Yoast SEO Premium plugin. -->","yoast_head_json":{"title":"Terremoto Mugello, Regione Toscana pagher\u00e0 le perizie su edifici - intoscana","robots":{"index":"index","follow":"follow","max-snippet":"max-snippet:-1","max-image-preview":"max-image-preview:large","max-video-preview":"max-video-preview:-1"},"canonical":"https:\/\/www.intoscana.it\/it\/terremoto-mugello-perizie\/","og_locale":"it_IT","og_type":"article","og_title":"Terremoto Mugello, Regione Toscana pagher\u00e0 le perizie su edifici","og_description":"L'obiettivo? Rientrare nelle case lesionate dal sisma il prima possibile. Perizie entro il 28 febbraio. Enrico Rossi annuncia contributi a chi ha un reddito basso","og_url":"https:\/\/www.intoscana.it\/it\/terremoto-mugello-perizie\/","og_site_name":"intoscana","article_publisher":"https:\/\/www.facebook.com\/intoscana.it","article_published_time":"2020-02-01T10:51:33+00:00","article_modified_time":"2020-05-19T14:02:07+00:00","og_image":[{"width":630,"height":419,"url":"https:\/\/www.intoscana.it\/wp-content\/uploads\/terremoto-barberino-mugello-perizie.jpg","type":"image\/jpeg"}],"author":"Redazione","twitter_card":"summary_large_image","twitter_creator":"@intoscana","twitter_site":"@intoscana","twitter_misc":{"Written by":"Redazione","Est. reading time":"4 minuti"},"schema":{"@context":"https:\/\/schema.org","@graph":[{"@type":"WebPage","@id":"https:\/\/www.intoscana.it\/it\/terremoto-mugello-perizie\/","url":"https:\/\/www.intoscana.it\/it\/terremoto-mugello-perizie\/","name":"Terremoto Mugello, Regione Toscana pagher\u00e0 le perizie su edifici - intoscana","isPartOf":{"@id":"https:\/\/www.intoscana.it\/it\/#website"},"primaryImageOfPage":{"@id":"https:\/\/www.intoscana.it\/it\/terremoto-mugello-perizie\/#primaryimage"},"image":{"@id":"https:\/\/www.intoscana.it\/it\/terremoto-mugello-perizie\/#primaryimage"},"thumbnailUrl":"https:\/\/www.intoscana.it\/wp-content\/uploads\/terremoto-barberino-mugello-perizie.jpg","datePublished":"2020-02-01T10:51:33+00:00","dateModified":"2020-05-19T14:02:07+00:00","author":{"@id":"https:\/\/www.intoscana.it\/it\/#\/schema\/person\/9223810753230f20bd670fdd322661f8"},"breadcrumb":{"@id":"https:\/\/www.intoscana.it\/it\/terremoto-mugello-perizie\/#breadcrumb"},"inLanguage":"it-IT","potentialAction":[{"@type":"ReadAction","target":["https:\/\/www.intoscana.it\/it\/terremoto-mugello-perizie\/"]}]},{"@type":"ImageObject","inLanguage":"it-IT","@id":"https:\/\/www.intoscana.it\/it\/terremoto-mugello-perizie\/#primaryimage","url":"https:\/\/www.intoscana.it\/wp-content\/uploads\/terremoto-barberino-mugello-perizie.jpg","contentUrl":"https:\/\/www.intoscana.it\/wp-content\/uploads\/terremoto-barberino-mugello-perizie.jpg","width":630,"height":419,"caption":"Terremoto nel Mugello"},{"@type":"BreadcrumbList","@id":"https:\/\/www.intoscana.it\/it\/terremoto-mugello-perizie\/#breadcrumb","itemListElement":[{"@type":"ListItem","position":1,"name":"Home","item":"https:\/\/www.intoscana.it\/it\/"},{"@type":"ListItem","position":2,"name":"Terremoto Mugello, Regione Toscana pagher\u00e0 le perizie su edifici"}]},{"@type":"WebSite","@id":"https:\/\/www.intoscana.it\/it\/#website","url":"https:\/\/www.intoscana.it\/it\/","name":"intoscana","description":"","potentialAction":[{"@type":"SearchAction","target":{"@type":"EntryPoint","urlTemplate":"https:\/\/www.intoscana.it\/it\/?s={search_term_string}"},"query-input":{"@type":"PropertyValueSpecification","valueRequired":true,"valueName":"search_term_string"}}],"inLanguage":"it-IT"},{"@type":"Person","@id":"https:\/\/www.intoscana.it\/it\/#\/schema\/person\/9223810753230f20bd670fdd322661f8","name":"Redazione","url":"https:\/\/www.intoscana.it\/it\/author\/redazione\/"}]}},"_links":{"self":[{"href":"https:\/\/www.intoscana.it\/it\/wp-json\/wp\/v2\/posts\/64879","targetHints":{"allow":["GET"]}}],"collection":[{"href":"https:\/\/www.intoscana.it\/it\/wp-json\/wp\/v2\/posts"}],"about":[{"href":"https:\/\/www.intoscana.it\/it\/wp-json\/wp\/v2\/types\/post"}],"author":[{"embeddable":true,"href":"https:\/\/www.intoscana.it\/it\/wp-json\/wp\/v2\/users\/525"}],"replies":[{"embeddable":true,"href":"https:\/\/www.intoscana.it\/it\/wp-json\/wp\/v2\/comments?post=64879"}],"version-history":[{"count":0,"href":"https:\/\/www.intoscana.it\/it\/wp-json\/wp\/v2\/posts\/64879\/revisions"}],"wp:featuredmedia":[{"embeddable":true,"href":"https:\/\/www.intoscana.it\/it\/wp-json\/wp\/v2\/media\/102343"}],"wp:attachment":[{"href":"https:\/\/www.intoscana.it\/it\/wp-json\/wp\/v2\/media?parent=64879"}],"wp:term":[{"taxonomy":"category","embeddable":true,"href":"https:\/\/www.intoscana.it\/it\/wp-json\/wp\/v2\/categories?post=64879"},{"taxonomy":"post_tag","embeddable":true,"href":"https:\/\/www.intoscana.it\/it\/wp-json\/wp\/v2\/tags?post=64879"}],"curies":[{"name":"wp","href":"https:\/\/api.w.org\/{rel}","templated":true}]}}