{"id":64926,"date":"2019-12-20T15:04:09","date_gmt":"2019-12-20T15:04:09","guid":{"rendered":"http:\/\/www.intoscana.it\/mattarella-premia-limpegno-civico-di-due-straordinari-toscani\/"},"modified":"2020-05-19T16:02:12","modified_gmt":"2020-05-19T14:02:12","slug":"mattarella-premia-toscani","status":"publish","type":"post","link":"https:\/\/www.intoscana.it\/it\/mattarella-premia-toscani\/","title":{"rendered":"Mattarella premia l&#8217;impegno civico di due &#8216;straordinari&#8217; toscani"},"content":{"rendered":"<p><strong>Da ormai cinque anni il Presidente Sergio Mattarella conferisce onorificenze al Merito della Repubblica Italiana a cittadine e cittadini che si sono distinti per atti di eroismo<\/strong>, per l&#8217;impegno nella solidariet\u00e0, nel soccorso, nella cooperazione internazionale, nella tutela dei minori, nella promozione della cultura e della legalit\u00e0, per le attivit\u00e0 in favore della coesione sociale, dell\u2019integrazione, della ricerca e della tutela dell\u2019ambiente. Dei trentadue premiati per l&#8217;anno 2019, ci sono ben due toscani.<\/p>\n<p><strong>Il primo \u00e8 Romolo Carletti (noto come Romano).<\/strong> Ha 84 anni e vive a Montemignaio, piccolo comune di poco pi\u00f9 di 500 abitanti della provincia di Arezzo. \u00c8 diventato Commendatore dell\u2019Ordine al Merito della Repubblica Italiana \u00abper lo straordinario esempio di generosit\u00e0 e solidariet\u00e0 che lo ha visto ogni giorno accompagnare a scuola un bambino non vedente altrimenti impossibilitato a frequentarla\u00bb.<\/p>\n<p>Pensionato, vive in una zona montana, nella piccola frazione della Consuma, nel comune di Montemignaio. <strong>Tutte le mattine accompagna e riprende da scuola Xhafer, un bambino macedone di 7 anni e non vedente dalla nascita che vive con la famiglia in una casa vicina.<\/strong> Il padre di Xhafer lavora come taglialegna e gi\u00e0 dall\u2019alba \u00e8 nei boschi, la madre non ha la patente. Lo scuolabus non \u00e8 utilizzabile senza una specifica assistenza che al momento non \u00e8 stato ancora possibile predisporre. La scuola \u00e8 a Pelago, e per Romano sono 60 chilometri al giorno di curve e tornanti tra gli abeti.<\/p>\n<p><strong>Ufficiale dell\u2019Ordine al Merito della Repubblica Italiana \u00e8 anche Massimo Pieraccini, fiorentino di 56 anni<\/strong>, \u00abper il suo encomiabile contributo, la cura e la costanza con cui da anni \u00e8 impegnato nelle delicate attivit\u00e0 di trasporto urgente connesse a donazione e trapianto di organi\u00bb.<\/p>\n<p><strong>Dal 1993, Pieraccini \u00e8 il rappresentante legale del Nucleo Operativo di Protezione Civile di Firenze (Nopc)<\/strong>, associazione di volontariato da lui stesso fondata, che presta servizi in relazione al trasporto urgente di medici per prelievi d\u2019organo, campioni per tipizzazioni tissutali, plasma, midollo osseo e altri materiali biologici e sanitari, nonch\u00e9 farmaci salvavita e pazienti trapiantandi.<\/p>\n<p><strong>\u00c8 un \u201cangelo dei trapianti\u201d.<\/strong> Il Nopc effettua infatti, con i suoi volontari, circa 500 viaggi all\u2019anno. I volontari sono circa 70 tra giovani e pensionati. Il Nopc si \u00e8 occupato del trasferimento del piccolo Alex (il bambino affetto da una grave patologia genetica per cui c\u2019\u00e8 stata una grande mobilitazione alla ricerca di un donatore compatibile) da Londra al Bambino Ges\u00f9 di Roma nel novembre 2018. Nell\u2019ottobre 2018 il Nopc ha raggiunto il traguardo delle 10mila vite salvate in 25 anni di attivit\u00e0.<\/p>\n","protected":false},"excerpt":{"rendered":"<p>Romolo \u00e8 un pensionato che accompagna a scuola un bimbo cieco, Massimo \u00e8 invece stato battezzato &#8216;angelo dei trapianti&#8217;. Due storie di solidariet\u00e0 premiate dal Presidente della Repubblica<\/p>\n","protected":false},"author":525,"featured_media":102390,"comment_status":"open","ping_status":"open","sticky":false,"template":"","format":"standard","meta":{"_acf_changed":false,"footnotes":""},"categories":[494,7],"tags":[356,416],"class_list":["post-64926","post","type-post","status-publish","format-standard","has-post-thumbnail","hentry","category-attualita","category-societa","tag-solidarieta","tag-volontariato"],"acf":[],"yoast_head":"<!-- This site is optimized with the Yoast SEO Premium plugin v24.2 (Yoast SEO v25.6) - https:\/\/yoast.com\/wordpress\/plugins\/seo\/ -->\n<title>Mattarella premia l&#039;impegno civico di due &#039;straordinari&#039; toscani - intoscana<\/title>\n<meta name=\"robots\" content=\"index, follow, max-snippet:-1, max-image-preview:large, max-video-preview:-1\" \/>\n<link rel=\"canonical\" href=\"https:\/\/www.intoscana.it\/it\/mattarella-premia-toscani\/\" \/>\n<meta property=\"og:locale\" content=\"it_IT\" \/>\n<meta property=\"og:type\" content=\"article\" \/>\n<meta property=\"og:title\" content=\"Mattarella premia l&#039;impegno civico di due &#039;straordinari&#039; toscani\" \/>\n<meta property=\"og:description\" content=\"Romolo \u00e8 un pensionato che accompagna a scuola un bimbo cieco, Massimo \u00e8 invece stato battezzato &#039;angelo dei trapianti&#039;. Due storie di solidariet\u00e0 premiate dal Presidente della Repubblica\" \/>\n<meta property=\"og:url\" content=\"https:\/\/www.intoscana.it\/it\/mattarella-premia-toscani\/\" \/>\n<meta property=\"og:site_name\" content=\"intoscana\" \/>\n<meta property=\"article:publisher\" content=\"https:\/\/www.facebook.com\/intoscana.it\" \/>\n<meta property=\"article:published_time\" content=\"2019-12-20T15:04:09+00:00\" \/>\n<meta property=\"article:modified_time\" content=\"2020-05-19T14:02:12+00:00\" \/>\n<meta property=\"og:image\" content=\"https:\/\/www.intoscana.it\/wp-content\/uploads\/sergio-mattarella.jpg\" \/>\n\t<meta property=\"og:image:width\" content=\"800\" \/>\n\t<meta property=\"og:image:height\" content=\"533\" \/>\n\t<meta property=\"og:image:type\" content=\"image\/jpeg\" \/>\n<meta name=\"author\" content=\"Redazione\" \/>\n<meta name=\"twitter:card\" content=\"summary_large_image\" \/>\n<meta name=\"twitter:creator\" content=\"@intoscana\" \/>\n<meta name=\"twitter:site\" content=\"@intoscana\" \/>\n<meta name=\"twitter:label1\" content=\"Written by\" \/>\n\t<meta name=\"twitter:data1\" content=\"Redazione\" \/>\n\t<meta name=\"twitter:label2\" content=\"Est. reading time\" \/>\n\t<meta name=\"twitter:data2\" content=\"2 minuti\" \/>\n<script type=\"application\/ld+json\" class=\"yoast-schema-graph\">{\"@context\":\"https:\/\/schema.org\",\"@graph\":[{\"@type\":\"WebPage\",\"@id\":\"https:\/\/www.intoscana.it\/it\/mattarella-premia-toscani\/\",\"url\":\"https:\/\/www.intoscana.it\/it\/mattarella-premia-toscani\/\",\"name\":\"Mattarella premia l'impegno civico di due 'straordinari' toscani - intoscana\",\"isPartOf\":{\"@id\":\"https:\/\/www.intoscana.it\/it\/#website\"},\"primaryImageOfPage\":{\"@id\":\"https:\/\/www.intoscana.it\/it\/mattarella-premia-toscani\/#primaryimage\"},\"image\":{\"@id\":\"https:\/\/www.intoscana.it\/it\/mattarella-premia-toscani\/#primaryimage\"},\"thumbnailUrl\":\"https:\/\/www.intoscana.it\/wp-content\/uploads\/sergio-mattarella.jpg\",\"datePublished\":\"2019-12-20T15:04:09+00:00\",\"dateModified\":\"2020-05-19T14:02:12+00:00\",\"author\":{\"@id\":\"https:\/\/www.intoscana.it\/it\/#\/schema\/person\/9223810753230f20bd670fdd322661f8\"},\"breadcrumb\":{\"@id\":\"https:\/\/www.intoscana.it\/it\/mattarella-premia-toscani\/#breadcrumb\"},\"inLanguage\":\"it-IT\",\"potentialAction\":[{\"@type\":\"ReadAction\",\"target\":[\"https:\/\/www.intoscana.it\/it\/mattarella-premia-toscani\/\"]}]},{\"@type\":\"ImageObject\",\"inLanguage\":\"it-IT\",\"@id\":\"https:\/\/www.intoscana.it\/it\/mattarella-premia-toscani\/#primaryimage\",\"url\":\"https:\/\/www.intoscana.it\/wp-content\/uploads\/sergio-mattarella.jpg\",\"contentUrl\":\"https:\/\/www.intoscana.it\/wp-content\/uploads\/sergio-mattarella.jpg\",\"width\":800,\"height\":533,\"caption\":\"Sergio Mattarella\"},{\"@type\":\"BreadcrumbList\",\"@id\":\"https:\/\/www.intoscana.it\/it\/mattarella-premia-toscani\/#breadcrumb\",\"itemListElement\":[{\"@type\":\"ListItem\",\"position\":1,\"name\":\"Home\",\"item\":\"https:\/\/www.intoscana.it\/it\/\"},{\"@type\":\"ListItem\",\"position\":2,\"name\":\"Mattarella premia l&#8217;impegno civico di due &#8216;straordinari&#8217; toscani\"}]},{\"@type\":\"WebSite\",\"@id\":\"https:\/\/www.intoscana.it\/it\/#website\",\"url\":\"https:\/\/www.intoscana.it\/it\/\",\"name\":\"intoscana\",\"description\":\"\",\"potentialAction\":[{\"@type\":\"SearchAction\",\"target\":{\"@type\":\"EntryPoint\",\"urlTemplate\":\"https:\/\/www.intoscana.it\/it\/?s={search_term_string}\"},\"query-input\":{\"@type\":\"PropertyValueSpecification\",\"valueRequired\":true,\"valueName\":\"search_term_string\"}}],\"inLanguage\":\"it-IT\"},{\"@type\":\"Person\",\"@id\":\"https:\/\/www.intoscana.it\/it\/#\/schema\/person\/9223810753230f20bd670fdd322661f8\",\"name\":\"Redazione\",\"url\":\"https:\/\/www.intoscana.it\/it\/author\/redazione\/\"}]}<\/script>\n<!-- \/ Yoast SEO Premium plugin. -->","yoast_head_json":{"title":"Mattarella premia l'impegno civico di due 'straordinari' toscani - intoscana","robots":{"index":"index","follow":"follow","max-snippet":"max-snippet:-1","max-image-preview":"max-image-preview:large","max-video-preview":"max-video-preview:-1"},"canonical":"https:\/\/www.intoscana.it\/it\/mattarella-premia-toscani\/","og_locale":"it_IT","og_type":"article","og_title":"Mattarella premia l'impegno civico di due 'straordinari' toscani","og_description":"Romolo \u00e8 un pensionato che accompagna a scuola un bimbo cieco, Massimo \u00e8 invece stato battezzato 'angelo dei trapianti'. Due storie di solidariet\u00e0 premiate dal Presidente della Repubblica","og_url":"https:\/\/www.intoscana.it\/it\/mattarella-premia-toscani\/","og_site_name":"intoscana","article_publisher":"https:\/\/www.facebook.com\/intoscana.it","article_published_time":"2019-12-20T15:04:09+00:00","article_modified_time":"2020-05-19T14:02:12+00:00","og_image":[{"width":800,"height":533,"url":"https:\/\/www.intoscana.it\/wp-content\/uploads\/sergio-mattarella.jpg","type":"image\/jpeg"}],"author":"Redazione","twitter_card":"summary_large_image","twitter_creator":"@intoscana","twitter_site":"@intoscana","twitter_misc":{"Written by":"Redazione","Est. reading time":"2 minuti"},"schema":{"@context":"https:\/\/schema.org","@graph":[{"@type":"WebPage","@id":"https:\/\/www.intoscana.it\/it\/mattarella-premia-toscani\/","url":"https:\/\/www.intoscana.it\/it\/mattarella-premia-toscani\/","name":"Mattarella premia l'impegno civico di due 'straordinari' toscani - intoscana","isPartOf":{"@id":"https:\/\/www.intoscana.it\/it\/#website"},"primaryImageOfPage":{"@id":"https:\/\/www.intoscana.it\/it\/mattarella-premia-toscani\/#primaryimage"},"image":{"@id":"https:\/\/www.intoscana.it\/it\/mattarella-premia-toscani\/#primaryimage"},"thumbnailUrl":"https:\/\/www.intoscana.it\/wp-content\/uploads\/sergio-mattarella.jpg","datePublished":"2019-12-20T15:04:09+00:00","dateModified":"2020-05-19T14:02:12+00:00","author":{"@id":"https:\/\/www.intoscana.it\/it\/#\/schema\/person\/9223810753230f20bd670fdd322661f8"},"breadcrumb":{"@id":"https:\/\/www.intoscana.it\/it\/mattarella-premia-toscani\/#breadcrumb"},"inLanguage":"it-IT","potentialAction":[{"@type":"ReadAction","target":["https:\/\/www.intoscana.it\/it\/mattarella-premia-toscani\/"]}]},{"@type":"ImageObject","inLanguage":"it-IT","@id":"https:\/\/www.intoscana.it\/it\/mattarella-premia-toscani\/#primaryimage","url":"https:\/\/www.intoscana.it\/wp-content\/uploads\/sergio-mattarella.jpg","contentUrl":"https:\/\/www.intoscana.it\/wp-content\/uploads\/sergio-mattarella.jpg","width":800,"height":533,"caption":"Sergio Mattarella"},{"@type":"BreadcrumbList","@id":"https:\/\/www.intoscana.it\/it\/mattarella-premia-toscani\/#breadcrumb","itemListElement":[{"@type":"ListItem","position":1,"name":"Home","item":"https:\/\/www.intoscana.it\/it\/"},{"@type":"ListItem","position":2,"name":"Mattarella premia l&#8217;impegno civico di due &#8216;straordinari&#8217; toscani"}]},{"@type":"WebSite","@id":"https:\/\/www.intoscana.it\/it\/#website","url":"https:\/\/www.intoscana.it\/it\/","name":"intoscana","description":"","potentialAction":[{"@type":"SearchAction","target":{"@type":"EntryPoint","urlTemplate":"https:\/\/www.intoscana.it\/it\/?s={search_term_string}"},"query-input":{"@type":"PropertyValueSpecification","valueRequired":true,"valueName":"search_term_string"}}],"inLanguage":"it-IT"},{"@type":"Person","@id":"https:\/\/www.intoscana.it\/it\/#\/schema\/person\/9223810753230f20bd670fdd322661f8","name":"Redazione","url":"https:\/\/www.intoscana.it\/it\/author\/redazione\/"}]}},"_links":{"self":[{"href":"https:\/\/www.intoscana.it\/it\/wp-json\/wp\/v2\/posts\/64926","targetHints":{"allow":["GET"]}}],"collection":[{"href":"https:\/\/www.intoscana.it\/it\/wp-json\/wp\/v2\/posts"}],"about":[{"href":"https:\/\/www.intoscana.it\/it\/wp-json\/wp\/v2\/types\/post"}],"author":[{"embeddable":true,"href":"https:\/\/www.intoscana.it\/it\/wp-json\/wp\/v2\/users\/525"}],"replies":[{"embeddable":true,"href":"https:\/\/www.intoscana.it\/it\/wp-json\/wp\/v2\/comments?post=64926"}],"version-history":[{"count":0,"href":"https:\/\/www.intoscana.it\/it\/wp-json\/wp\/v2\/posts\/64926\/revisions"}],"wp:featuredmedia":[{"embeddable":true,"href":"https:\/\/www.intoscana.it\/it\/wp-json\/wp\/v2\/media\/102390"}],"wp:attachment":[{"href":"https:\/\/www.intoscana.it\/it\/wp-json\/wp\/v2\/media?parent=64926"}],"wp:term":[{"taxonomy":"category","embeddable":true,"href":"https:\/\/www.intoscana.it\/it\/wp-json\/wp\/v2\/categories?post=64926"},{"taxonomy":"post_tag","embeddable":true,"href":"https:\/\/www.intoscana.it\/it\/wp-json\/wp\/v2\/tags?post=64926"}],"curies":[{"name":"wp","href":"https:\/\/api.w.org\/{rel}","templated":true}]}}