{"id":64930,"date":"2019-12-13T14:48:26","date_gmt":"2019-12-13T14:48:26","guid":{"rendered":"http:\/\/www.intoscana.it\/terremoto-mugello-ancora-sciame-sismico-sono-120-gli-sfollati\/"},"modified":"2020-05-19T16:02:14","modified_gmt":"2020-05-19T14:02:14","slug":"terremoto-mugello-120-sfollati","status":"publish","type":"post","link":"https:\/\/www.intoscana.it\/it\/terremoto-mugello-120-sfollati\/","title":{"rendered":"Terremoto Mugello: ancora sciame sismico, sono 120 gli sfollati"},"content":{"rendered":"<p><strong>Continua a tremare la terra in Mugello dove lo sciame sismico non si \u00e8 mai interrotto in questi giorni:<\/strong> dalla mezzanotte di ieri si sono gi\u00e0 verificate 20 scosse con epicentro Barberino. Due le pi\u00f9 forti, registrate alle 2:53 e alle 4:32, che hanno raggiunto una magnitudo di 2.1. <br \/>Intanto per\u00f2 \u00e8 diminuito il numero degli sfollati che dormonno nei centri di ospitalit\u00e0 allestiti per gli abitanti nei comuni di Barberino, Borgo San Lorenzo e Scarperia San Piero: <strong>ieri notte sono state accolte 120 persone,<\/strong> 37 delle quali nei locali dell&#8217;Autodromo di Scarperia secondo qunto riferisce la protezione civile della Citt\u00e0 Metropolitana di Firenze. Il dato appare in calo. Nella notte di luned\u00ec complessivamente gli ospiti dei ricoveri sono stati 473, la notte del 10 dicembre 314, nella notte successiva 282, quindi 120.<\/p>\n<p>A questo punto, informa la protezione civile, alle persone che temporaneamente non potranno rientrare nella propria abitazione saranno proposte <strong>sistemazioni alternative in alberghi e strutture ricettive per le quali la Citt\u00e0 Metropolitana ha preso contatti anche con i comuni della Piana di Firenze.<\/strong> &#8220;Ricordiamo &#8211; raccomanda Massimo Fratini, consigliere delegato della Protezione civile della Citt\u00e0 Metropolitana &#8211; di verificare sempre che la fonte delle informazioni che circolano in questi giorni, diffuse attraverso i pi\u00f9 svariati canali social o gruppi whatsapp, provenga sempre da canali ufficiali ed istituzionali&#8221;.<\/p>\n<p><strong>Ieri a Barberino, la localit\u00e0 pi\u00f9 colpita dal terremoto, ha aperto uno sportello informativo<\/strong> in cui personale del Comune dar\u00e0 informazioni ai cittadini per ogni esigenza scaturita a causa del sisma. Le postazioni saranno allestite all&#8217;interno dell&#8217;unit\u00e0 mobile della Protezione Civile della Citt\u00e0 Metropolitana posizionato in piazza Cavour. Lo sportello sar\u00e0 aperto in un primo periodo da luned\u00ec alla domenica in orario 8.30-13 e 14-20. A breve saranno installate anche delle &#8216;bacheche Infopoint&#8217;: una a Barberino in prossimit\u00e0 dell&#8217;Unit\u00e0 Mobile in piazza Cavour e una nella frazione di Galliano, paesino dell&#8217;epicentro, in cui i cittadini troveranno &#8220;tutte le informazioni ufficiali diramate dal Comune&#8221;.<\/p>\n","protected":false},"excerpt":{"rendered":"<p>Ieri notte si sono verificate altre scosse con epicentro Barberino ma \u00e8 sceso il numero di chi dorme nei centri di ospitalit\u00e0<\/p>\n","protected":false},"author":525,"featured_media":102394,"comment_status":"open","ping_status":"open","sticky":false,"template":"","format":"standard","meta":{"_acf_changed":false,"footnotes":""},"categories":[494,7],"tags":[375],"class_list":["post-64930","post","type-post","status-publish","format-standard","has-post-thumbnail","hentry","category-attualita","category-societa","tag-mugello"],"acf":[],"yoast_head":"<!-- This site is optimized with the Yoast SEO Premium plugin v24.2 (Yoast SEO v25.6) - https:\/\/yoast.com\/wordpress\/plugins\/seo\/ -->\n<title>Terremoto Mugello: ancora sciame sismico, sono 120 gli sfollati - intoscana<\/title>\n<meta name=\"robots\" content=\"index, follow, max-snippet:-1, max-image-preview:large, max-video-preview:-1\" \/>\n<link rel=\"canonical\" href=\"https:\/\/www.intoscana.it\/it\/terremoto-mugello-120-sfollati\/\" \/>\n<meta property=\"og:locale\" content=\"it_IT\" \/>\n<meta property=\"og:type\" content=\"article\" \/>\n<meta property=\"og:title\" content=\"Terremoto Mugello: ancora sciame sismico, sono 120 gli sfollati\" \/>\n<meta property=\"og:description\" content=\"Ieri notte si sono verificate altre scosse con epicentro Barberino ma \u00e8 sceso il numero di chi dorme nei centri di ospitalit\u00e0\" \/>\n<meta property=\"og:url\" content=\"https:\/\/www.intoscana.it\/it\/terremoto-mugello-120-sfollati\/\" \/>\n<meta property=\"og:site_name\" content=\"intoscana\" \/>\n<meta property=\"article:publisher\" content=\"https:\/\/www.facebook.com\/intoscana.it\" \/>\n<meta property=\"article:published_time\" content=\"2019-12-13T14:48:26+00:00\" \/>\n<meta property=\"article:modified_time\" content=\"2020-05-19T14:02:14+00:00\" \/>\n<meta property=\"og:image\" content=\"https:\/\/www.intoscana.it\/wp-content\/uploads\/terremoto-mugello-barberino-2.jpg\" \/>\n\t<meta property=\"og:image:width\" content=\"910\" \/>\n\t<meta property=\"og:image:height\" content=\"685\" \/>\n\t<meta property=\"og:image:type\" content=\"image\/jpeg\" \/>\n<meta name=\"author\" content=\"Redazione\" \/>\n<meta name=\"twitter:card\" content=\"summary_large_image\" \/>\n<meta name=\"twitter:creator\" content=\"@intoscana\" \/>\n<meta name=\"twitter:site\" content=\"@intoscana\" \/>\n<meta name=\"twitter:label1\" content=\"Written by\" \/>\n\t<meta name=\"twitter:data1\" content=\"Redazione\" \/>\n\t<meta name=\"twitter:label2\" content=\"Est. reading time\" \/>\n\t<meta name=\"twitter:data2\" content=\"2 minuti\" \/>\n<script type=\"application\/ld+json\" class=\"yoast-schema-graph\">{\"@context\":\"https:\/\/schema.org\",\"@graph\":[{\"@type\":\"WebPage\",\"@id\":\"https:\/\/www.intoscana.it\/it\/terremoto-mugello-120-sfollati\/\",\"url\":\"https:\/\/www.intoscana.it\/it\/terremoto-mugello-120-sfollati\/\",\"name\":\"Terremoto Mugello: ancora sciame sismico, sono 120 gli sfollati - intoscana\",\"isPartOf\":{\"@id\":\"https:\/\/www.intoscana.it\/it\/#website\"},\"primaryImageOfPage\":{\"@id\":\"https:\/\/www.intoscana.it\/it\/terremoto-mugello-120-sfollati\/#primaryimage\"},\"image\":{\"@id\":\"https:\/\/www.intoscana.it\/it\/terremoto-mugello-120-sfollati\/#primaryimage\"},\"thumbnailUrl\":\"https:\/\/www.intoscana.it\/wp-content\/uploads\/terremoto-mugello-barberino-2.jpg\",\"datePublished\":\"2019-12-13T14:48:26+00:00\",\"dateModified\":\"2020-05-19T14:02:14+00:00\",\"author\":{\"@id\":\"https:\/\/www.intoscana.it\/it\/#\/schema\/person\/9223810753230f20bd670fdd322661f8\"},\"breadcrumb\":{\"@id\":\"https:\/\/www.intoscana.it\/it\/terremoto-mugello-120-sfollati\/#breadcrumb\"},\"inLanguage\":\"it-IT\",\"potentialAction\":[{\"@type\":\"ReadAction\",\"target\":[\"https:\/\/www.intoscana.it\/it\/terremoto-mugello-120-sfollati\/\"]}]},{\"@type\":\"ImageObject\",\"inLanguage\":\"it-IT\",\"@id\":\"https:\/\/www.intoscana.it\/it\/terremoto-mugello-120-sfollati\/#primaryimage\",\"url\":\"https:\/\/www.intoscana.it\/wp-content\/uploads\/terremoto-mugello-barberino-2.jpg\",\"contentUrl\":\"https:\/\/www.intoscana.it\/wp-content\/uploads\/terremoto-mugello-barberino-2.jpg\",\"width\":910,\"height\":685},{\"@type\":\"BreadcrumbList\",\"@id\":\"https:\/\/www.intoscana.it\/it\/terremoto-mugello-120-sfollati\/#breadcrumb\",\"itemListElement\":[{\"@type\":\"ListItem\",\"position\":1,\"name\":\"Home\",\"item\":\"https:\/\/www.intoscana.it\/it\/\"},{\"@type\":\"ListItem\",\"position\":2,\"name\":\"Terremoto Mugello: ancora sciame sismico, sono 120 gli sfollati\"}]},{\"@type\":\"WebSite\",\"@id\":\"https:\/\/www.intoscana.it\/it\/#website\",\"url\":\"https:\/\/www.intoscana.it\/it\/\",\"name\":\"intoscana\",\"description\":\"\",\"potentialAction\":[{\"@type\":\"SearchAction\",\"target\":{\"@type\":\"EntryPoint\",\"urlTemplate\":\"https:\/\/www.intoscana.it\/it\/?s={search_term_string}\"},\"query-input\":{\"@type\":\"PropertyValueSpecification\",\"valueRequired\":true,\"valueName\":\"search_term_string\"}}],\"inLanguage\":\"it-IT\"},{\"@type\":\"Person\",\"@id\":\"https:\/\/www.intoscana.it\/it\/#\/schema\/person\/9223810753230f20bd670fdd322661f8\",\"name\":\"Redazione\",\"url\":\"https:\/\/www.intoscana.it\/it\/author\/redazione\/\"}]}<\/script>\n<!-- \/ Yoast SEO Premium plugin. -->","yoast_head_json":{"title":"Terremoto Mugello: ancora sciame sismico, sono 120 gli sfollati - intoscana","robots":{"index":"index","follow":"follow","max-snippet":"max-snippet:-1","max-image-preview":"max-image-preview:large","max-video-preview":"max-video-preview:-1"},"canonical":"https:\/\/www.intoscana.it\/it\/terremoto-mugello-120-sfollati\/","og_locale":"it_IT","og_type":"article","og_title":"Terremoto Mugello: ancora sciame sismico, sono 120 gli sfollati","og_description":"Ieri notte si sono verificate altre scosse con epicentro Barberino ma \u00e8 sceso il numero di chi dorme nei centri di ospitalit\u00e0","og_url":"https:\/\/www.intoscana.it\/it\/terremoto-mugello-120-sfollati\/","og_site_name":"intoscana","article_publisher":"https:\/\/www.facebook.com\/intoscana.it","article_published_time":"2019-12-13T14:48:26+00:00","article_modified_time":"2020-05-19T14:02:14+00:00","og_image":[{"width":910,"height":685,"url":"https:\/\/www.intoscana.it\/wp-content\/uploads\/terremoto-mugello-barberino-2.jpg","type":"image\/jpeg"}],"author":"Redazione","twitter_card":"summary_large_image","twitter_creator":"@intoscana","twitter_site":"@intoscana","twitter_misc":{"Written by":"Redazione","Est. reading time":"2 minuti"},"schema":{"@context":"https:\/\/schema.org","@graph":[{"@type":"WebPage","@id":"https:\/\/www.intoscana.it\/it\/terremoto-mugello-120-sfollati\/","url":"https:\/\/www.intoscana.it\/it\/terremoto-mugello-120-sfollati\/","name":"Terremoto Mugello: ancora sciame sismico, sono 120 gli sfollati - intoscana","isPartOf":{"@id":"https:\/\/www.intoscana.it\/it\/#website"},"primaryImageOfPage":{"@id":"https:\/\/www.intoscana.it\/it\/terremoto-mugello-120-sfollati\/#primaryimage"},"image":{"@id":"https:\/\/www.intoscana.it\/it\/terremoto-mugello-120-sfollati\/#primaryimage"},"thumbnailUrl":"https:\/\/www.intoscana.it\/wp-content\/uploads\/terremoto-mugello-barberino-2.jpg","datePublished":"2019-12-13T14:48:26+00:00","dateModified":"2020-05-19T14:02:14+00:00","author":{"@id":"https:\/\/www.intoscana.it\/it\/#\/schema\/person\/9223810753230f20bd670fdd322661f8"},"breadcrumb":{"@id":"https:\/\/www.intoscana.it\/it\/terremoto-mugello-120-sfollati\/#breadcrumb"},"inLanguage":"it-IT","potentialAction":[{"@type":"ReadAction","target":["https:\/\/www.intoscana.it\/it\/terremoto-mugello-120-sfollati\/"]}]},{"@type":"ImageObject","inLanguage":"it-IT","@id":"https:\/\/www.intoscana.it\/it\/terremoto-mugello-120-sfollati\/#primaryimage","url":"https:\/\/www.intoscana.it\/wp-content\/uploads\/terremoto-mugello-barberino-2.jpg","contentUrl":"https:\/\/www.intoscana.it\/wp-content\/uploads\/terremoto-mugello-barberino-2.jpg","width":910,"height":685},{"@type":"BreadcrumbList","@id":"https:\/\/www.intoscana.it\/it\/terremoto-mugello-120-sfollati\/#breadcrumb","itemListElement":[{"@type":"ListItem","position":1,"name":"Home","item":"https:\/\/www.intoscana.it\/it\/"},{"@type":"ListItem","position":2,"name":"Terremoto Mugello: ancora sciame sismico, sono 120 gli sfollati"}]},{"@type":"WebSite","@id":"https:\/\/www.intoscana.it\/it\/#website","url":"https:\/\/www.intoscana.it\/it\/","name":"intoscana","description":"","potentialAction":[{"@type":"SearchAction","target":{"@type":"EntryPoint","urlTemplate":"https:\/\/www.intoscana.it\/it\/?s={search_term_string}"},"query-input":{"@type":"PropertyValueSpecification","valueRequired":true,"valueName":"search_term_string"}}],"inLanguage":"it-IT"},{"@type":"Person","@id":"https:\/\/www.intoscana.it\/it\/#\/schema\/person\/9223810753230f20bd670fdd322661f8","name":"Redazione","url":"https:\/\/www.intoscana.it\/it\/author\/redazione\/"}]}},"_links":{"self":[{"href":"https:\/\/www.intoscana.it\/it\/wp-json\/wp\/v2\/posts\/64930","targetHints":{"allow":["GET"]}}],"collection":[{"href":"https:\/\/www.intoscana.it\/it\/wp-json\/wp\/v2\/posts"}],"about":[{"href":"https:\/\/www.intoscana.it\/it\/wp-json\/wp\/v2\/types\/post"}],"author":[{"embeddable":true,"href":"https:\/\/www.intoscana.it\/it\/wp-json\/wp\/v2\/users\/525"}],"replies":[{"embeddable":true,"href":"https:\/\/www.intoscana.it\/it\/wp-json\/wp\/v2\/comments?post=64930"}],"version-history":[{"count":0,"href":"https:\/\/www.intoscana.it\/it\/wp-json\/wp\/v2\/posts\/64930\/revisions"}],"wp:featuredmedia":[{"embeddable":true,"href":"https:\/\/www.intoscana.it\/it\/wp-json\/wp\/v2\/media\/102394"}],"wp:attachment":[{"href":"https:\/\/www.intoscana.it\/it\/wp-json\/wp\/v2\/media?parent=64930"}],"wp:term":[{"taxonomy":"category","embeddable":true,"href":"https:\/\/www.intoscana.it\/it\/wp-json\/wp\/v2\/categories?post=64930"},{"taxonomy":"post_tag","embeddable":true,"href":"https:\/\/www.intoscana.it\/it\/wp-json\/wp\/v2\/tags?post=64930"}],"curies":[{"name":"wp","href":"https:\/\/api.w.org\/{rel}","templated":true}]}}