{"id":64960,"date":"2019-02-09T08:50:10","date_gmt":"2019-02-09T08:50:10","guid":{"rendered":"http:\/\/www.intoscana.it\/sfida-di-like-per-illuminare-firenze-il-concorso-di-radio-firenze-e-silfi\/"},"modified":"2020-05-18T09:44:22","modified_gmt":"2020-05-18T07:44:22","slug":"sfida-di-like-per-illuminare-firenze-il-concorso-di-radio-firenze-e-silfi","status":"publish","type":"post","link":"https:\/\/www.intoscana.it\/it\/sfida-di-like-per-illuminare-firenze-il-concorso-di-radio-firenze-e-silfi\/","title":{"rendered":"Sfida di like per illuminare Firenze: il concorso di Radio Firenze e Silfi"},"content":{"rendered":"<p><strong>Le emozioni oltre ad accendere la vita, ora accendono anche i lampioni.<\/strong> In particolare, i lampioni di Firenze. L&#8217;idea \u00e8 venuta a <strong>Radio Firenze 95.4 e a Silfi spa,<\/strong> l&#8217;azienda che gestisce l&#8217;illuminazione cittadina. Fino a giugno, gli ascoltatori dell&#8217;emittente radiofonica potranno vincere <strong>un premio speciale: la possibilit\u00e0 di accendere, semplicemente girando una chiave, le 47mila lampade<\/strong> che ogni sera, con una potenza totale di <strong>5.500 Kilowatt<\/strong>, tengono lontano il buio da piazze e strade di Firenze.<\/p>\n<p> <strong>Partecipare \u00e8 semplice:<\/strong> <strong>basta inviare, con un whatsapp al 3929 954 954, le strofe pi\u00f9 emozionanti delle proprie canzoni preferite.<\/strong> Le frasi saranno pubblicate sulla pagina Facebook di Radio Firenze per essere votate dagli altri ascoltatori. <strong>Chi ricever\u00e0 pi\u00f9 like sar\u00e0 il vincitore del gioco e potr\u00e0 recarsi nella sede di Silfi per svolgere il fondamentale compito di illuminare Firenze.<\/strong> Ogni mese saranno individuati 2 vincitori.<\/p>\n<p> \u201cCon questo gioco vogliamo offrire ai nostri ascoltatori <strong>un&#8217;occasione unica, quella di essere per una sera l&#8217;artefice dell&#8217;illuminazione della propria citt\u00e0&#8221;<\/strong> commenta Jonathan Mensi, direttore artistico di Radio Firenze. &#8220;<strong>\u00c8 un gesto simbolico, carico di significati e davvero emozionante\u201d.<\/strong><\/p>\n<p> <strong>Questi gli orari durante i quali sar\u00e0 possibile partecipare al gioco<\/strong>: 7.30, 11.30, 12.45, 14.30, 17.30, 19.15.<\/p>\n","protected":false},"excerpt":{"rendered":"<p>Per partecipare basta inviare un Whatsapp a Radio Firenze 95.4, con una frase della propria canzone del cuore, in palio la possibilit\u00e0 di girare la chiave che accende 46 mila lampioni<\/p>\n","protected":false},"author":525,"featured_media":102424,"comment_status":"open","ping_status":"open","sticky":false,"template":"","format":"standard","meta":{"_acf_changed":false,"footnotes":""},"categories":[494,7],"tags":[],"class_list":["post-64960","post","type-post","status-publish","format-standard","has-post-thumbnail","hentry","category-attualita","category-societa"],"acf":[],"yoast_head":"<!-- This site is optimized with the Yoast SEO Premium plugin v24.2 (Yoast SEO v25.6) - https:\/\/yoast.com\/wordpress\/plugins\/seo\/ -->\n<title>Sfida di like per illuminare Firenze: il concorso di Radio Firenze e Silfi - intoscana<\/title>\n<meta name=\"description\" content=\"Sfida a colpi di like per illuminare Firenze: il concorso di Radio Firenze e Silfi\" \/>\n<meta name=\"robots\" content=\"index, follow, max-snippet:-1, max-image-preview:large, max-video-preview:-1\" \/>\n<link rel=\"canonical\" href=\"https:\/\/www.intoscana.it\/it\/sfida-di-like-per-illuminare-firenze-il-concorso-di-radio-firenze-e-silfi\/\" \/>\n<meta property=\"og:locale\" content=\"it_IT\" \/>\n<meta property=\"og:type\" content=\"article\" \/>\n<meta property=\"og:title\" content=\"Sfida di like per illuminare Firenze: il concorso di Radio Firenze e Silfi\" \/>\n<meta property=\"og:description\" content=\"Sfida a colpi di like per illuminare Firenze: il concorso di Radio Firenze e Silfi\" \/>\n<meta property=\"og:url\" content=\"https:\/\/www.intoscana.it\/it\/sfida-di-like-per-illuminare-firenze-il-concorso-di-radio-firenze-e-silfi\/\" \/>\n<meta property=\"og:site_name\" content=\"intoscana\" \/>\n<meta property=\"article:publisher\" content=\"https:\/\/www.facebook.com\/intoscana.it\" \/>\n<meta property=\"article:published_time\" content=\"2019-02-09T08:50:10+00:00\" \/>\n<meta property=\"article:modified_time\" content=\"2020-05-18T07:44:22+00:00\" \/>\n<meta property=\"og:image\" content=\"https:\/\/www.intoscana.it\/wp-content\/uploads\/0926d-firenze.jpg\" \/>\n\t<meta property=\"og:image:width\" content=\"1024\" \/>\n\t<meta property=\"og:image:height\" content=\"683\" \/>\n\t<meta property=\"og:image:type\" content=\"image\/jpeg\" \/>\n<meta name=\"author\" content=\"Redazione\" \/>\n<meta name=\"twitter:card\" content=\"summary_large_image\" \/>\n<meta name=\"twitter:creator\" content=\"@intoscana\" \/>\n<meta name=\"twitter:site\" content=\"@intoscana\" \/>\n<meta name=\"twitter:label1\" content=\"Written by\" \/>\n\t<meta name=\"twitter:data1\" content=\"Redazione\" \/>\n\t<meta name=\"twitter:label2\" content=\"Est. reading time\" \/>\n\t<meta name=\"twitter:data2\" content=\"1 minuto\" \/>\n<script type=\"application\/ld+json\" class=\"yoast-schema-graph\">{\"@context\":\"https:\/\/schema.org\",\"@graph\":[{\"@type\":\"WebPage\",\"@id\":\"https:\/\/www.intoscana.it\/it\/sfida-di-like-per-illuminare-firenze-il-concorso-di-radio-firenze-e-silfi\/\",\"url\":\"https:\/\/www.intoscana.it\/it\/sfida-di-like-per-illuminare-firenze-il-concorso-di-radio-firenze-e-silfi\/\",\"name\":\"Sfida di like per illuminare Firenze: il concorso di Radio Firenze e Silfi - intoscana\",\"isPartOf\":{\"@id\":\"https:\/\/www.intoscana.it\/it\/#website\"},\"primaryImageOfPage\":{\"@id\":\"https:\/\/www.intoscana.it\/it\/sfida-di-like-per-illuminare-firenze-il-concorso-di-radio-firenze-e-silfi\/#primaryimage\"},\"image\":{\"@id\":\"https:\/\/www.intoscana.it\/it\/sfida-di-like-per-illuminare-firenze-il-concorso-di-radio-firenze-e-silfi\/#primaryimage\"},\"thumbnailUrl\":\"https:\/\/www.intoscana.it\/wp-content\/uploads\/0926d-firenze.jpg\",\"datePublished\":\"2019-02-09T08:50:10+00:00\",\"dateModified\":\"2020-05-18T07:44:22+00:00\",\"author\":{\"@id\":\"https:\/\/www.intoscana.it\/it\/#\/schema\/person\/9223810753230f20bd670fdd322661f8\"},\"description\":\"Sfida a colpi di like per illuminare Firenze: il concorso di Radio Firenze e Silfi\",\"breadcrumb\":{\"@id\":\"https:\/\/www.intoscana.it\/it\/sfida-di-like-per-illuminare-firenze-il-concorso-di-radio-firenze-e-silfi\/#breadcrumb\"},\"inLanguage\":\"it-IT\",\"potentialAction\":[{\"@type\":\"ReadAction\",\"target\":[\"https:\/\/www.intoscana.it\/it\/sfida-di-like-per-illuminare-firenze-il-concorso-di-radio-firenze-e-silfi\/\"]}]},{\"@type\":\"ImageObject\",\"inLanguage\":\"it-IT\",\"@id\":\"https:\/\/www.intoscana.it\/it\/sfida-di-like-per-illuminare-firenze-il-concorso-di-radio-firenze-e-silfi\/#primaryimage\",\"url\":\"https:\/\/www.intoscana.it\/wp-content\/uploads\/0926d-firenze.jpg\",\"contentUrl\":\"https:\/\/www.intoscana.it\/wp-content\/uploads\/0926d-firenze.jpg\",\"width\":1024,\"height\":683},{\"@type\":\"BreadcrumbList\",\"@id\":\"https:\/\/www.intoscana.it\/it\/sfida-di-like-per-illuminare-firenze-il-concorso-di-radio-firenze-e-silfi\/#breadcrumb\",\"itemListElement\":[{\"@type\":\"ListItem\",\"position\":1,\"name\":\"Home\",\"item\":\"https:\/\/www.intoscana.it\/it\/\"},{\"@type\":\"ListItem\",\"position\":2,\"name\":\"Sfida di like per illuminare Firenze: il concorso di Radio Firenze e Silfi\"}]},{\"@type\":\"WebSite\",\"@id\":\"https:\/\/www.intoscana.it\/it\/#website\",\"url\":\"https:\/\/www.intoscana.it\/it\/\",\"name\":\"intoscana\",\"description\":\"\",\"potentialAction\":[{\"@type\":\"SearchAction\",\"target\":{\"@type\":\"EntryPoint\",\"urlTemplate\":\"https:\/\/www.intoscana.it\/it\/?s={search_term_string}\"},\"query-input\":{\"@type\":\"PropertyValueSpecification\",\"valueRequired\":true,\"valueName\":\"search_term_string\"}}],\"inLanguage\":\"it-IT\"},{\"@type\":\"Person\",\"@id\":\"https:\/\/www.intoscana.it\/it\/#\/schema\/person\/9223810753230f20bd670fdd322661f8\",\"name\":\"Redazione\",\"url\":\"https:\/\/www.intoscana.it\/it\/author\/redazione\/\"}]}<\/script>\n<!-- \/ Yoast SEO Premium plugin. -->","yoast_head_json":{"title":"Sfida di like per illuminare Firenze: il concorso di Radio Firenze e Silfi - intoscana","description":"Sfida a colpi di like per illuminare Firenze: il concorso di Radio Firenze e Silfi","robots":{"index":"index","follow":"follow","max-snippet":"max-snippet:-1","max-image-preview":"max-image-preview:large","max-video-preview":"max-video-preview:-1"},"canonical":"https:\/\/www.intoscana.it\/it\/sfida-di-like-per-illuminare-firenze-il-concorso-di-radio-firenze-e-silfi\/","og_locale":"it_IT","og_type":"article","og_title":"Sfida di like per illuminare Firenze: il concorso di Radio Firenze e Silfi","og_description":"Sfida a colpi di like per illuminare Firenze: il concorso di Radio Firenze e Silfi","og_url":"https:\/\/www.intoscana.it\/it\/sfida-di-like-per-illuminare-firenze-il-concorso-di-radio-firenze-e-silfi\/","og_site_name":"intoscana","article_publisher":"https:\/\/www.facebook.com\/intoscana.it","article_published_time":"2019-02-09T08:50:10+00:00","article_modified_time":"2020-05-18T07:44:22+00:00","og_image":[{"width":1024,"height":683,"url":"https:\/\/www.intoscana.it\/wp-content\/uploads\/0926d-firenze.jpg","type":"image\/jpeg"}],"author":"Redazione","twitter_card":"summary_large_image","twitter_creator":"@intoscana","twitter_site":"@intoscana","twitter_misc":{"Written by":"Redazione","Est. reading time":"1 minuto"},"schema":{"@context":"https:\/\/schema.org","@graph":[{"@type":"WebPage","@id":"https:\/\/www.intoscana.it\/it\/sfida-di-like-per-illuminare-firenze-il-concorso-di-radio-firenze-e-silfi\/","url":"https:\/\/www.intoscana.it\/it\/sfida-di-like-per-illuminare-firenze-il-concorso-di-radio-firenze-e-silfi\/","name":"Sfida di like per illuminare Firenze: il concorso di Radio Firenze e Silfi - intoscana","isPartOf":{"@id":"https:\/\/www.intoscana.it\/it\/#website"},"primaryImageOfPage":{"@id":"https:\/\/www.intoscana.it\/it\/sfida-di-like-per-illuminare-firenze-il-concorso-di-radio-firenze-e-silfi\/#primaryimage"},"image":{"@id":"https:\/\/www.intoscana.it\/it\/sfida-di-like-per-illuminare-firenze-il-concorso-di-radio-firenze-e-silfi\/#primaryimage"},"thumbnailUrl":"https:\/\/www.intoscana.it\/wp-content\/uploads\/0926d-firenze.jpg","datePublished":"2019-02-09T08:50:10+00:00","dateModified":"2020-05-18T07:44:22+00:00","author":{"@id":"https:\/\/www.intoscana.it\/it\/#\/schema\/person\/9223810753230f20bd670fdd322661f8"},"description":"Sfida a colpi di like per illuminare Firenze: il concorso di Radio Firenze e Silfi","breadcrumb":{"@id":"https:\/\/www.intoscana.it\/it\/sfida-di-like-per-illuminare-firenze-il-concorso-di-radio-firenze-e-silfi\/#breadcrumb"},"inLanguage":"it-IT","potentialAction":[{"@type":"ReadAction","target":["https:\/\/www.intoscana.it\/it\/sfida-di-like-per-illuminare-firenze-il-concorso-di-radio-firenze-e-silfi\/"]}]},{"@type":"ImageObject","inLanguage":"it-IT","@id":"https:\/\/www.intoscana.it\/it\/sfida-di-like-per-illuminare-firenze-il-concorso-di-radio-firenze-e-silfi\/#primaryimage","url":"https:\/\/www.intoscana.it\/wp-content\/uploads\/0926d-firenze.jpg","contentUrl":"https:\/\/www.intoscana.it\/wp-content\/uploads\/0926d-firenze.jpg","width":1024,"height":683},{"@type":"BreadcrumbList","@id":"https:\/\/www.intoscana.it\/it\/sfida-di-like-per-illuminare-firenze-il-concorso-di-radio-firenze-e-silfi\/#breadcrumb","itemListElement":[{"@type":"ListItem","position":1,"name":"Home","item":"https:\/\/www.intoscana.it\/it\/"},{"@type":"ListItem","position":2,"name":"Sfida di like per illuminare Firenze: il concorso di Radio Firenze e Silfi"}]},{"@type":"WebSite","@id":"https:\/\/www.intoscana.it\/it\/#website","url":"https:\/\/www.intoscana.it\/it\/","name":"intoscana","description":"","potentialAction":[{"@type":"SearchAction","target":{"@type":"EntryPoint","urlTemplate":"https:\/\/www.intoscana.it\/it\/?s={search_term_string}"},"query-input":{"@type":"PropertyValueSpecification","valueRequired":true,"valueName":"search_term_string"}}],"inLanguage":"it-IT"},{"@type":"Person","@id":"https:\/\/www.intoscana.it\/it\/#\/schema\/person\/9223810753230f20bd670fdd322661f8","name":"Redazione","url":"https:\/\/www.intoscana.it\/it\/author\/redazione\/"}]}},"_links":{"self":[{"href":"https:\/\/www.intoscana.it\/it\/wp-json\/wp\/v2\/posts\/64960","targetHints":{"allow":["GET"]}}],"collection":[{"href":"https:\/\/www.intoscana.it\/it\/wp-json\/wp\/v2\/posts"}],"about":[{"href":"https:\/\/www.intoscana.it\/it\/wp-json\/wp\/v2\/types\/post"}],"author":[{"embeddable":true,"href":"https:\/\/www.intoscana.it\/it\/wp-json\/wp\/v2\/users\/525"}],"replies":[{"embeddable":true,"href":"https:\/\/www.intoscana.it\/it\/wp-json\/wp\/v2\/comments?post=64960"}],"version-history":[{"count":0,"href":"https:\/\/www.intoscana.it\/it\/wp-json\/wp\/v2\/posts\/64960\/revisions"}],"wp:featuredmedia":[{"embeddable":true,"href":"https:\/\/www.intoscana.it\/it\/wp-json\/wp\/v2\/media\/102424"}],"wp:attachment":[{"href":"https:\/\/www.intoscana.it\/it\/wp-json\/wp\/v2\/media?parent=64960"}],"wp:term":[{"taxonomy":"category","embeddable":true,"href":"https:\/\/www.intoscana.it\/it\/wp-json\/wp\/v2\/categories?post=64960"},{"taxonomy":"post_tag","embeddable":true,"href":"https:\/\/www.intoscana.it\/it\/wp-json\/wp\/v2\/tags?post=64960"}],"curies":[{"name":"wp","href":"https:\/\/api.w.org\/{rel}","templated":true}]}}