{"id":64989,"date":"2019-12-09T11:39:09","date_gmt":"2019-12-09T11:39:09","guid":{"rendered":"http:\/\/www.intoscana.it\/solidarieta-al-mugello-cittadini-e-istituzioni-vicini-ai-terremotati\/"},"modified":"2020-05-19T16:02:25","modified_gmt":"2020-05-19T14:02:25","slug":"solidarieta-terremoto-mugello","status":"publish","type":"post","link":"https:\/\/www.intoscana.it\/it\/solidarieta-terremoto-mugello\/","title":{"rendered":"Solidariet\u00e0 al Mugello, cittadini e istituzioni vicini ai terremotati"},"content":{"rendered":"<p><strong>Dopo il terremoto di magnitudo 4.5 che stanotte ha colpito il Mugello<\/strong> (pi\u00f9 di 40 le scosse registrate nelle ultime ore nella zona) <strong>si moltiplicano gli attestati di solidariet\u00e0<\/strong> verso la popolazione che, nonostante la grande paura, \u00e8 rimasta illesa. Diverso il destino di alcuni edifici (non solo il Municipio e la chiesa di Barberino, ma anche molte case private) lesionati dalla scossa pi\u00f9 forte.<\/p>\n<p>\u00abIn molti hanno dormito in macchina, ma tutto qui procede con ordine, coordinamento e chiarezza di cosa fare. Solidariet\u00e0 a tutta la popolazione del Mugello colpita dalla calamit\u00e0. Siamo qui per dare mano con tutti i mezzi utili della Regione Toscana\u00bb ha scritto su twitter il presidente del Consiglio regionale, <strong>Eugenio Giani<\/strong>.<\/p>\n<p>Gli fa eco il segretario del Pd, <strong>Nicola Zingaretti<\/strong>: \u00abVicini ai cittadini svegliati nella notte dal terremoto, ai sindaci e alla protezione civile, che ora si stanno occupando di loro per ritornare alla normalit\u00e0 il prima possibile\u00bb.<\/p>\n<p>Sul luogo sono arrivati anche il prefetto di Firenze, <strong>Laura Lega<\/strong>, e il cardinale <strong>Giuseppe Betori<\/strong>, arcivescovo di Firenze, che ha voluto portare la sua vicinanza ai sacerdoti delle parrocchie del territorio e rendersi conto di persona della situazione relativa a possibili conseguenze per gli edifici religiosi.<\/p>\n<p><strong>Hanno fatto sentire la loro voce anche Matteo Renzi e Matteo Salvini.<\/strong> Anche loro hanno utilizzato il canale di twitter, il social network pi\u00f9 efficace anche per comunicare con maggiore efficacia le informazioni di emergenza. \u00abUn abbraccio a tutti gli amici del Mugello che hanno lasciato le proprie case dopo il terremoto di stanotte. Anche a Firenze abbiamo avvertito il sisma, fortunatamente senza danni. Per le scosse di assestamento, invito tutti a seguire le indicazioni della Protezione Civile\u00bb, ha scritto il senatore fiorentino e leader di Italia Viva, <strong>Matteo Renzi<\/strong>.<\/p>\n<p>\u00abBuongiorno amici, terremoto al Mugello, un abbraccio di solidariet\u00e0 a chi si \u00e8 svegliato nel terrore e nell&#8217;angoscia. Per fortuna al momento non sembrano esserci danni a persone e cose\u00bb scrive invece il leader della Lega <strong>Matteo Salvini<\/strong>.<\/p>\n<p>Solidariet\u00e0 \u00e8 stata espressa anche dalla <strong>Societ\u00e0 Italiana Sistema 118<\/strong>, da <strong>&#8220;La Meta Sociale&#8221;<\/strong> (organo d&#8217;informazione dell\u2019Ugl e della Cisnal), dal deputato pentastellato <strong>Francesco D&#8217;Uva<\/strong> (\u00abMassima vicinanza ai cittadini dei territori colpiti dal terremoto nel Mugello e un ringraziamento a tutti i soccorritori in prima linea in queste ore. Mi auguro che l&#8217;emergenza rientri al pi\u00f9 presto\u00bb) e da decine e decine di cittadini, non solo toscani.<\/p>\n<p>Da Bruxelles ha parlato anche il ministro degli esteri, <strong>Luigi Di Maio<\/strong>: \u00abLasciatemi mandare tutta la solidariet\u00e0 e la vicinanza alla comunit\u00e0 del Mugello e delle zone limitrofe che stamattina si sono svegliati con una scossa di terremoto non indifferente. A loro va il mio abbraccio e nei prossimi giorni saremo impegnati su questi fronti\u00bb.<\/p>\n<p>Vicino alla popolazione anche il sindaco di Pistoia. \u00abLa mia vicinanza va ai territori che hanno avuto conseguenze\u00bb scrive su facebook <strong>Alessandro Tomasi<\/strong>. \u00abNoi da oltre un anno andiamo avanti sulle verifiche sismiche nelle scuole e sulla sicurezza degli edifici, un percorso lungo e complesso ma doveroso, di cui purtroppo in questo paese spesso ci si ricorda solo quando accadono le tragedie\u00bb.<\/p>\n<p>\u00abLa mia pi\u00f9 sentita vicinanza e quella delle Istituzioni ai cittadini del Mugello che hanno vissuto momenti di grande paura\u00bb scrive su twitter la vicepresidente della Camera, <strong>Maria Edera Spadoni<\/strong>. \u00abUn ringraziamento alla protezione civile e a tutti coloro che stanno contribuendo a far s\u00ec che l&#8217;emergenza rientri il prima possibile\u00bb.<\/p>\n<p>\u00abSono vicina alle persone che vivono nella zona dell&#8217;epicentro e a tutti gli abitanti del nostro Appennino che hanno distintamente avvertito la scossa\u00bb dice <strong>Anna Maria Bernini<\/strong>, presidente dei senatori di Forza Italia. \u00abUn grazie va, sempre, ai nostri meravigliosi vigili del fuoco, alla protezione civile, alle forze dell&#8217;ordine, ai volontari e a tutti coloro che si prodigano in queste ore concitate per ripristinare la normalit\u00e0\u00bb. <\/p>\n<p>E mentre, sempre su twitter, scrive anche il vicepresidente di Forza Italia <strong>Antonio Tajani<\/strong> (\u00abSono vicino ai cittadini della Toscana, in particolare del Mugello, che stanno vivendo momenti di ansia e preoccupazione per la scossa di terremoto di questa notte\u00bb) il supporto alla popolazione del Mugello arriva anche dai volontari cinesi di Prato. Nelle zone del sisma \u00e8 arrivato infatti un gruppo di volontari di <strong>&#8220;Ramunion Italia&#8221;<\/strong>, associazione sino-italiana con sede a Prato che si occupa di protezione civile, scambi culturali e sport. Si sono messi a disposizione dei soccorritori e hanno fatto visita alle abitazioni delle famiglie di origine cinese residenti nelle zone di San Piero a Sieve Scarperia. \u00abIn strada abbiamo incontrato molte persone impaurite\u00bb spiega <strong>Luca Zhou Long<\/strong>, presidente di Ramunion Italia. \u00abIl segretario della nostra associazione, Luigi Xienong Yu, si \u00e8 immediatamente messo in contatto con la Misericordia di Scarperia, per mettere a disposizione il nostro gruppo per un eventuale piano di soccorso. Insieme a loro siamo cos\u00ec partiti per un giro di ricognizione. A fianco degli uomini e le donne della Misericordia abbiamo visionato le strade, le facciate degli edifici e parlato con molte persone che si trovavano all&#8217;aperto in quei momenti\u00bb.<\/p>\n","protected":false},"excerpt":{"rendered":"<p>Si moltiplicano le dichiarazioni di vicinanza alla popolazione toscana colpita dal terremoto di magnitudo 4.5 che ha fatto tremare il Mugello. Da Renzi a Di Maio, da Salvini a Zingaretti fino a Maria Edera Spadoni<\/p>\n","protected":false},"author":525,"featured_media":102453,"comment_status":"open","ping_status":"open","sticky":false,"template":"","format":"standard","meta":{"_acf_changed":false,"footnotes":""},"categories":[494,7],"tags":[375],"class_list":["post-64989","post","type-post","status-publish","format-standard","has-post-thumbnail","hentry","category-attualita","category-societa","tag-mugello"],"acf":[],"yoast_head":"<!-- This site is optimized with the Yoast SEO Premium plugin v24.2 (Yoast SEO v25.6) - https:\/\/yoast.com\/wordpress\/plugins\/seo\/ -->\n<title>Solidariet\u00e0 al Mugello, cittadini e istituzioni vicini ai terremotati - intoscana<\/title>\n<meta name=\"robots\" content=\"index, follow, max-snippet:-1, max-image-preview:large, max-video-preview:-1\" \/>\n<link rel=\"canonical\" href=\"https:\/\/www.intoscana.it\/it\/solidarieta-terremoto-mugello\/\" \/>\n<meta property=\"og:locale\" content=\"it_IT\" \/>\n<meta property=\"og:type\" content=\"article\" \/>\n<meta property=\"og:title\" content=\"Solidariet\u00e0 al Mugello, cittadini e istituzioni vicini ai terremotati\" \/>\n<meta property=\"og:description\" content=\"Si moltiplicano le dichiarazioni di vicinanza alla popolazione toscana colpita dal terremoto di magnitudo 4.5 che ha fatto tremare il Mugello. Da Renzi a Di Maio, da Salvini a Zingaretti fino a Maria Edera Spadoni\" \/>\n<meta property=\"og:url\" content=\"https:\/\/www.intoscana.it\/it\/solidarieta-terremoto-mugello\/\" \/>\n<meta property=\"og:site_name\" content=\"intoscana\" \/>\n<meta property=\"article:publisher\" content=\"https:\/\/www.facebook.com\/intoscana.it\" \/>\n<meta property=\"article:published_time\" content=\"2019-12-09T11:39:09+00:00\" \/>\n<meta property=\"article:modified_time\" content=\"2020-05-19T14:02:25+00:00\" \/>\n<meta property=\"og:image\" content=\"https:\/\/www.intoscana.it\/wp-content\/uploads\/terremoto-barberino-mugello-zona-rossa-2.jpg\" \/>\n\t<meta property=\"og:image:width\" content=\"900\" \/>\n\t<meta property=\"og:image:height\" content=\"599\" \/>\n\t<meta property=\"og:image:type\" content=\"image\/jpeg\" \/>\n<meta name=\"author\" content=\"Redazione\" \/>\n<meta name=\"twitter:card\" content=\"summary_large_image\" \/>\n<meta name=\"twitter:creator\" content=\"@intoscana\" \/>\n<meta name=\"twitter:site\" content=\"@intoscana\" \/>\n<meta name=\"twitter:label1\" content=\"Written by\" \/>\n\t<meta name=\"twitter:data1\" content=\"Redazione\" \/>\n\t<meta name=\"twitter:label2\" content=\"Est. reading time\" \/>\n\t<meta name=\"twitter:data2\" content=\"4 minuti\" \/>\n<script type=\"application\/ld+json\" class=\"yoast-schema-graph\">{\"@context\":\"https:\/\/schema.org\",\"@graph\":[{\"@type\":\"WebPage\",\"@id\":\"https:\/\/www.intoscana.it\/it\/solidarieta-terremoto-mugello\/\",\"url\":\"https:\/\/www.intoscana.it\/it\/solidarieta-terremoto-mugello\/\",\"name\":\"Solidariet\u00e0 al Mugello, cittadini e istituzioni vicini ai terremotati - intoscana\",\"isPartOf\":{\"@id\":\"https:\/\/www.intoscana.it\/it\/#website\"},\"primaryImageOfPage\":{\"@id\":\"https:\/\/www.intoscana.it\/it\/solidarieta-terremoto-mugello\/#primaryimage\"},\"image\":{\"@id\":\"https:\/\/www.intoscana.it\/it\/solidarieta-terremoto-mugello\/#primaryimage\"},\"thumbnailUrl\":\"https:\/\/www.intoscana.it\/wp-content\/uploads\/terremoto-barberino-mugello-zona-rossa-2.jpg\",\"datePublished\":\"2019-12-09T11:39:09+00:00\",\"dateModified\":\"2020-05-19T14:02:25+00:00\",\"author\":{\"@id\":\"https:\/\/www.intoscana.it\/it\/#\/schema\/person\/9223810753230f20bd670fdd322661f8\"},\"breadcrumb\":{\"@id\":\"https:\/\/www.intoscana.it\/it\/solidarieta-terremoto-mugello\/#breadcrumb\"},\"inLanguage\":\"it-IT\",\"potentialAction\":[{\"@type\":\"ReadAction\",\"target\":[\"https:\/\/www.intoscana.it\/it\/solidarieta-terremoto-mugello\/\"]}]},{\"@type\":\"ImageObject\",\"inLanguage\":\"it-IT\",\"@id\":\"https:\/\/www.intoscana.it\/it\/solidarieta-terremoto-mugello\/#primaryimage\",\"url\":\"https:\/\/www.intoscana.it\/wp-content\/uploads\/terremoto-barberino-mugello-zona-rossa-2.jpg\",\"contentUrl\":\"https:\/\/www.intoscana.it\/wp-content\/uploads\/terremoto-barberino-mugello-zona-rossa-2.jpg\",\"width\":900,\"height\":599,\"caption\":\"Terremoto a Barberino di Mugello. Ph. Ansa\"},{\"@type\":\"BreadcrumbList\",\"@id\":\"https:\/\/www.intoscana.it\/it\/solidarieta-terremoto-mugello\/#breadcrumb\",\"itemListElement\":[{\"@type\":\"ListItem\",\"position\":1,\"name\":\"Home\",\"item\":\"https:\/\/www.intoscana.it\/it\/\"},{\"@type\":\"ListItem\",\"position\":2,\"name\":\"Solidariet\u00e0 al Mugello, cittadini e istituzioni vicini ai terremotati\"}]},{\"@type\":\"WebSite\",\"@id\":\"https:\/\/www.intoscana.it\/it\/#website\",\"url\":\"https:\/\/www.intoscana.it\/it\/\",\"name\":\"intoscana\",\"description\":\"\",\"potentialAction\":[{\"@type\":\"SearchAction\",\"target\":{\"@type\":\"EntryPoint\",\"urlTemplate\":\"https:\/\/www.intoscana.it\/it\/?s={search_term_string}\"},\"query-input\":{\"@type\":\"PropertyValueSpecification\",\"valueRequired\":true,\"valueName\":\"search_term_string\"}}],\"inLanguage\":\"it-IT\"},{\"@type\":\"Person\",\"@id\":\"https:\/\/www.intoscana.it\/it\/#\/schema\/person\/9223810753230f20bd670fdd322661f8\",\"name\":\"Redazione\",\"url\":\"https:\/\/www.intoscana.it\/it\/author\/redazione\/\"}]}<\/script>\n<!-- \/ Yoast SEO Premium plugin. -->","yoast_head_json":{"title":"Solidariet\u00e0 al Mugello, cittadini e istituzioni vicini ai terremotati - intoscana","robots":{"index":"index","follow":"follow","max-snippet":"max-snippet:-1","max-image-preview":"max-image-preview:large","max-video-preview":"max-video-preview:-1"},"canonical":"https:\/\/www.intoscana.it\/it\/solidarieta-terremoto-mugello\/","og_locale":"it_IT","og_type":"article","og_title":"Solidariet\u00e0 al Mugello, cittadini e istituzioni vicini ai terremotati","og_description":"Si moltiplicano le dichiarazioni di vicinanza alla popolazione toscana colpita dal terremoto di magnitudo 4.5 che ha fatto tremare il Mugello. Da Renzi a Di Maio, da Salvini a Zingaretti fino a Maria Edera Spadoni","og_url":"https:\/\/www.intoscana.it\/it\/solidarieta-terremoto-mugello\/","og_site_name":"intoscana","article_publisher":"https:\/\/www.facebook.com\/intoscana.it","article_published_time":"2019-12-09T11:39:09+00:00","article_modified_time":"2020-05-19T14:02:25+00:00","og_image":[{"width":900,"height":599,"url":"https:\/\/www.intoscana.it\/wp-content\/uploads\/terremoto-barberino-mugello-zona-rossa-2.jpg","type":"image\/jpeg"}],"author":"Redazione","twitter_card":"summary_large_image","twitter_creator":"@intoscana","twitter_site":"@intoscana","twitter_misc":{"Written by":"Redazione","Est. reading time":"4 minuti"},"schema":{"@context":"https:\/\/schema.org","@graph":[{"@type":"WebPage","@id":"https:\/\/www.intoscana.it\/it\/solidarieta-terremoto-mugello\/","url":"https:\/\/www.intoscana.it\/it\/solidarieta-terremoto-mugello\/","name":"Solidariet\u00e0 al Mugello, cittadini e istituzioni vicini ai terremotati - intoscana","isPartOf":{"@id":"https:\/\/www.intoscana.it\/it\/#website"},"primaryImageOfPage":{"@id":"https:\/\/www.intoscana.it\/it\/solidarieta-terremoto-mugello\/#primaryimage"},"image":{"@id":"https:\/\/www.intoscana.it\/it\/solidarieta-terremoto-mugello\/#primaryimage"},"thumbnailUrl":"https:\/\/www.intoscana.it\/wp-content\/uploads\/terremoto-barberino-mugello-zona-rossa-2.jpg","datePublished":"2019-12-09T11:39:09+00:00","dateModified":"2020-05-19T14:02:25+00:00","author":{"@id":"https:\/\/www.intoscana.it\/it\/#\/schema\/person\/9223810753230f20bd670fdd322661f8"},"breadcrumb":{"@id":"https:\/\/www.intoscana.it\/it\/solidarieta-terremoto-mugello\/#breadcrumb"},"inLanguage":"it-IT","potentialAction":[{"@type":"ReadAction","target":["https:\/\/www.intoscana.it\/it\/solidarieta-terremoto-mugello\/"]}]},{"@type":"ImageObject","inLanguage":"it-IT","@id":"https:\/\/www.intoscana.it\/it\/solidarieta-terremoto-mugello\/#primaryimage","url":"https:\/\/www.intoscana.it\/wp-content\/uploads\/terremoto-barberino-mugello-zona-rossa-2.jpg","contentUrl":"https:\/\/www.intoscana.it\/wp-content\/uploads\/terremoto-barberino-mugello-zona-rossa-2.jpg","width":900,"height":599,"caption":"Terremoto a Barberino di Mugello. Ph. Ansa"},{"@type":"BreadcrumbList","@id":"https:\/\/www.intoscana.it\/it\/solidarieta-terremoto-mugello\/#breadcrumb","itemListElement":[{"@type":"ListItem","position":1,"name":"Home","item":"https:\/\/www.intoscana.it\/it\/"},{"@type":"ListItem","position":2,"name":"Solidariet\u00e0 al Mugello, cittadini e istituzioni vicini ai terremotati"}]},{"@type":"WebSite","@id":"https:\/\/www.intoscana.it\/it\/#website","url":"https:\/\/www.intoscana.it\/it\/","name":"intoscana","description":"","potentialAction":[{"@type":"SearchAction","target":{"@type":"EntryPoint","urlTemplate":"https:\/\/www.intoscana.it\/it\/?s={search_term_string}"},"query-input":{"@type":"PropertyValueSpecification","valueRequired":true,"valueName":"search_term_string"}}],"inLanguage":"it-IT"},{"@type":"Person","@id":"https:\/\/www.intoscana.it\/it\/#\/schema\/person\/9223810753230f20bd670fdd322661f8","name":"Redazione","url":"https:\/\/www.intoscana.it\/it\/author\/redazione\/"}]}},"_links":{"self":[{"href":"https:\/\/www.intoscana.it\/it\/wp-json\/wp\/v2\/posts\/64989","targetHints":{"allow":["GET"]}}],"collection":[{"href":"https:\/\/www.intoscana.it\/it\/wp-json\/wp\/v2\/posts"}],"about":[{"href":"https:\/\/www.intoscana.it\/it\/wp-json\/wp\/v2\/types\/post"}],"author":[{"embeddable":true,"href":"https:\/\/www.intoscana.it\/it\/wp-json\/wp\/v2\/users\/525"}],"replies":[{"embeddable":true,"href":"https:\/\/www.intoscana.it\/it\/wp-json\/wp\/v2\/comments?post=64989"}],"version-history":[{"count":0,"href":"https:\/\/www.intoscana.it\/it\/wp-json\/wp\/v2\/posts\/64989\/revisions"}],"wp:featuredmedia":[{"embeddable":true,"href":"https:\/\/www.intoscana.it\/it\/wp-json\/wp\/v2\/media\/102453"}],"wp:attachment":[{"href":"https:\/\/www.intoscana.it\/it\/wp-json\/wp\/v2\/media?parent=64989"}],"wp:term":[{"taxonomy":"category","embeddable":true,"href":"https:\/\/www.intoscana.it\/it\/wp-json\/wp\/v2\/categories?post=64989"},{"taxonomy":"post_tag","embeddable":true,"href":"https:\/\/www.intoscana.it\/it\/wp-json\/wp\/v2\/tags?post=64989"}],"curies":[{"name":"wp","href":"https:\/\/api.w.org\/{rel}","templated":true}]}}