{"id":64991,"date":"2019-12-10T12:27:44","date_gmt":"2019-12-10T12:27:44","guid":{"rendered":"http:\/\/www.intoscana.it\/terremoto-in-mugello-in-600-passano-la-notte-fuori-casa\/"},"modified":"2020-05-19T16:02:26","modified_gmt":"2020-05-19T14:02:26","slug":"terremoto-mugello-600","status":"publish","type":"post","link":"https:\/\/www.intoscana.it\/it\/terremoto-mugello-600\/","title":{"rendered":"Terremoto in Mugello: in 600 passano la notte fuori casa"},"content":{"rendered":"<p><strong>Notte tranquilla nel Mugello, con poche scosse e bassa magnitudo<\/strong> dopo il forte sciame sismico che ha costretto la popolazione a lasciare le case. Una parte degli abitanti, <strong>circa 600, ha trascorso la notte ospiti delle strutture allestite dalla protezione civile alla palestra delle scuole di Barberino di Mugello<\/strong>&nbsp;in un posteggio e a Scarperia nei <strong>box dell&#8217;Autodromo del Mugello<\/strong> dove hanno trovato ospitalit\u00e0 121 persone. Sono coloro che sono stati evacuati dalle case, dichiarate inagibili o ancora da sottoporre a verifica tecnica. Ma ha dormito fuori anche chi non se l&#8217;\u00e8 sentita di rientrare in casa pur non avendo subito danni.<\/p>\n<p>Riprese intanto nel Mugello, dopo la pausa notturna,<strong> le ispezioni dei funzionari dei vigili del fuoco nelle case che possono aver subito danni<\/strong> a causa del terremoto della notte tra l&#8217;8 e il 9 dicembre. Le verifiche sono decisive soprattutto dopo che nella notte \u00e8 stata estesa la zona rossa a Barberino di Mugello. Controlli anche in alcune frazioni del vicino comune di San Piero a Sieve-Scarperia. I vigili del fuoco stanno operando con funzionari provenienti da numerosi comandi provinciali.<\/p>\n<p>&#8220;Intorno all&#8217;ora di cena in seguito a nuove ed importante verifiche tecniche, si \u00e8 deciso di chiudere altre vie cittadine&#8221;, ha ricostruito<strong> il consigliere delegato alla Protezione Civile della Citt\u00e0 Metropolitana di Firenze Massimo Fratini<\/strong> in particolare sottolineando che &#8220;quando i vigili si sono resi conto che non riuscivano a fare tutte le verifiche che avevano ipotizzato, hanno transennato alcune vie e le hanno rese zona rossa e sono andati a suonare a tutti gli appartamenti per far evacuare le persone e farle dormire fuori&#8221;.<\/p>\n<p>&#8220;Alla fine &#8211; ha proseguito &#8211; altre 150 famiglie, pari a circa 380 persone, sono state fatte uscire di casa quindi ci siamo trovati a dover gestire un potenziale carico di 236 sfollati censiti pi\u00f9 altri 380 residenti, pi\u00f9 coloro che avevano paura di rientrare in casa, pur non avendo avuto danni. \u00c8 stato uno sforzo immane&#8221;, perch\u00e9 all&#8217;inizio erano 236 quelli che &#8220;dovevano dormire fuori e ci eravamo attrezzati per quel numero l\u00ec, con qualche posto in pi\u00f9 come cuscinetto&#8221;, aggiunge Fratini. &#8220;Devo dire che <strong>noi abbiamo un sistema di protezione civile e di volontariato veramente eccezionale, perch\u00e9 ci siamo attivati in modo veramente meraviglioso,<\/strong> con decine e decine di volontari che hanno contribuito alla riuscita di questa cosa&#8221;.<\/p>\n<p>&#8220;Per fortuna &#8211; ha precisato Fratini &#8211; le persone che si sono presentate non sono state cos\u00ec numerose, in tanti hanno trovato sistemazioni in maniera privata&#8221;, da parenti e conoscenti o in alberghi, &#8220;ma abbiamo dato da dormire a circa 500 persone, concentrate soprattutto all&#8217;autodromo del Mugello, all&#8217;interno dei paddock. E questo ci ha consentito di mettere a dormire l\u00ec quasi 200 persone, poi alcune palestre sempre di Barberino, poi qualcuno a Candiano, poi a San Piero a Sieve e Scarperia. Abbiamo fatto anche un po&#8217; di decentramento, perch\u00e9 le persone vogliono dormire il pi\u00f9 possibile vicino a casa&#8221;. I 380 in pi\u00f9 fuori casa non sono tecnicamente &#8220;&#8216;sfollati&#8217;, sono persone invitate a uscire in attesa di approfondimenti. Stamani faranno gli accertamenti tecnici e faranno rientrare quelli che non hanno avuto danni in casa&#8221;.<\/p>\n<p>In Mugello dopo il terremoto &#8220;la situazione ora \u00e8 migliore&#8221; ma &#8220;penso che il Governo dovrebbe lavorare a un grande piano per l&#8217;Appennino, un po&#8217; sul modello di quello che abbiamo messo in campo per quanto riguarda le alluvioni&#8221;. <strong>Ha dichiarato Enrico Rossi, presidente della Toscana<\/strong>. &#8220;Non si tratta di andare a investire in un anno 100 miliardi &#8211; spiega &#8211; <strong>Si tratta ogni anno di investire magari un miliardo e consentire di mettere in sicurezza l&#8217;Appennino.<\/strong> Ci sarebbero da fare tante cose:la sicurezza del rischio sismico anche per le abitazioni,aiutando i privati a intervenire;la sicurezza di tutti gli edifici pubblici;la sicurezza dell&#8217;assetto idro &#8211; geologico&#8221;. Per Rossi l&#8217;Appennino ha importanza decisiva: &#8220;Mi batter\u00f2 per quanto mi resta nel mio impegno di presidente e anche dopo perch\u00e9 l&#8217;Appennino sia messo al primo posto con un grande piano di investimenti pluriennale, quindi mettere in sicurezza la popolazione che vive in un territorio cos\u00ec importante per noi.Non si pu\u00f2 vivere nella paura:\u00e8 grande sfida anche questa come quella dei cambiamenti ambientali&#8221;.<\/p>\n","protected":false},"excerpt":{"rendered":"<p>Enrico Rossi presidente della Regione Toscana ha chiesto al Governo un piano sicurezza per l&#8217;Appennino<\/p>\n","protected":false},"author":525,"featured_media":102455,"comment_status":"open","ping_status":"open","sticky":false,"template":"","format":"standard","meta":{"_acf_changed":false,"footnotes":""},"categories":[494,7],"tags":[375],"class_list":["post-64991","post","type-post","status-publish","format-standard","has-post-thumbnail","hentry","category-attualita","category-societa","tag-mugello"],"acf":[],"yoast_head":"<!-- This site is optimized with the Yoast SEO Premium plugin v24.2 (Yoast SEO v25.6) - https:\/\/yoast.com\/wordpress\/plugins\/seo\/ -->\n<title>Terremoto in Mugello: in 600 passano la notte fuori casa - intoscana<\/title>\n<meta name=\"robots\" content=\"index, follow, max-snippet:-1, max-image-preview:large, max-video-preview:-1\" \/>\n<link rel=\"canonical\" href=\"https:\/\/www.intoscana.it\/it\/terremoto-mugello-600\/\" \/>\n<meta property=\"og:locale\" content=\"it_IT\" \/>\n<meta property=\"og:type\" content=\"article\" \/>\n<meta property=\"og:title\" content=\"Terremoto in Mugello: in 600 passano la notte fuori casa\" \/>\n<meta property=\"og:description\" content=\"Enrico Rossi presidente della Regione Toscana ha chiesto al Governo un piano sicurezza per l&#039;Appennino\" \/>\n<meta property=\"og:url\" content=\"https:\/\/www.intoscana.it\/it\/terremoto-mugello-600\/\" \/>\n<meta property=\"og:site_name\" content=\"intoscana\" \/>\n<meta property=\"article:publisher\" content=\"https:\/\/www.facebook.com\/intoscana.it\" \/>\n<meta property=\"article:published_time\" content=\"2019-12-10T12:27:44+00:00\" \/>\n<meta property=\"article:modified_time\" content=\"2020-05-19T14:02:26+00:00\" \/>\n<meta property=\"og:image\" content=\"https:\/\/www.intoscana.it\/wp-content\/uploads\/4915027_1829_terremoto_firenze_mugello.jpg\" \/>\n\t<meta property=\"og:image:width\" content=\"620\" \/>\n\t<meta property=\"og:image:height\" content=\"340\" \/>\n\t<meta property=\"og:image:type\" content=\"image\/jpeg\" \/>\n<meta name=\"author\" content=\"Redazione\" \/>\n<meta name=\"twitter:card\" content=\"summary_large_image\" \/>\n<meta name=\"twitter:creator\" content=\"@intoscana\" \/>\n<meta name=\"twitter:site\" content=\"@intoscana\" \/>\n<meta name=\"twitter:label1\" content=\"Written by\" \/>\n\t<meta name=\"twitter:data1\" content=\"Redazione\" \/>\n\t<meta name=\"twitter:label2\" content=\"Est. reading time\" \/>\n\t<meta name=\"twitter:data2\" content=\"3 minuti\" \/>\n<script type=\"application\/ld+json\" class=\"yoast-schema-graph\">{\"@context\":\"https:\/\/schema.org\",\"@graph\":[{\"@type\":\"WebPage\",\"@id\":\"https:\/\/www.intoscana.it\/it\/terremoto-mugello-600\/\",\"url\":\"https:\/\/www.intoscana.it\/it\/terremoto-mugello-600\/\",\"name\":\"Terremoto in Mugello: in 600 passano la notte fuori casa - intoscana\",\"isPartOf\":{\"@id\":\"https:\/\/www.intoscana.it\/it\/#website\"},\"primaryImageOfPage\":{\"@id\":\"https:\/\/www.intoscana.it\/it\/terremoto-mugello-600\/#primaryimage\"},\"image\":{\"@id\":\"https:\/\/www.intoscana.it\/it\/terremoto-mugello-600\/#primaryimage\"},\"thumbnailUrl\":\"https:\/\/www.intoscana.it\/wp-content\/uploads\/4915027_1829_terremoto_firenze_mugello.jpg\",\"datePublished\":\"2019-12-10T12:27:44+00:00\",\"dateModified\":\"2020-05-19T14:02:26+00:00\",\"author\":{\"@id\":\"https:\/\/www.intoscana.it\/it\/#\/schema\/person\/9223810753230f20bd670fdd322661f8\"},\"breadcrumb\":{\"@id\":\"https:\/\/www.intoscana.it\/it\/terremoto-mugello-600\/#breadcrumb\"},\"inLanguage\":\"it-IT\",\"potentialAction\":[{\"@type\":\"ReadAction\",\"target\":[\"https:\/\/www.intoscana.it\/it\/terremoto-mugello-600\/\"]}]},{\"@type\":\"ImageObject\",\"inLanguage\":\"it-IT\",\"@id\":\"https:\/\/www.intoscana.it\/it\/terremoto-mugello-600\/#primaryimage\",\"url\":\"https:\/\/www.intoscana.it\/wp-content\/uploads\/4915027_1829_terremoto_firenze_mugello.jpg\",\"contentUrl\":\"https:\/\/www.intoscana.it\/wp-content\/uploads\/4915027_1829_terremoto_firenze_mugello.jpg\",\"width\":620,\"height\":340,\"caption\":\"Terremoto Mugello\"},{\"@type\":\"BreadcrumbList\",\"@id\":\"https:\/\/www.intoscana.it\/it\/terremoto-mugello-600\/#breadcrumb\",\"itemListElement\":[{\"@type\":\"ListItem\",\"position\":1,\"name\":\"Home\",\"item\":\"https:\/\/www.intoscana.it\/it\/\"},{\"@type\":\"ListItem\",\"position\":2,\"name\":\"Terremoto in Mugello: in 600 passano la notte fuori casa\"}]},{\"@type\":\"WebSite\",\"@id\":\"https:\/\/www.intoscana.it\/it\/#website\",\"url\":\"https:\/\/www.intoscana.it\/it\/\",\"name\":\"intoscana\",\"description\":\"\",\"potentialAction\":[{\"@type\":\"SearchAction\",\"target\":{\"@type\":\"EntryPoint\",\"urlTemplate\":\"https:\/\/www.intoscana.it\/it\/?s={search_term_string}\"},\"query-input\":{\"@type\":\"PropertyValueSpecification\",\"valueRequired\":true,\"valueName\":\"search_term_string\"}}],\"inLanguage\":\"it-IT\"},{\"@type\":\"Person\",\"@id\":\"https:\/\/www.intoscana.it\/it\/#\/schema\/person\/9223810753230f20bd670fdd322661f8\",\"name\":\"Redazione\",\"url\":\"https:\/\/www.intoscana.it\/it\/author\/redazione\/\"}]}<\/script>\n<!-- \/ Yoast SEO Premium plugin. -->","yoast_head_json":{"title":"Terremoto in Mugello: in 600 passano la notte fuori casa - intoscana","robots":{"index":"index","follow":"follow","max-snippet":"max-snippet:-1","max-image-preview":"max-image-preview:large","max-video-preview":"max-video-preview:-1"},"canonical":"https:\/\/www.intoscana.it\/it\/terremoto-mugello-600\/","og_locale":"it_IT","og_type":"article","og_title":"Terremoto in Mugello: in 600 passano la notte fuori casa","og_description":"Enrico Rossi presidente della Regione Toscana ha chiesto al Governo un piano sicurezza per l'Appennino","og_url":"https:\/\/www.intoscana.it\/it\/terremoto-mugello-600\/","og_site_name":"intoscana","article_publisher":"https:\/\/www.facebook.com\/intoscana.it","article_published_time":"2019-12-10T12:27:44+00:00","article_modified_time":"2020-05-19T14:02:26+00:00","og_image":[{"width":620,"height":340,"url":"https:\/\/www.intoscana.it\/wp-content\/uploads\/4915027_1829_terremoto_firenze_mugello.jpg","type":"image\/jpeg"}],"author":"Redazione","twitter_card":"summary_large_image","twitter_creator":"@intoscana","twitter_site":"@intoscana","twitter_misc":{"Written by":"Redazione","Est. reading time":"3 minuti"},"schema":{"@context":"https:\/\/schema.org","@graph":[{"@type":"WebPage","@id":"https:\/\/www.intoscana.it\/it\/terremoto-mugello-600\/","url":"https:\/\/www.intoscana.it\/it\/terremoto-mugello-600\/","name":"Terremoto in Mugello: in 600 passano la notte fuori casa - intoscana","isPartOf":{"@id":"https:\/\/www.intoscana.it\/it\/#website"},"primaryImageOfPage":{"@id":"https:\/\/www.intoscana.it\/it\/terremoto-mugello-600\/#primaryimage"},"image":{"@id":"https:\/\/www.intoscana.it\/it\/terremoto-mugello-600\/#primaryimage"},"thumbnailUrl":"https:\/\/www.intoscana.it\/wp-content\/uploads\/4915027_1829_terremoto_firenze_mugello.jpg","datePublished":"2019-12-10T12:27:44+00:00","dateModified":"2020-05-19T14:02:26+00:00","author":{"@id":"https:\/\/www.intoscana.it\/it\/#\/schema\/person\/9223810753230f20bd670fdd322661f8"},"breadcrumb":{"@id":"https:\/\/www.intoscana.it\/it\/terremoto-mugello-600\/#breadcrumb"},"inLanguage":"it-IT","potentialAction":[{"@type":"ReadAction","target":["https:\/\/www.intoscana.it\/it\/terremoto-mugello-600\/"]}]},{"@type":"ImageObject","inLanguage":"it-IT","@id":"https:\/\/www.intoscana.it\/it\/terremoto-mugello-600\/#primaryimage","url":"https:\/\/www.intoscana.it\/wp-content\/uploads\/4915027_1829_terremoto_firenze_mugello.jpg","contentUrl":"https:\/\/www.intoscana.it\/wp-content\/uploads\/4915027_1829_terremoto_firenze_mugello.jpg","width":620,"height":340,"caption":"Terremoto Mugello"},{"@type":"BreadcrumbList","@id":"https:\/\/www.intoscana.it\/it\/terremoto-mugello-600\/#breadcrumb","itemListElement":[{"@type":"ListItem","position":1,"name":"Home","item":"https:\/\/www.intoscana.it\/it\/"},{"@type":"ListItem","position":2,"name":"Terremoto in Mugello: in 600 passano la notte fuori casa"}]},{"@type":"WebSite","@id":"https:\/\/www.intoscana.it\/it\/#website","url":"https:\/\/www.intoscana.it\/it\/","name":"intoscana","description":"","potentialAction":[{"@type":"SearchAction","target":{"@type":"EntryPoint","urlTemplate":"https:\/\/www.intoscana.it\/it\/?s={search_term_string}"},"query-input":{"@type":"PropertyValueSpecification","valueRequired":true,"valueName":"search_term_string"}}],"inLanguage":"it-IT"},{"@type":"Person","@id":"https:\/\/www.intoscana.it\/it\/#\/schema\/person\/9223810753230f20bd670fdd322661f8","name":"Redazione","url":"https:\/\/www.intoscana.it\/it\/author\/redazione\/"}]}},"_links":{"self":[{"href":"https:\/\/www.intoscana.it\/it\/wp-json\/wp\/v2\/posts\/64991","targetHints":{"allow":["GET"]}}],"collection":[{"href":"https:\/\/www.intoscana.it\/it\/wp-json\/wp\/v2\/posts"}],"about":[{"href":"https:\/\/www.intoscana.it\/it\/wp-json\/wp\/v2\/types\/post"}],"author":[{"embeddable":true,"href":"https:\/\/www.intoscana.it\/it\/wp-json\/wp\/v2\/users\/525"}],"replies":[{"embeddable":true,"href":"https:\/\/www.intoscana.it\/it\/wp-json\/wp\/v2\/comments?post=64991"}],"version-history":[{"count":0,"href":"https:\/\/www.intoscana.it\/it\/wp-json\/wp\/v2\/posts\/64991\/revisions"}],"wp:featuredmedia":[{"embeddable":true,"href":"https:\/\/www.intoscana.it\/it\/wp-json\/wp\/v2\/media\/102455"}],"wp:attachment":[{"href":"https:\/\/www.intoscana.it\/it\/wp-json\/wp\/v2\/media?parent=64991"}],"wp:term":[{"taxonomy":"category","embeddable":true,"href":"https:\/\/www.intoscana.it\/it\/wp-json\/wp\/v2\/categories?post=64991"},{"taxonomy":"post_tag","embeddable":true,"href":"https:\/\/www.intoscana.it\/it\/wp-json\/wp\/v2\/tags?post=64991"}],"curies":[{"name":"wp","href":"https:\/\/api.w.org\/{rel}","templated":true}]}}