{"id":64994,"date":"2019-12-11T11:08:57","date_gmt":"2019-12-11T11:08:57","guid":{"rendered":"http:\/\/www.intoscana.it\/terremoto-nel-mugello-600-sfollati-e-una-nuova-scossa-nella-notte\/"},"modified":"2020-05-19T16:02:27","modified_gmt":"2020-05-19T14:02:27","slug":"scossa-sisma-mugello","status":"publish","type":"post","link":"https:\/\/www.intoscana.it\/it\/scossa-sisma-mugello\/","title":{"rendered":"Terremoto nel Mugello: 600 sfollati e una nuova scossa nella notte"},"content":{"rendered":"<p><strong>Ha svegliato tutti la scorsa notte in Mugello una nuova scossa di terremoto, di magnitudo 2.5,<\/strong> con epicentro fra Galliano di Barberino Mugello e Sant&#8217;Agata, alle 5.24, ad una profondit\u00e0 di 9 km secondo l&#8217;Ingv. La scossa \u00e8 stata avvertita in maniera significativa dai residenti, che si sono riversati in strada. Al momento non sono note criticit\u00e0 legate a questa nuova scossa.<\/p>\n<p>La notte, peraltro, era passata in modo tranquillo.<strong> Circa le 250 persone che hanno dormito nei ricoveri aperti dalla protezione civile, dalla palestra di Barberino ai box dell&#8217;autodromo dove erano presenti 85 persone.<\/strong> In tutti i comuni, tranne Barberino, stamani sono state riaperte le scuole ma in alcune ci sono stati disagi per uno sciopero del personale non docente: alcuni plessi, di fatto, sono rimasti chiusi per la protesta. Continuano le verifiche dei funzionari dei vigili del fuoco agli edifici che potrebbero essere rimasti danneggiati, si tratta di centinaia di controlli: <strong>nel tempo necessario per capire il livello di agibilit\u00e0 oltre 600 persone rimangono fuori casa.<\/strong><\/p>\n<p><strong> Intanto non \u00e8 stato riscontrato nessun problema strutturale nel plesso scolastico di Via Mazzini di Barberino.<\/strong> \u00c8 quanto risulta dalle verifiche eseguite dai tecnici del settore sismico della Regione Toscana che hanno riscontrato solo il distaccamento di alcuni elementi del controsoffitto al terzo piano. Per questo il Comune si \u00e8 gi\u00e0 attivato per la risoluzione del problema, con l&#8217;impresa gi\u00e0 a lavoro da stamani.<strong> Situazioni analoghe si sono verificate anche nel plesso della scuola dell&#8217;infanzia Don Milani e in tre aulee al piano terra della scuola secondaria di secondo grado Lorenzo de&#8217; Medici.<\/strong> Ed anche in questi casi il Comune sta intervenendo.<\/p>\n<p>&#8220;Vorrei fare un richiamo alla responsabilit\u00e0 che i mezzi di informazione, cos\u00ec importanti per tutti noi, devono avere in queste situazioni &#8211; sottolinea il sindaco di Barberino, Giampiero Mongatti &#8211; quello che chiediamo \u00e8 di attenersi alle fonti ufficiali di informazione e di verificare a fondo le notizie prima della loro diffusione. Ci tengo poi a sottolineare che l<strong>a decisione di prolungare la chiusura delle scuole fino a venerd\u00ec \u00e8 dovuta alla situazione generale di emergenza nel nostro comune,<\/strong> che vede alcune aree del paese ancora non accessibili, il Palazzo Comunale inagibile e alcuni plessi scolastici utilizzati anche come punti di accoglienza per i cittadini che non possono ancora rientrare nelle proprie abitazioni&#8221;.<\/p>\n","protected":false},"excerpt":{"rendered":"<p>Una scossa di magnitudo 2.5 con epicentro tra Galliano di Barberino Mugello e Sant&#8217;Agata ha fatto riversare in strada la popolazione. Intanto non \u00e8 stato riscontrato alcun problema strutturale nelle scuole di Barberino.<\/p>\n","protected":false},"author":525,"featured_media":102458,"comment_status":"open","ping_status":"open","sticky":false,"template":"","format":"standard","meta":{"_acf_changed":false,"footnotes":""},"categories":[494,7],"tags":[375],"class_list":["post-64994","post","type-post","status-publish","format-standard","has-post-thumbnail","hentry","category-attualita","category-societa","tag-mugello"],"acf":[],"yoast_head":"<!-- This site is optimized with the Yoast SEO Premium plugin v24.2 (Yoast SEO v25.6) - https:\/\/yoast.com\/wordpress\/plugins\/seo\/ -->\n<title>Terremoto nel Mugello: 600 sfollati e una nuova scossa nella notte - intoscana<\/title>\n<meta name=\"robots\" content=\"index, follow, max-snippet:-1, max-image-preview:large, max-video-preview:-1\" \/>\n<link rel=\"canonical\" href=\"https:\/\/www.intoscana.it\/it\/scossa-sisma-mugello\/\" \/>\n<meta property=\"og:locale\" content=\"it_IT\" \/>\n<meta property=\"og:type\" content=\"article\" \/>\n<meta property=\"og:title\" content=\"Terremoto nel Mugello: 600 sfollati e una nuova scossa nella notte\" \/>\n<meta property=\"og:description\" content=\"Una scossa di magnitudo 2.5 con epicentro tra Galliano di Barberino Mugello e Sant&#039;Agata ha fatto riversare in strada la popolazione. Intanto non \u00e8 stato riscontrato alcun problema strutturale nelle scuole di Barberino.\" \/>\n<meta property=\"og:url\" content=\"https:\/\/www.intoscana.it\/it\/scossa-sisma-mugello\/\" \/>\n<meta property=\"og:site_name\" content=\"intoscana\" \/>\n<meta property=\"article:publisher\" content=\"https:\/\/www.facebook.com\/intoscana.it\" \/>\n<meta property=\"article:published_time\" content=\"2019-12-11T11:08:57+00:00\" \/>\n<meta property=\"article:modified_time\" content=\"2020-05-19T14:02:27+00:00\" \/>\n<meta property=\"og:image\" content=\"https:\/\/www.intoscana.it\/wp-content\/uploads\/terremoto-mugello.jpg\" \/>\n\t<meta property=\"og:image:width\" content=\"700\" \/>\n\t<meta property=\"og:image:height\" content=\"466\" \/>\n\t<meta property=\"og:image:type\" content=\"image\/jpeg\" \/>\n<meta name=\"author\" content=\"Redazione\" \/>\n<meta name=\"twitter:card\" content=\"summary_large_image\" \/>\n<meta name=\"twitter:creator\" content=\"@intoscana\" \/>\n<meta name=\"twitter:site\" content=\"@intoscana\" \/>\n<meta name=\"twitter:label1\" content=\"Written by\" \/>\n\t<meta name=\"twitter:data1\" content=\"Redazione\" \/>\n\t<meta name=\"twitter:label2\" content=\"Est. reading time\" \/>\n\t<meta name=\"twitter:data2\" content=\"2 minuti\" \/>\n<script type=\"application\/ld+json\" class=\"yoast-schema-graph\">{\"@context\":\"https:\/\/schema.org\",\"@graph\":[{\"@type\":\"WebPage\",\"@id\":\"https:\/\/www.intoscana.it\/it\/scossa-sisma-mugello\/\",\"url\":\"https:\/\/www.intoscana.it\/it\/scossa-sisma-mugello\/\",\"name\":\"Terremoto nel Mugello: 600 sfollati e una nuova scossa nella notte - intoscana\",\"isPartOf\":{\"@id\":\"https:\/\/www.intoscana.it\/it\/#website\"},\"primaryImageOfPage\":{\"@id\":\"https:\/\/www.intoscana.it\/it\/scossa-sisma-mugello\/#primaryimage\"},\"image\":{\"@id\":\"https:\/\/www.intoscana.it\/it\/scossa-sisma-mugello\/#primaryimage\"},\"thumbnailUrl\":\"https:\/\/www.intoscana.it\/wp-content\/uploads\/terremoto-mugello.jpg\",\"datePublished\":\"2019-12-11T11:08:57+00:00\",\"dateModified\":\"2020-05-19T14:02:27+00:00\",\"author\":{\"@id\":\"https:\/\/www.intoscana.it\/it\/#\/schema\/person\/9223810753230f20bd670fdd322661f8\"},\"breadcrumb\":{\"@id\":\"https:\/\/www.intoscana.it\/it\/scossa-sisma-mugello\/#breadcrumb\"},\"inLanguage\":\"it-IT\",\"potentialAction\":[{\"@type\":\"ReadAction\",\"target\":[\"https:\/\/www.intoscana.it\/it\/scossa-sisma-mugello\/\"]}]},{\"@type\":\"ImageObject\",\"inLanguage\":\"it-IT\",\"@id\":\"https:\/\/www.intoscana.it\/it\/scossa-sisma-mugello\/#primaryimage\",\"url\":\"https:\/\/www.intoscana.it\/wp-content\/uploads\/terremoto-mugello.jpg\",\"contentUrl\":\"https:\/\/www.intoscana.it\/wp-content\/uploads\/terremoto-mugello.jpg\",\"width\":700,\"height\":466},{\"@type\":\"BreadcrumbList\",\"@id\":\"https:\/\/www.intoscana.it\/it\/scossa-sisma-mugello\/#breadcrumb\",\"itemListElement\":[{\"@type\":\"ListItem\",\"position\":1,\"name\":\"Home\",\"item\":\"https:\/\/www.intoscana.it\/it\/\"},{\"@type\":\"ListItem\",\"position\":2,\"name\":\"Terremoto nel Mugello: 600 sfollati e una nuova scossa nella notte\"}]},{\"@type\":\"WebSite\",\"@id\":\"https:\/\/www.intoscana.it\/it\/#website\",\"url\":\"https:\/\/www.intoscana.it\/it\/\",\"name\":\"intoscana\",\"description\":\"\",\"potentialAction\":[{\"@type\":\"SearchAction\",\"target\":{\"@type\":\"EntryPoint\",\"urlTemplate\":\"https:\/\/www.intoscana.it\/it\/?s={search_term_string}\"},\"query-input\":{\"@type\":\"PropertyValueSpecification\",\"valueRequired\":true,\"valueName\":\"search_term_string\"}}],\"inLanguage\":\"it-IT\"},{\"@type\":\"Person\",\"@id\":\"https:\/\/www.intoscana.it\/it\/#\/schema\/person\/9223810753230f20bd670fdd322661f8\",\"name\":\"Redazione\",\"url\":\"https:\/\/www.intoscana.it\/it\/author\/redazione\/\"}]}<\/script>\n<!-- \/ Yoast SEO Premium plugin. -->","yoast_head_json":{"title":"Terremoto nel Mugello: 600 sfollati e una nuova scossa nella notte - intoscana","robots":{"index":"index","follow":"follow","max-snippet":"max-snippet:-1","max-image-preview":"max-image-preview:large","max-video-preview":"max-video-preview:-1"},"canonical":"https:\/\/www.intoscana.it\/it\/scossa-sisma-mugello\/","og_locale":"it_IT","og_type":"article","og_title":"Terremoto nel Mugello: 600 sfollati e una nuova scossa nella notte","og_description":"Una scossa di magnitudo 2.5 con epicentro tra Galliano di Barberino Mugello e Sant'Agata ha fatto riversare in strada la popolazione. Intanto non \u00e8 stato riscontrato alcun problema strutturale nelle scuole di Barberino.","og_url":"https:\/\/www.intoscana.it\/it\/scossa-sisma-mugello\/","og_site_name":"intoscana","article_publisher":"https:\/\/www.facebook.com\/intoscana.it","article_published_time":"2019-12-11T11:08:57+00:00","article_modified_time":"2020-05-19T14:02:27+00:00","og_image":[{"width":700,"height":466,"url":"https:\/\/www.intoscana.it\/wp-content\/uploads\/terremoto-mugello.jpg","type":"image\/jpeg"}],"author":"Redazione","twitter_card":"summary_large_image","twitter_creator":"@intoscana","twitter_site":"@intoscana","twitter_misc":{"Written by":"Redazione","Est. reading time":"2 minuti"},"schema":{"@context":"https:\/\/schema.org","@graph":[{"@type":"WebPage","@id":"https:\/\/www.intoscana.it\/it\/scossa-sisma-mugello\/","url":"https:\/\/www.intoscana.it\/it\/scossa-sisma-mugello\/","name":"Terremoto nel Mugello: 600 sfollati e una nuova scossa nella notte - intoscana","isPartOf":{"@id":"https:\/\/www.intoscana.it\/it\/#website"},"primaryImageOfPage":{"@id":"https:\/\/www.intoscana.it\/it\/scossa-sisma-mugello\/#primaryimage"},"image":{"@id":"https:\/\/www.intoscana.it\/it\/scossa-sisma-mugello\/#primaryimage"},"thumbnailUrl":"https:\/\/www.intoscana.it\/wp-content\/uploads\/terremoto-mugello.jpg","datePublished":"2019-12-11T11:08:57+00:00","dateModified":"2020-05-19T14:02:27+00:00","author":{"@id":"https:\/\/www.intoscana.it\/it\/#\/schema\/person\/9223810753230f20bd670fdd322661f8"},"breadcrumb":{"@id":"https:\/\/www.intoscana.it\/it\/scossa-sisma-mugello\/#breadcrumb"},"inLanguage":"it-IT","potentialAction":[{"@type":"ReadAction","target":["https:\/\/www.intoscana.it\/it\/scossa-sisma-mugello\/"]}]},{"@type":"ImageObject","inLanguage":"it-IT","@id":"https:\/\/www.intoscana.it\/it\/scossa-sisma-mugello\/#primaryimage","url":"https:\/\/www.intoscana.it\/wp-content\/uploads\/terremoto-mugello.jpg","contentUrl":"https:\/\/www.intoscana.it\/wp-content\/uploads\/terremoto-mugello.jpg","width":700,"height":466},{"@type":"BreadcrumbList","@id":"https:\/\/www.intoscana.it\/it\/scossa-sisma-mugello\/#breadcrumb","itemListElement":[{"@type":"ListItem","position":1,"name":"Home","item":"https:\/\/www.intoscana.it\/it\/"},{"@type":"ListItem","position":2,"name":"Terremoto nel Mugello: 600 sfollati e una nuova scossa nella notte"}]},{"@type":"WebSite","@id":"https:\/\/www.intoscana.it\/it\/#website","url":"https:\/\/www.intoscana.it\/it\/","name":"intoscana","description":"","potentialAction":[{"@type":"SearchAction","target":{"@type":"EntryPoint","urlTemplate":"https:\/\/www.intoscana.it\/it\/?s={search_term_string}"},"query-input":{"@type":"PropertyValueSpecification","valueRequired":true,"valueName":"search_term_string"}}],"inLanguage":"it-IT"},{"@type":"Person","@id":"https:\/\/www.intoscana.it\/it\/#\/schema\/person\/9223810753230f20bd670fdd322661f8","name":"Redazione","url":"https:\/\/www.intoscana.it\/it\/author\/redazione\/"}]}},"_links":{"self":[{"href":"https:\/\/www.intoscana.it\/it\/wp-json\/wp\/v2\/posts\/64994","targetHints":{"allow":["GET"]}}],"collection":[{"href":"https:\/\/www.intoscana.it\/it\/wp-json\/wp\/v2\/posts"}],"about":[{"href":"https:\/\/www.intoscana.it\/it\/wp-json\/wp\/v2\/types\/post"}],"author":[{"embeddable":true,"href":"https:\/\/www.intoscana.it\/it\/wp-json\/wp\/v2\/users\/525"}],"replies":[{"embeddable":true,"href":"https:\/\/www.intoscana.it\/it\/wp-json\/wp\/v2\/comments?post=64994"}],"version-history":[{"count":0,"href":"https:\/\/www.intoscana.it\/it\/wp-json\/wp\/v2\/posts\/64994\/revisions"}],"wp:featuredmedia":[{"embeddable":true,"href":"https:\/\/www.intoscana.it\/it\/wp-json\/wp\/v2\/media\/102458"}],"wp:attachment":[{"href":"https:\/\/www.intoscana.it\/it\/wp-json\/wp\/v2\/media?parent=64994"}],"wp:term":[{"taxonomy":"category","embeddable":true,"href":"https:\/\/www.intoscana.it\/it\/wp-json\/wp\/v2\/categories?post=64994"},{"taxonomy":"post_tag","embeddable":true,"href":"https:\/\/www.intoscana.it\/it\/wp-json\/wp\/v2\/tags?post=64994"}],"curies":[{"name":"wp","href":"https:\/\/api.w.org\/{rel}","templated":true}]}}