{"id":64995,"date":"2019-12-09T09:36:19","date_gmt":"2019-12-09T08:36:19","guid":{"rendered":"http:\/\/www.intoscana.it\/e-morto-piero-terracina-uno-degli-ultimi-superstiti-di-auschwitz\/"},"modified":"2023-09-06T15:54:02","modified_gmt":"2023-09-06T13:54:02","slug":"piero-terracina-morte","status":"publish","type":"post","link":"https:\/\/www.intoscana.it\/it\/piero-terracina-morte\/","title":{"rendered":"\u00c8 morto Piero Terracina, uno degli ultimi superstiti di Auschwitz"},"content":{"rendered":"<p><strong>\u00c8 morto a 91 anni Piero Terracina, uno degli ultimi superstiti del campo di sterminio di Auschwitz Birkenau.<\/strong>&nbsp; Ha dichiarato <strong>il sindaco di Sant&#8217;Anna di Stazzema Maurizio Verona<\/strong> in una lunga lettera: Il <strong>Presidente della Repubblica Sergio Mattarella<\/strong> lo ha definito un \u201c<strong>testimone instancabile della memoria<\/strong>. &#8220;La Memoria &#8211; raccont\u00f2 Terracina qualche anno fa a Parma &#8211; \u00e8 <strong>quel filo che lega il passato al presente e condiziona il futuro<\/strong>: ecco perch\u00e9 \u00e8 necessario fare memoria del passato, perch\u00e9 quel passato non debba mai pi\u00f9 ritornare&#8221;.<\/p>\n<p><strong>La colpa di Terracina fu di essere ebreo.<\/strong> Ma quale poteva essere la colpa di una persona che liberamente scegliere la propria religione, sceglie di professare il proprio credo insieme alla sua famiglia? Oggi ci sembra tutto cos\u00ec scontato; sembra scontata la nostra libert\u00e0 di espressione, la libert\u00e0 di viaggiare, la libert\u00e0 di leggere, la libert\u00e0 di professare un credo religioso. Ecco, <strong>questo \u00e8 il nostro errore pi\u00f9 grande. Dare per scontato libert\u00e0 e diritti che scontati non sono ma sono il frutto dei sacrifici di milioni di persone.<\/strong> Sono <strong>il frutto dei morti della seconda guerra mondiale, dei soldati che ci hanno liberato, dei civili vittime dei bombardamenti, dei martiri di Sant\u2019Anna e di tutte le altre stragi<\/strong>, dei <strong>partigiani,<\/strong> delle milioni di persone sterminate nei campi di concentramento. \u00c8 grazie al loro se noi tutti oggi possiamo godere di questi diritti e di queste libert\u00e0. Ma <strong>nel 1938 in Italia c\u2019era una dittatura, c\u2019era il Fascismo di Benito Mussolini che eman\u00f2 le Leggi Razziali rendendo cos\u00ec un crimine il professare la religione ebraica<\/strong>. Noi ce lo stiamo dimenticando. Nel rapporto annuale del <strong>CENSIS<\/strong> sulla situazione sociale dell\u2019Italia, \u00e8 riportato un dato sconvolgente: <strong>il 48% degli italiani pensa che serva \u201cl\u2019uomo forte\u201d alla guida del Paese e che \u201cnon debba preoccuparsi di Parlamento ed elezioni\u201d.<\/strong><\/p>\n<p><strong>Conclude il sindaco Verona: &#8220;Il Fascismo ha portato a questo: alla soppressione dei diritti e delle libert\u00e0 individuali.<\/strong> E dopo 100 anni dalla sua nascita, pare che tanti italiani lo vogliano ancora. Ma ora tocca a noi. Dobbiamo fare la nostra parte, siamo noi le nuove sentinelle della memoria. Non possiamo e non dobbiamo tollerare la rinascita del Fascismo. <strong>A Piero Terracina, a tutti i superstiti dei campi di concentramento come della strage di Sant\u2019Anna noi dobbiamo solo dire una cosa: GRAZIE<\/strong>. Ci hanno consegnato un tesoro prezioso da conservare, la memoria. <strong>Adesso&nbsp;\u00e9 il nostro turno: dimostriamo di avere imparato,<\/strong> dimostriamo di meritare quella fiducia che hanno riposto in noi, dimostriamo di meritare i diritti e le libert\u00e0 di cui godiamo grazie a loro. Lo dobbiamo a loro, a noi stessi e ai nostri figli. Alla famiglia di Piero Terracina, le pi\u00f9 sentite condoglianze da tutti noi.&#8221;<\/p>\n<p><span style=\"text-decoration: underline;\"><strong>Rivediamo l&#8217;intervento di Piero Terracina al Premio Pieve del 2018<\/strong><\/span><\/p>\n<p><iframe loading=\"lazy\" src=\"https:\/\/www.youtube.com\/embed\/oEfrNs_F1k8\" width=\"560\" height=\"315\" frameborder=\"0\" allowfullscreen=\"allowfullscreen\"><\/iframe><\/p>\n","protected":false},"excerpt":{"rendered":"<p>Il sindaco di Sant&#8217;Anna di Stazzema Maurizio Verona lo ricorda in una lunga e commovente lettera<\/p>\n","protected":false},"author":525,"featured_media":102459,"comment_status":"open","ping_status":"open","sticky":false,"template":"","format":"standard","meta":{"_acf_changed":false,"footnotes":""},"categories":[494,7],"tags":[138],"class_list":["post-64995","post","type-post","status-publish","format-standard","has-post-thumbnail","hentry","category-attualita","category-societa","tag-premio-pieve"],"acf":[],"yoast_head":"<!-- This site is optimized with the Yoast SEO Premium plugin v24.2 (Yoast SEO v25.6) - https:\/\/yoast.com\/wordpress\/plugins\/seo\/ -->\n<title>\u00c8 morto Piero Terracina, uno degli ultimi superstiti di Auschwitz - intoscana<\/title>\n<meta name=\"robots\" content=\"index, follow, max-snippet:-1, max-image-preview:large, max-video-preview:-1\" \/>\n<link rel=\"canonical\" href=\"https:\/\/www.intoscana.it\/it\/piero-terracina-morte\/\" \/>\n<meta property=\"og:locale\" content=\"it_IT\" \/>\n<meta property=\"og:type\" content=\"article\" \/>\n<meta property=\"og:title\" content=\"\u00c8 morto Piero Terracina, uno degli ultimi superstiti di Auschwitz\" \/>\n<meta property=\"og:description\" content=\"Il sindaco di Sant&#039;Anna di Stazzema Maurizio Verona lo ricorda in una lunga e commovente lettera\" \/>\n<meta property=\"og:url\" content=\"https:\/\/www.intoscana.it\/it\/piero-terracina-morte\/\" \/>\n<meta property=\"og:site_name\" content=\"intoscana\" \/>\n<meta property=\"article:publisher\" content=\"https:\/\/www.facebook.com\/intoscana.it\" \/>\n<meta property=\"article:published_time\" content=\"2019-12-09T08:36:19+00:00\" \/>\n<meta property=\"article:modified_time\" content=\"2023-09-06T13:54:02+00:00\" \/>\n<meta property=\"og:image\" content=\"https:\/\/www.intoscana.it\/wp-content\/uploads\/102154433-53fe7bda-7f1b-493e-8c82-0082e8c984e0.jpg\" \/>\n\t<meta property=\"og:image:width\" content=\"1200\" \/>\n\t<meta property=\"og:image:height\" content=\"675\" \/>\n\t<meta property=\"og:image:type\" content=\"image\/jpeg\" \/>\n<meta name=\"author\" content=\"Redazione\" \/>\n<meta name=\"twitter:card\" content=\"summary_large_image\" \/>\n<meta name=\"twitter:creator\" content=\"@intoscana\" \/>\n<meta name=\"twitter:site\" content=\"@intoscana\" \/>\n<meta name=\"twitter:label1\" content=\"Written by\" \/>\n\t<meta name=\"twitter:data1\" content=\"Redazione\" \/>\n\t<meta name=\"twitter:label2\" content=\"Est. reading time\" \/>\n\t<meta name=\"twitter:data2\" content=\"2 minuti\" \/>\n<script type=\"application\/ld+json\" class=\"yoast-schema-graph\">{\"@context\":\"https:\/\/schema.org\",\"@graph\":[{\"@type\":\"WebPage\",\"@id\":\"https:\/\/www.intoscana.it\/it\/piero-terracina-morte\/\",\"url\":\"https:\/\/www.intoscana.it\/it\/piero-terracina-morte\/\",\"name\":\"\u00c8 morto Piero Terracina, uno degli ultimi superstiti di Auschwitz - intoscana\",\"isPartOf\":{\"@id\":\"https:\/\/www.intoscana.it\/it\/#website\"},\"primaryImageOfPage\":{\"@id\":\"https:\/\/www.intoscana.it\/it\/piero-terracina-morte\/#primaryimage\"},\"image\":{\"@id\":\"https:\/\/www.intoscana.it\/it\/piero-terracina-morte\/#primaryimage\"},\"thumbnailUrl\":\"https:\/\/www.intoscana.it\/wp-content\/uploads\/102154433-53fe7bda-7f1b-493e-8c82-0082e8c984e0.jpg\",\"datePublished\":\"2019-12-09T08:36:19+00:00\",\"dateModified\":\"2023-09-06T13:54:02+00:00\",\"author\":{\"@id\":\"https:\/\/www.intoscana.it\/it\/#\/schema\/person\/9223810753230f20bd670fdd322661f8\"},\"breadcrumb\":{\"@id\":\"https:\/\/www.intoscana.it\/it\/piero-terracina-morte\/#breadcrumb\"},\"inLanguage\":\"it-IT\",\"potentialAction\":[{\"@type\":\"ReadAction\",\"target\":[\"https:\/\/www.intoscana.it\/it\/piero-terracina-morte\/\"]}]},{\"@type\":\"ImageObject\",\"inLanguage\":\"it-IT\",\"@id\":\"https:\/\/www.intoscana.it\/it\/piero-terracina-morte\/#primaryimage\",\"url\":\"https:\/\/www.intoscana.it\/wp-content\/uploads\/102154433-53fe7bda-7f1b-493e-8c82-0082e8c984e0.jpg\",\"contentUrl\":\"https:\/\/www.intoscana.it\/wp-content\/uploads\/102154433-53fe7bda-7f1b-493e-8c82-0082e8c984e0.jpg\",\"width\":1200,\"height\":675,\"caption\":\"Piero Terracina\"},{\"@type\":\"BreadcrumbList\",\"@id\":\"https:\/\/www.intoscana.it\/it\/piero-terracina-morte\/#breadcrumb\",\"itemListElement\":[{\"@type\":\"ListItem\",\"position\":1,\"name\":\"Home\",\"item\":\"https:\/\/www.intoscana.it\/it\/\"},{\"@type\":\"ListItem\",\"position\":2,\"name\":\"\u00c8 morto Piero Terracina, uno degli ultimi superstiti di Auschwitz\"}]},{\"@type\":\"WebSite\",\"@id\":\"https:\/\/www.intoscana.it\/it\/#website\",\"url\":\"https:\/\/www.intoscana.it\/it\/\",\"name\":\"intoscana\",\"description\":\"\",\"potentialAction\":[{\"@type\":\"SearchAction\",\"target\":{\"@type\":\"EntryPoint\",\"urlTemplate\":\"https:\/\/www.intoscana.it\/it\/?s={search_term_string}\"},\"query-input\":{\"@type\":\"PropertyValueSpecification\",\"valueRequired\":true,\"valueName\":\"search_term_string\"}}],\"inLanguage\":\"it-IT\"},{\"@type\":\"Person\",\"@id\":\"https:\/\/www.intoscana.it\/it\/#\/schema\/person\/9223810753230f20bd670fdd322661f8\",\"name\":\"Redazione\",\"url\":\"https:\/\/www.intoscana.it\/it\/author\/redazione\/\"}]}<\/script>\n<!-- \/ Yoast SEO Premium plugin. -->","yoast_head_json":{"title":"\u00c8 morto Piero Terracina, uno degli ultimi superstiti di Auschwitz - intoscana","robots":{"index":"index","follow":"follow","max-snippet":"max-snippet:-1","max-image-preview":"max-image-preview:large","max-video-preview":"max-video-preview:-1"},"canonical":"https:\/\/www.intoscana.it\/it\/piero-terracina-morte\/","og_locale":"it_IT","og_type":"article","og_title":"\u00c8 morto Piero Terracina, uno degli ultimi superstiti di Auschwitz","og_description":"Il sindaco di Sant'Anna di Stazzema Maurizio Verona lo ricorda in una lunga e commovente lettera","og_url":"https:\/\/www.intoscana.it\/it\/piero-terracina-morte\/","og_site_name":"intoscana","article_publisher":"https:\/\/www.facebook.com\/intoscana.it","article_published_time":"2019-12-09T08:36:19+00:00","article_modified_time":"2023-09-06T13:54:02+00:00","og_image":[{"width":1200,"height":675,"url":"https:\/\/www.intoscana.it\/wp-content\/uploads\/102154433-53fe7bda-7f1b-493e-8c82-0082e8c984e0.jpg","type":"image\/jpeg"}],"author":"Redazione","twitter_card":"summary_large_image","twitter_creator":"@intoscana","twitter_site":"@intoscana","twitter_misc":{"Written by":"Redazione","Est. reading time":"2 minuti"},"schema":{"@context":"https:\/\/schema.org","@graph":[{"@type":"WebPage","@id":"https:\/\/www.intoscana.it\/it\/piero-terracina-morte\/","url":"https:\/\/www.intoscana.it\/it\/piero-terracina-morte\/","name":"\u00c8 morto Piero Terracina, uno degli ultimi superstiti di Auschwitz - intoscana","isPartOf":{"@id":"https:\/\/www.intoscana.it\/it\/#website"},"primaryImageOfPage":{"@id":"https:\/\/www.intoscana.it\/it\/piero-terracina-morte\/#primaryimage"},"image":{"@id":"https:\/\/www.intoscana.it\/it\/piero-terracina-morte\/#primaryimage"},"thumbnailUrl":"https:\/\/www.intoscana.it\/wp-content\/uploads\/102154433-53fe7bda-7f1b-493e-8c82-0082e8c984e0.jpg","datePublished":"2019-12-09T08:36:19+00:00","dateModified":"2023-09-06T13:54:02+00:00","author":{"@id":"https:\/\/www.intoscana.it\/it\/#\/schema\/person\/9223810753230f20bd670fdd322661f8"},"breadcrumb":{"@id":"https:\/\/www.intoscana.it\/it\/piero-terracina-morte\/#breadcrumb"},"inLanguage":"it-IT","potentialAction":[{"@type":"ReadAction","target":["https:\/\/www.intoscana.it\/it\/piero-terracina-morte\/"]}]},{"@type":"ImageObject","inLanguage":"it-IT","@id":"https:\/\/www.intoscana.it\/it\/piero-terracina-morte\/#primaryimage","url":"https:\/\/www.intoscana.it\/wp-content\/uploads\/102154433-53fe7bda-7f1b-493e-8c82-0082e8c984e0.jpg","contentUrl":"https:\/\/www.intoscana.it\/wp-content\/uploads\/102154433-53fe7bda-7f1b-493e-8c82-0082e8c984e0.jpg","width":1200,"height":675,"caption":"Piero Terracina"},{"@type":"BreadcrumbList","@id":"https:\/\/www.intoscana.it\/it\/piero-terracina-morte\/#breadcrumb","itemListElement":[{"@type":"ListItem","position":1,"name":"Home","item":"https:\/\/www.intoscana.it\/it\/"},{"@type":"ListItem","position":2,"name":"\u00c8 morto Piero Terracina, uno degli ultimi superstiti di Auschwitz"}]},{"@type":"WebSite","@id":"https:\/\/www.intoscana.it\/it\/#website","url":"https:\/\/www.intoscana.it\/it\/","name":"intoscana","description":"","potentialAction":[{"@type":"SearchAction","target":{"@type":"EntryPoint","urlTemplate":"https:\/\/www.intoscana.it\/it\/?s={search_term_string}"},"query-input":{"@type":"PropertyValueSpecification","valueRequired":true,"valueName":"search_term_string"}}],"inLanguage":"it-IT"},{"@type":"Person","@id":"https:\/\/www.intoscana.it\/it\/#\/schema\/person\/9223810753230f20bd670fdd322661f8","name":"Redazione","url":"https:\/\/www.intoscana.it\/it\/author\/redazione\/"}]}},"_links":{"self":[{"href":"https:\/\/www.intoscana.it\/it\/wp-json\/wp\/v2\/posts\/64995","targetHints":{"allow":["GET"]}}],"collection":[{"href":"https:\/\/www.intoscana.it\/it\/wp-json\/wp\/v2\/posts"}],"about":[{"href":"https:\/\/www.intoscana.it\/it\/wp-json\/wp\/v2\/types\/post"}],"author":[{"embeddable":true,"href":"https:\/\/www.intoscana.it\/it\/wp-json\/wp\/v2\/users\/525"}],"replies":[{"embeddable":true,"href":"https:\/\/www.intoscana.it\/it\/wp-json\/wp\/v2\/comments?post=64995"}],"version-history":[{"count":0,"href":"https:\/\/www.intoscana.it\/it\/wp-json\/wp\/v2\/posts\/64995\/revisions"}],"wp:featuredmedia":[{"embeddable":true,"href":"https:\/\/www.intoscana.it\/it\/wp-json\/wp\/v2\/media\/102459"}],"wp:attachment":[{"href":"https:\/\/www.intoscana.it\/it\/wp-json\/wp\/v2\/media?parent=64995"}],"wp:term":[{"taxonomy":"category","embeddable":true,"href":"https:\/\/www.intoscana.it\/it\/wp-json\/wp\/v2\/categories?post=64995"},{"taxonomy":"post_tag","embeddable":true,"href":"https:\/\/www.intoscana.it\/it\/wp-json\/wp\/v2\/tags?post=64995"}],"curies":[{"name":"wp","href":"https:\/\/api.w.org\/{rel}","templated":true}]}}