{"id":66169,"date":"2020-02-22T07:55:03","date_gmt":"2020-02-22T07:55:03","guid":{"rendered":"http:\/\/www.intoscana.it\/il-circuito-del-mugello-si-candida-a-ospitare-la-formula-uno\/"},"modified":"2020-05-19T16:03:00","modified_gmt":"2020-05-19T14:03:00","slug":"mugello-formula-uno","status":"publish","type":"post","link":"https:\/\/www.intoscana.it\/it\/mugello-formula-uno\/","title":{"rendered":"Il circuito del Mugello si candida a ospitare la Formula Uno"},"content":{"rendered":"<p><strong>Con il rinvio del Gp di F1 sul circuito di Shangai, in Cina, a causa del coronavirus, il Mugello sogna di rimpiazzare con il suo autodromo di Scarperia la data diventata vuota nel calendario mondiale.<\/strong> L&#8217;auspicio \u00e8 affidato a una nota del sindaco della citt\u00e0 metropolitana di Firenze Dario Nardella, del presidente del Consiglio regionale della Toscana Eugenio Giani e dal sindaco di Scarperia &#8211; dove c&#8217;\u00e8 l&#8217;autodromo &#8211; Federico Ignesti.<\/p>\n<p><strong>\u00abAvere un Gran premio di Formula Uno sul circuito internazionale del Mugello\u00bb, che gi\u00e0 ospita una tappa della MotoGp, serie iridata, \u00absarebbe uno straordinario evento\u00bb, ha detto il sindaco Ignesti.<\/strong> \u00abGarantire al meglio la riuscita di una manifestazione di prestigio quale la Formula Uno rappresenterebbe una grande sfida, ma anche una grandissima opportunit\u00e0 &#8211; ha proseguito -. L&#8217;Autodromo del Mugello \u00e8 un impianto bellissimo e pi\u00f9 volte premiato\u00bb.<\/p>\n<p><strong>Per Dario Nardella \u00abFirenze e Ferrari sono un&#8217;accoppiata mondiale nel segno della bellezza, dell&#8217;italianit\u00e0 e dell&#8217;eccellenza.<\/strong> La presenza del circuito del Mugello apre a straordinarie opportunit\u00e0, la Formula Uno al Mugello rappresenterebbe un elemento in grado di rafforzare la valorizzazione e promozione di tutto il territorio con il suo scrigno pieno di tesori d&#8217;arte, di paesaggio, di attivit\u00e0 artigianali e agroalimentari\u00bb.<\/p>\n<p><strong>Anche per il presidente del Consiglio regionale Eugenio Giani \u00abla Formula Uno in Toscana rappresenterebbe una svolta straordinaria sotto ogni aspetto.<\/strong> Il Mugello \u00e8 anche una grande azienda e questo \u00e8 positivo per la Toscana ed occorre impegnarsi sempre di pi\u00f9 per far capire che il Mugello \u00e8 una grande passione che persone hanno costruito per dare lustro alla nostra regione\u00bb.<\/p>\n<p><strong>Intanto il sindaco di Scarperia, Federico Ignesti, fa sapere che la Ferrari ha in previsione investimenti per lo sviluppo delle strutture all&#8217;interno dell&#8217;autodromo del Mugello<\/strong>, indipendentemente dall&#8217;arrivo o meno di un Gp di Formula Uno. \u00abSono strutture per ospitare al meglio i motorhome dei team che partecipano alle manifestazioni. Ci\u00f2 pu\u00f2 essere propedeutico per avere qui in futuro un gran premio\u00bb.<\/p>\n<p>\u00abImmaginiamo che per motivi di sponsor la Formula Uno dovr\u00e0 rispettare il numero di Gp in programma &#8211; ha proseguito Ignesti, che ne ha parlato a Radio Toscana &#8211; perci\u00f2 come territorio ci candidiamo a sostituire non solo il Gp della Cina ma anche qualsiasi altra gara che per un qualsiasi motivo non potesse essere disputata. Siamo sempre in contatto con la Ferrari perch\u00e9 vediamo l&#8217;arrivo della Formula Uno al Mugello come una grande opportunit\u00e0. Fino a qualche anno fa &#8211; spiega bene il sindaco di Scarperia &#8211; tutto ci\u00f2 non sarebbe stato possibile perch\u00e9 i circuiti di propriet\u00e0 non venivano inseriti in calendario. Adesso, dopo che il circus della F1 corre al Red Bull Ring (circuito di propriet\u00e0 dell&#8217;azienda che, oltre a produrre la bibita energetica, d\u00e0 il nome all&#8217;omonima scuderia) questo veto \u00e8 caduto\u00bb.<\/p>\n<p><strong>\u00abLa possibilit\u00e0\u00bb di un Gp al Mugello, quindi, \u00abc&#8217;\u00e8 ed \u00e8 concreta e noi ci lavoriamo, poi spetter\u00e0 alla Liberty Media &#8211; societ\u00e0 organizzatrice e proprietaria dei diritti della Formula Uno &#8211; valutare se il Mugello sar\u00e0 o meno una valida alternativa a Shanghai\u00bb.<\/strong> Ignesti ha pure reso noto che \u00abil sindaco di Firenze e della citt\u00e0 metropolitana Dario Nardella il 5 marzo porter\u00e0 la candidatura al ministro per le politiche giovanili e lo sport Vincenzo Spadafora\u00bb.<\/p>\n","protected":false},"excerpt":{"rendered":"<p>La tappa di Shangai \u00e8 saltata a causa del Coronavirus e l&#8217;area metropolitana di Firenze si dichiara pronta ad accogliere la gara di F1. Ferrari disposta a investire sull&#8217;autodromo<\/p>\n","protected":false},"author":525,"featured_media":103713,"comment_status":"open","ping_status":"open","sticky":false,"template":"","format":"standard","meta":{"_acf_changed":false,"footnotes":""},"categories":[494,10],"tags":[375],"class_list":["post-66169","post","type-post","status-publish","format-standard","has-post-thumbnail","hentry","category-attualita","category-sport","tag-mugello"],"acf":[],"yoast_head":"<!-- This site is optimized with the Yoast SEO Premium plugin v24.2 (Yoast SEO v25.6) - https:\/\/yoast.com\/wordpress\/plugins\/seo\/ -->\n<title>Il circuito del Mugello si candida a ospitare la Formula Uno - intoscana<\/title>\n<meta name=\"robots\" content=\"index, follow, max-snippet:-1, max-image-preview:large, max-video-preview:-1\" \/>\n<link rel=\"canonical\" href=\"https:\/\/www.intoscana.it\/it\/mugello-formula-uno\/\" \/>\n<meta property=\"og:locale\" content=\"it_IT\" \/>\n<meta property=\"og:type\" content=\"article\" \/>\n<meta property=\"og:title\" content=\"Il circuito del Mugello si candida a ospitare la Formula Uno\" \/>\n<meta property=\"og:description\" content=\"La tappa di Shangai \u00e8 saltata a causa del Coronavirus e l&#039;area metropolitana di Firenze si dichiara pronta ad accogliere la gara di F1. Ferrari disposta a investire sull&#039;autodromo\" \/>\n<meta property=\"og:url\" content=\"https:\/\/www.intoscana.it\/it\/mugello-formula-uno\/\" \/>\n<meta property=\"og:site_name\" content=\"intoscana\" \/>\n<meta property=\"article:publisher\" content=\"https:\/\/www.facebook.com\/intoscana.it\" \/>\n<meta property=\"article:published_time\" content=\"2020-02-22T07:55:03+00:00\" \/>\n<meta property=\"article:modified_time\" content=\"2020-05-19T14:03:00+00:00\" \/>\n<meta property=\"og:image\" content=\"https:\/\/www.intoscana.it\/wp-content\/uploads\/circuito-mugello-per-f1.jpg\" \/>\n\t<meta property=\"og:image:width\" content=\"1920\" \/>\n\t<meta property=\"og:image:height\" content=\"1080\" \/>\n\t<meta property=\"og:image:type\" content=\"image\/jpeg\" \/>\n<meta name=\"author\" content=\"Redazione\" \/>\n<meta name=\"twitter:card\" content=\"summary_large_image\" \/>\n<meta name=\"twitter:creator\" content=\"@intoscana\" \/>\n<meta name=\"twitter:site\" content=\"@intoscana\" \/>\n<meta name=\"twitter:label1\" content=\"Written by\" \/>\n\t<meta name=\"twitter:data1\" content=\"Redazione\" \/>\n\t<meta name=\"twitter:label2\" content=\"Est. reading time\" \/>\n\t<meta name=\"twitter:data2\" content=\"3 minuti\" \/>\n<script type=\"application\/ld+json\" class=\"yoast-schema-graph\">{\"@context\":\"https:\/\/schema.org\",\"@graph\":[{\"@type\":\"WebPage\",\"@id\":\"https:\/\/www.intoscana.it\/it\/mugello-formula-uno\/\",\"url\":\"https:\/\/www.intoscana.it\/it\/mugello-formula-uno\/\",\"name\":\"Il circuito del Mugello si candida a ospitare la Formula Uno - intoscana\",\"isPartOf\":{\"@id\":\"https:\/\/www.intoscana.it\/it\/#website\"},\"primaryImageOfPage\":{\"@id\":\"https:\/\/www.intoscana.it\/it\/mugello-formula-uno\/#primaryimage\"},\"image\":{\"@id\":\"https:\/\/www.intoscana.it\/it\/mugello-formula-uno\/#primaryimage\"},\"thumbnailUrl\":\"https:\/\/www.intoscana.it\/wp-content\/uploads\/circuito-mugello-per-f1.jpg\",\"datePublished\":\"2020-02-22T07:55:03+00:00\",\"dateModified\":\"2020-05-19T14:03:00+00:00\",\"author\":{\"@id\":\"https:\/\/www.intoscana.it\/it\/#\/schema\/person\/9223810753230f20bd670fdd322661f8\"},\"breadcrumb\":{\"@id\":\"https:\/\/www.intoscana.it\/it\/mugello-formula-uno\/#breadcrumb\"},\"inLanguage\":\"it-IT\",\"potentialAction\":[{\"@type\":\"ReadAction\",\"target\":[\"https:\/\/www.intoscana.it\/it\/mugello-formula-uno\/\"]}]},{\"@type\":\"ImageObject\",\"inLanguage\":\"it-IT\",\"@id\":\"https:\/\/www.intoscana.it\/it\/mugello-formula-uno\/#primaryimage\",\"url\":\"https:\/\/www.intoscana.it\/wp-content\/uploads\/circuito-mugello-per-f1.jpg\",\"contentUrl\":\"https:\/\/www.intoscana.it\/wp-content\/uploads\/circuito-mugello-per-f1.jpg\",\"width\":1920,\"height\":1080,\"caption\":\"Il circuito del mugello\"},{\"@type\":\"BreadcrumbList\",\"@id\":\"https:\/\/www.intoscana.it\/it\/mugello-formula-uno\/#breadcrumb\",\"itemListElement\":[{\"@type\":\"ListItem\",\"position\":1,\"name\":\"Home\",\"item\":\"https:\/\/www.intoscana.it\/it\/\"},{\"@type\":\"ListItem\",\"position\":2,\"name\":\"Il circuito del Mugello si candida a ospitare la Formula Uno\"}]},{\"@type\":\"WebSite\",\"@id\":\"https:\/\/www.intoscana.it\/it\/#website\",\"url\":\"https:\/\/www.intoscana.it\/it\/\",\"name\":\"intoscana\",\"description\":\"\",\"potentialAction\":[{\"@type\":\"SearchAction\",\"target\":{\"@type\":\"EntryPoint\",\"urlTemplate\":\"https:\/\/www.intoscana.it\/it\/?s={search_term_string}\"},\"query-input\":{\"@type\":\"PropertyValueSpecification\",\"valueRequired\":true,\"valueName\":\"search_term_string\"}}],\"inLanguage\":\"it-IT\"},{\"@type\":\"Person\",\"@id\":\"https:\/\/www.intoscana.it\/it\/#\/schema\/person\/9223810753230f20bd670fdd322661f8\",\"name\":\"Redazione\",\"url\":\"https:\/\/www.intoscana.it\/it\/author\/redazione\/\"}]}<\/script>\n<!-- \/ Yoast SEO Premium plugin. -->","yoast_head_json":{"title":"Il circuito del Mugello si candida a ospitare la Formula Uno - intoscana","robots":{"index":"index","follow":"follow","max-snippet":"max-snippet:-1","max-image-preview":"max-image-preview:large","max-video-preview":"max-video-preview:-1"},"canonical":"https:\/\/www.intoscana.it\/it\/mugello-formula-uno\/","og_locale":"it_IT","og_type":"article","og_title":"Il circuito del Mugello si candida a ospitare la Formula Uno","og_description":"La tappa di Shangai \u00e8 saltata a causa del Coronavirus e l'area metropolitana di Firenze si dichiara pronta ad accogliere la gara di F1. Ferrari disposta a investire sull'autodromo","og_url":"https:\/\/www.intoscana.it\/it\/mugello-formula-uno\/","og_site_name":"intoscana","article_publisher":"https:\/\/www.facebook.com\/intoscana.it","article_published_time":"2020-02-22T07:55:03+00:00","article_modified_time":"2020-05-19T14:03:00+00:00","og_image":[{"width":1920,"height":1080,"url":"https:\/\/www.intoscana.it\/wp-content\/uploads\/circuito-mugello-per-f1.jpg","type":"image\/jpeg"}],"author":"Redazione","twitter_card":"summary_large_image","twitter_creator":"@intoscana","twitter_site":"@intoscana","twitter_misc":{"Written by":"Redazione","Est. reading time":"3 minuti"},"schema":{"@context":"https:\/\/schema.org","@graph":[{"@type":"WebPage","@id":"https:\/\/www.intoscana.it\/it\/mugello-formula-uno\/","url":"https:\/\/www.intoscana.it\/it\/mugello-formula-uno\/","name":"Il circuito del Mugello si candida a ospitare la Formula Uno - intoscana","isPartOf":{"@id":"https:\/\/www.intoscana.it\/it\/#website"},"primaryImageOfPage":{"@id":"https:\/\/www.intoscana.it\/it\/mugello-formula-uno\/#primaryimage"},"image":{"@id":"https:\/\/www.intoscana.it\/it\/mugello-formula-uno\/#primaryimage"},"thumbnailUrl":"https:\/\/www.intoscana.it\/wp-content\/uploads\/circuito-mugello-per-f1.jpg","datePublished":"2020-02-22T07:55:03+00:00","dateModified":"2020-05-19T14:03:00+00:00","author":{"@id":"https:\/\/www.intoscana.it\/it\/#\/schema\/person\/9223810753230f20bd670fdd322661f8"},"breadcrumb":{"@id":"https:\/\/www.intoscana.it\/it\/mugello-formula-uno\/#breadcrumb"},"inLanguage":"it-IT","potentialAction":[{"@type":"ReadAction","target":["https:\/\/www.intoscana.it\/it\/mugello-formula-uno\/"]}]},{"@type":"ImageObject","inLanguage":"it-IT","@id":"https:\/\/www.intoscana.it\/it\/mugello-formula-uno\/#primaryimage","url":"https:\/\/www.intoscana.it\/wp-content\/uploads\/circuito-mugello-per-f1.jpg","contentUrl":"https:\/\/www.intoscana.it\/wp-content\/uploads\/circuito-mugello-per-f1.jpg","width":1920,"height":1080,"caption":"Il circuito del mugello"},{"@type":"BreadcrumbList","@id":"https:\/\/www.intoscana.it\/it\/mugello-formula-uno\/#breadcrumb","itemListElement":[{"@type":"ListItem","position":1,"name":"Home","item":"https:\/\/www.intoscana.it\/it\/"},{"@type":"ListItem","position":2,"name":"Il circuito del Mugello si candida a ospitare la Formula Uno"}]},{"@type":"WebSite","@id":"https:\/\/www.intoscana.it\/it\/#website","url":"https:\/\/www.intoscana.it\/it\/","name":"intoscana","description":"","potentialAction":[{"@type":"SearchAction","target":{"@type":"EntryPoint","urlTemplate":"https:\/\/www.intoscana.it\/it\/?s={search_term_string}"},"query-input":{"@type":"PropertyValueSpecification","valueRequired":true,"valueName":"search_term_string"}}],"inLanguage":"it-IT"},{"@type":"Person","@id":"https:\/\/www.intoscana.it\/it\/#\/schema\/person\/9223810753230f20bd670fdd322661f8","name":"Redazione","url":"https:\/\/www.intoscana.it\/it\/author\/redazione\/"}]}},"_links":{"self":[{"href":"https:\/\/www.intoscana.it\/it\/wp-json\/wp\/v2\/posts\/66169","targetHints":{"allow":["GET"]}}],"collection":[{"href":"https:\/\/www.intoscana.it\/it\/wp-json\/wp\/v2\/posts"}],"about":[{"href":"https:\/\/www.intoscana.it\/it\/wp-json\/wp\/v2\/types\/post"}],"author":[{"embeddable":true,"href":"https:\/\/www.intoscana.it\/it\/wp-json\/wp\/v2\/users\/525"}],"replies":[{"embeddable":true,"href":"https:\/\/www.intoscana.it\/it\/wp-json\/wp\/v2\/comments?post=66169"}],"version-history":[{"count":0,"href":"https:\/\/www.intoscana.it\/it\/wp-json\/wp\/v2\/posts\/66169\/revisions"}],"wp:featuredmedia":[{"embeddable":true,"href":"https:\/\/www.intoscana.it\/it\/wp-json\/wp\/v2\/media\/103713"}],"wp:attachment":[{"href":"https:\/\/www.intoscana.it\/it\/wp-json\/wp\/v2\/media?parent=66169"}],"wp:term":[{"taxonomy":"category","embeddable":true,"href":"https:\/\/www.intoscana.it\/it\/wp-json\/wp\/v2\/categories?post=66169"},{"taxonomy":"post_tag","embeddable":true,"href":"https:\/\/www.intoscana.it\/it\/wp-json\/wp\/v2\/tags?post=66169"}],"curies":[{"name":"wp","href":"https:\/\/api.w.org\/{rel}","templated":true}]}}