{"id":66223,"date":"2019-08-24T10:10:51","date_gmt":"2019-08-24T10:10:51","guid":{"rendered":"http:\/\/www.intoscana.it\/onde-gravitazionali-captato-un-nuovo-segnale-dalluniverso\/"},"modified":"2020-05-18T09:38:48","modified_gmt":"2020-05-18T07:38:48","slug":"onde-gravitazionali-captato-un-nuovo-segnale-dalluniverso","status":"publish","type":"post","link":"https:\/\/www.intoscana.it\/it\/onde-gravitazionali-captato-un-nuovo-segnale-dalluniverso\/","title":{"rendered":"Onde gravitazionali: captato un nuovo segnale dall&#8217;universo"},"content":{"rendered":"<p><strong>Un altro segnale captato dalle profondit\u00e0 dell&#8217;universo a Cascina, che potrebbe raccontare un evento mai registrato prima da una strumentazione scientifica<\/strong>. \u00c8 la nuova onda gravitazionale che \u00e8 stata captata a met\u00e0 agosto dai rivelatori della <strong>collaborazione internazionale Ligo-Virgo.<\/strong> Il suo segnale \u00e8 giunto forte e chiaro e da allora gli astrofisici stanno vagliando febbrilmente enormi moli di dati per capire se quello che \u00e8 stato intercettato \u00e8 davvero il messaggio che inseguivano da tempo,<strong> ovvero il segnale di una stella di neutroni inghiottita da un buco nero.<\/strong><\/p>\n<p>Questo evento \u00e8 infatti il pi\u00f9 atteso, dopo che <strong>i rivelatori nell&#8217;estate del 2017 hanno registrato l&#8217;onda gravitazionale generata dalla fusione di due buchi neri<\/strong> e quella provocata dalla fusione di due stelle di neutroni. La storia si sta ripetendo anche questa estate, a meno di quattro mesi dalla riaccensione dei tre rivelatori di onde gravitazionali posti sulle due sponde dell&#8217;Atlantico.<strong><\/p>\n<p>Si tratta di Virgo, l&#8217;interferometro pisano che si trova appunto a Cascina gestito dall&#8217;Osservatorio Gravitazionale Europeo Ego (a cui l&#8217;Italia partecipa con l&#8217;Istituto nazionale di fisica nucleare, Infn)<\/strong>, e le due macchine del rivelatore statunitense Ligo della National Science Foundation, una nello Stato di Washington e l&#8217;altra in Louisiana. Sono loro che all&#8217;unisono, lo scorso 14 agosto, hanno intercettato il nuovo segnale.<\/p>\n<p><img decoding=\"async\" alt=\"virgo-ricercatori\" style=\"width: 603px;\" title=\"virgo-ricercatori\" src=\"https:\/\/www.intoscana.it\/shared\/intoscana\/immagini\/tecnologia\/virgo-ricercatori.jpg\" height=\"401\" \/><\/p>\n<p>&#8220;\u00c8 arrivato quando in Italia erano le 23:11 &#8211; spiega Giovanni Prodi, fisico dell&#8217;Universit\u00e0 di Trento associato all&#8217;Infn, nonch\u00e9 coordinatore dell&#8217;analisi dei dati di Virgo &#8211; quella notte abbiamo festeggiato il Ferragosto con due ore di teleconferenza, avevamo capito subito che si trattava di una cosa grossa&#8221;.<br \/><strong> I dati, infatti, provenivano da tutti e tre i rivelatori, che insieme hanno permesso di fare una sorta di triangolazione per inquadrare con maggior precisione la zona di cielo dalla quale \u00e8 arrivato il segnale:<\/strong> localizzato a quasi 900 anni luce da noi, \u00e8 talmente nitido che &#8220;la probabilit\u00e0 che si tratti di un&#8217;onda gravitazionale genuina \u00e8 superiore al 99%&#8221;, sottolinea Prodi.<\/p>\n<p><strong>&#8220;Le analisi condotte nelle prime 12 ore fanno intendere che ci troviamo davanti a una stella di neutroni ingoiata da un buco nero: se confermato, questo sarebbe il segnale che inseguiamo da tempo,<\/strong> perch\u00e9 finora avevamo registrato solo segnali della fusione di due buchi neri o di due stelle di neutroni &#8211; conclude Prodi &#8211; sarebbe dunque la prima &#8216;coppia mista&#8217; che potrebbe rivelarci quanto \u00e8 frequente questo genere di sistema binario, fornendo preziose informazioni anche sulla materia e il comportamento delle stelle di neutroni, che sono oggetti estremamente densi e compatti. Per avere una risposta serviranno ancora molte settimane di analisi dei dati, ma siamo convinti di poter ottenere risultati scientifici molto importanti&#8221;.<\/p>\n","protected":false},"excerpt":{"rendered":"<p>Ad agosto il rilevatore Virgo di Cascina, insieme agli altri due che si trovano negli Usa, ha intercettato un segnale: potrebbe essere una stella di neutroni ingoiata da un buco nero<\/p>\n","protected":false},"author":525,"featured_media":103767,"comment_status":"open","ping_status":"open","sticky":false,"template":"","format":"standard","meta":{"_acf_changed":false,"footnotes":""},"categories":[475,15],"tags":[],"class_list":["post-66223","post","type-post","status-publish","format-standard","has-post-thumbnail","hentry","category-innovazione","category-tecnologia"],"acf":[],"yoast_head":"<!-- This site is optimized with the Yoast SEO Premium plugin v24.2 (Yoast SEO v25.6) - https:\/\/yoast.com\/wordpress\/plugins\/seo\/ -->\n<title>Onde gravitazionali: captato un nuovo segnale dall&#039;universo - intoscana<\/title>\n<meta name=\"robots\" content=\"index, follow, max-snippet:-1, max-image-preview:large, max-video-preview:-1\" \/>\n<link rel=\"canonical\" href=\"https:\/\/www.intoscana.it\/it\/onde-gravitazionali-captato-un-nuovo-segnale-dalluniverso\/\" \/>\n<meta property=\"og:locale\" content=\"it_IT\" \/>\n<meta property=\"og:type\" content=\"article\" \/>\n<meta property=\"og:title\" content=\"Onde gravitazionali: captato un nuovo segnale dall&#039;universo\" \/>\n<meta property=\"og:description\" content=\"Ad agosto il rilevatore Virgo di Cascina, insieme agli altri due che si trovano negli Usa, ha intercettato un segnale: potrebbe essere una stella di neutroni ingoiata da un buco nero\" \/>\n<meta property=\"og:url\" content=\"https:\/\/www.intoscana.it\/it\/onde-gravitazionali-captato-un-nuovo-segnale-dalluniverso\/\" \/>\n<meta property=\"og:site_name\" content=\"intoscana\" \/>\n<meta property=\"article:publisher\" content=\"https:\/\/www.facebook.com\/intoscana.it\" \/>\n<meta property=\"article:published_time\" content=\"2019-08-24T10:10:51+00:00\" \/>\n<meta property=\"article:modified_time\" content=\"2020-05-18T07:38:48+00:00\" \/>\n<meta property=\"og:image\" content=\"https:\/\/www.intoscana.it\/wp-content\/uploads\/virgo-6.jpg\" \/>\n\t<meta property=\"og:image:width\" content=\"792\" \/>\n\t<meta property=\"og:image:height\" content=\"594\" \/>\n\t<meta property=\"og:image:type\" content=\"image\/jpeg\" \/>\n<meta name=\"author\" content=\"Redazione\" \/>\n<meta name=\"twitter:card\" content=\"summary_large_image\" \/>\n<meta name=\"twitter:creator\" content=\"@intoscana\" \/>\n<meta name=\"twitter:site\" content=\"@intoscana\" \/>\n<meta name=\"twitter:label1\" content=\"Written by\" \/>\n\t<meta name=\"twitter:data1\" content=\"Redazione\" \/>\n\t<meta name=\"twitter:label2\" content=\"Est. reading time\" \/>\n\t<meta name=\"twitter:data2\" content=\"2 minuti\" \/>\n<script type=\"application\/ld+json\" class=\"yoast-schema-graph\">{\"@context\":\"https:\/\/schema.org\",\"@graph\":[{\"@type\":\"WebPage\",\"@id\":\"https:\/\/www.intoscana.it\/it\/onde-gravitazionali-captato-un-nuovo-segnale-dalluniverso\/\",\"url\":\"https:\/\/www.intoscana.it\/it\/onde-gravitazionali-captato-un-nuovo-segnale-dalluniverso\/\",\"name\":\"Onde gravitazionali: captato un nuovo segnale dall'universo - intoscana\",\"isPartOf\":{\"@id\":\"https:\/\/www.intoscana.it\/it\/#website\"},\"primaryImageOfPage\":{\"@id\":\"https:\/\/www.intoscana.it\/it\/onde-gravitazionali-captato-un-nuovo-segnale-dalluniverso\/#primaryimage\"},\"image\":{\"@id\":\"https:\/\/www.intoscana.it\/it\/onde-gravitazionali-captato-un-nuovo-segnale-dalluniverso\/#primaryimage\"},\"thumbnailUrl\":\"https:\/\/www.intoscana.it\/wp-content\/uploads\/virgo-6.jpg\",\"datePublished\":\"2019-08-24T10:10:51+00:00\",\"dateModified\":\"2020-05-18T07:38:48+00:00\",\"author\":{\"@id\":\"https:\/\/www.intoscana.it\/it\/#\/schema\/person\/9223810753230f20bd670fdd322661f8\"},\"breadcrumb\":{\"@id\":\"https:\/\/www.intoscana.it\/it\/onde-gravitazionali-captato-un-nuovo-segnale-dalluniverso\/#breadcrumb\"},\"inLanguage\":\"it-IT\",\"potentialAction\":[{\"@type\":\"ReadAction\",\"target\":[\"https:\/\/www.intoscana.it\/it\/onde-gravitazionali-captato-un-nuovo-segnale-dalluniverso\/\"]}]},{\"@type\":\"ImageObject\",\"inLanguage\":\"it-IT\",\"@id\":\"https:\/\/www.intoscana.it\/it\/onde-gravitazionali-captato-un-nuovo-segnale-dalluniverso\/#primaryimage\",\"url\":\"https:\/\/www.intoscana.it\/wp-content\/uploads\/virgo-6.jpg\",\"contentUrl\":\"https:\/\/www.intoscana.it\/wp-content\/uploads\/virgo-6.jpg\",\"width\":792,\"height\":594,\"caption\":\"Il rilevatore Virgo di Cascina\"},{\"@type\":\"BreadcrumbList\",\"@id\":\"https:\/\/www.intoscana.it\/it\/onde-gravitazionali-captato-un-nuovo-segnale-dalluniverso\/#breadcrumb\",\"itemListElement\":[{\"@type\":\"ListItem\",\"position\":1,\"name\":\"Home\",\"item\":\"https:\/\/www.intoscana.it\/it\/\"},{\"@type\":\"ListItem\",\"position\":2,\"name\":\"Onde gravitazionali: captato un nuovo segnale dall&#8217;universo\"}]},{\"@type\":\"WebSite\",\"@id\":\"https:\/\/www.intoscana.it\/it\/#website\",\"url\":\"https:\/\/www.intoscana.it\/it\/\",\"name\":\"intoscana\",\"description\":\"\",\"potentialAction\":[{\"@type\":\"SearchAction\",\"target\":{\"@type\":\"EntryPoint\",\"urlTemplate\":\"https:\/\/www.intoscana.it\/it\/?s={search_term_string}\"},\"query-input\":{\"@type\":\"PropertyValueSpecification\",\"valueRequired\":true,\"valueName\":\"search_term_string\"}}],\"inLanguage\":\"it-IT\"},{\"@type\":\"Person\",\"@id\":\"https:\/\/www.intoscana.it\/it\/#\/schema\/person\/9223810753230f20bd670fdd322661f8\",\"name\":\"Redazione\",\"url\":\"https:\/\/www.intoscana.it\/it\/author\/redazione\/\"}]}<\/script>\n<!-- \/ Yoast SEO Premium plugin. -->","yoast_head_json":{"title":"Onde gravitazionali: captato un nuovo segnale dall'universo - intoscana","robots":{"index":"index","follow":"follow","max-snippet":"max-snippet:-1","max-image-preview":"max-image-preview:large","max-video-preview":"max-video-preview:-1"},"canonical":"https:\/\/www.intoscana.it\/it\/onde-gravitazionali-captato-un-nuovo-segnale-dalluniverso\/","og_locale":"it_IT","og_type":"article","og_title":"Onde gravitazionali: captato un nuovo segnale dall'universo","og_description":"Ad agosto il rilevatore Virgo di Cascina, insieme agli altri due che si trovano negli Usa, ha intercettato un segnale: potrebbe essere una stella di neutroni ingoiata da un buco nero","og_url":"https:\/\/www.intoscana.it\/it\/onde-gravitazionali-captato-un-nuovo-segnale-dalluniverso\/","og_site_name":"intoscana","article_publisher":"https:\/\/www.facebook.com\/intoscana.it","article_published_time":"2019-08-24T10:10:51+00:00","article_modified_time":"2020-05-18T07:38:48+00:00","og_image":[{"width":792,"height":594,"url":"https:\/\/www.intoscana.it\/wp-content\/uploads\/virgo-6.jpg","type":"image\/jpeg"}],"author":"Redazione","twitter_card":"summary_large_image","twitter_creator":"@intoscana","twitter_site":"@intoscana","twitter_misc":{"Written by":"Redazione","Est. reading time":"2 minuti"},"schema":{"@context":"https:\/\/schema.org","@graph":[{"@type":"WebPage","@id":"https:\/\/www.intoscana.it\/it\/onde-gravitazionali-captato-un-nuovo-segnale-dalluniverso\/","url":"https:\/\/www.intoscana.it\/it\/onde-gravitazionali-captato-un-nuovo-segnale-dalluniverso\/","name":"Onde gravitazionali: captato un nuovo segnale dall'universo - intoscana","isPartOf":{"@id":"https:\/\/www.intoscana.it\/it\/#website"},"primaryImageOfPage":{"@id":"https:\/\/www.intoscana.it\/it\/onde-gravitazionali-captato-un-nuovo-segnale-dalluniverso\/#primaryimage"},"image":{"@id":"https:\/\/www.intoscana.it\/it\/onde-gravitazionali-captato-un-nuovo-segnale-dalluniverso\/#primaryimage"},"thumbnailUrl":"https:\/\/www.intoscana.it\/wp-content\/uploads\/virgo-6.jpg","datePublished":"2019-08-24T10:10:51+00:00","dateModified":"2020-05-18T07:38:48+00:00","author":{"@id":"https:\/\/www.intoscana.it\/it\/#\/schema\/person\/9223810753230f20bd670fdd322661f8"},"breadcrumb":{"@id":"https:\/\/www.intoscana.it\/it\/onde-gravitazionali-captato-un-nuovo-segnale-dalluniverso\/#breadcrumb"},"inLanguage":"it-IT","potentialAction":[{"@type":"ReadAction","target":["https:\/\/www.intoscana.it\/it\/onde-gravitazionali-captato-un-nuovo-segnale-dalluniverso\/"]}]},{"@type":"ImageObject","inLanguage":"it-IT","@id":"https:\/\/www.intoscana.it\/it\/onde-gravitazionali-captato-un-nuovo-segnale-dalluniverso\/#primaryimage","url":"https:\/\/www.intoscana.it\/wp-content\/uploads\/virgo-6.jpg","contentUrl":"https:\/\/www.intoscana.it\/wp-content\/uploads\/virgo-6.jpg","width":792,"height":594,"caption":"Il rilevatore Virgo di Cascina"},{"@type":"BreadcrumbList","@id":"https:\/\/www.intoscana.it\/it\/onde-gravitazionali-captato-un-nuovo-segnale-dalluniverso\/#breadcrumb","itemListElement":[{"@type":"ListItem","position":1,"name":"Home","item":"https:\/\/www.intoscana.it\/it\/"},{"@type":"ListItem","position":2,"name":"Onde gravitazionali: captato un nuovo segnale dall&#8217;universo"}]},{"@type":"WebSite","@id":"https:\/\/www.intoscana.it\/it\/#website","url":"https:\/\/www.intoscana.it\/it\/","name":"intoscana","description":"","potentialAction":[{"@type":"SearchAction","target":{"@type":"EntryPoint","urlTemplate":"https:\/\/www.intoscana.it\/it\/?s={search_term_string}"},"query-input":{"@type":"PropertyValueSpecification","valueRequired":true,"valueName":"search_term_string"}}],"inLanguage":"it-IT"},{"@type":"Person","@id":"https:\/\/www.intoscana.it\/it\/#\/schema\/person\/9223810753230f20bd670fdd322661f8","name":"Redazione","url":"https:\/\/www.intoscana.it\/it\/author\/redazione\/"}]}},"_links":{"self":[{"href":"https:\/\/www.intoscana.it\/it\/wp-json\/wp\/v2\/posts\/66223","targetHints":{"allow":["GET"]}}],"collection":[{"href":"https:\/\/www.intoscana.it\/it\/wp-json\/wp\/v2\/posts"}],"about":[{"href":"https:\/\/www.intoscana.it\/it\/wp-json\/wp\/v2\/types\/post"}],"author":[{"embeddable":true,"href":"https:\/\/www.intoscana.it\/it\/wp-json\/wp\/v2\/users\/525"}],"replies":[{"embeddable":true,"href":"https:\/\/www.intoscana.it\/it\/wp-json\/wp\/v2\/comments?post=66223"}],"version-history":[{"count":0,"href":"https:\/\/www.intoscana.it\/it\/wp-json\/wp\/v2\/posts\/66223\/revisions"}],"wp:featuredmedia":[{"embeddable":true,"href":"https:\/\/www.intoscana.it\/it\/wp-json\/wp\/v2\/media\/103767"}],"wp:attachment":[{"href":"https:\/\/www.intoscana.it\/it\/wp-json\/wp\/v2\/media?parent=66223"}],"wp:term":[{"taxonomy":"category","embeddable":true,"href":"https:\/\/www.intoscana.it\/it\/wp-json\/wp\/v2\/categories?post=66223"},{"taxonomy":"post_tag","embeddable":true,"href":"https:\/\/www.intoscana.it\/it\/wp-json\/wp\/v2\/tags?post=66223"}],"curies":[{"name":"wp","href":"https:\/\/api.w.org\/{rel}","templated":true}]}}