{"id":66274,"date":"2019-03-19T09:09:44","date_gmt":"2019-03-19T09:09:44","guid":{"rendered":"http:\/\/www.intoscana.it\/a-pisa-la-tappa-della-coppa-del-mondo-di-scherma-paralimpica\/"},"modified":"2020-05-18T09:39:01","modified_gmt":"2020-05-18T07:39:01","slug":"a-pisa-la-tappa-della-coppa-del-mondo-di-scherma-paralimpica","status":"publish","type":"post","link":"https:\/\/www.intoscana.it\/it\/a-pisa-la-tappa-della-coppa-del-mondo-di-scherma-paralimpica\/","title":{"rendered":"A Pisa la tappa della Coppa del Mondo di scherma paralimpica"},"content":{"rendered":"<p>Torna a Pisa per il quinto anno consecutivo una delle prove di <strong>Coppa del Mondo di scherma paralimpica,<\/strong> valida come qualifica per <strong>Tokio 2020<\/strong>. La tappa pisana si svolger\u00e0 <strong>da gioved\u00ec 21 a domenica 24 marzo<\/strong> nella sede del PalaCUS. Dopo il grande successo delle scorse edizioni, la <strong>Federazione Italiana Scherma<\/strong> ha, infatti, ritenuto di ricandidare la citt\u00e0 della Torre anche per questa stagione e ancora attraverso l\u2019organizzazione della storica Societ\u00e0 U.S. Pisascherma.<\/p>\n<p>In programma <strong>dodici gare individuali<\/strong> previste per le specialit\u00e0 di fioretto, spada e sciabola (categorie A e B secondo disabilit\u00e0, maschile e femminile) pi\u00f9 2 gare a squadre. Le gare avranno inizio alle ore 09.00 e termineranno con le cerimonie di premiazione alle 17.30 tutti i giorni, escluso la domenica (ore 16). Circa <strong>450 gli atleti in gara<\/strong> e le persone dello staff attesi (quasi il doppio rispetto allo scorso anno),<strong> in rappresentanza di 32 nazioni:<\/strong> Argentina, Azerbaijan, Brazil, Belarus, Belgium, Canada, China, Estonia, France, Georgia, Germany, Great Britain, Greece, Hong Kong, Hungary, Iraq, Israel, Italy, Japan, Korea, Latvia, Lebanon, Macao, Malaysia, Poland, Russia, Spain, Switzerland, Thailand, Turkie, Ukraine, Usa.<\/p>\n<p>Alle qualifiche <strong>parteciper\u00e0 anche la campionessa azzurra Bebe Vio<\/strong> che ha dichiarato: &#8220;Le avversarie da battere sono senz&#8217;altro le cinesi, ma anche le russe sono molto forti. Per\u00f2 noi giochiamo in casa e faremo di tutto per imporci&#8221;. Anche il ct della nazionale italiana Simone Vanni, mette in guardia &#8220;dalle difficolt\u00e0, ma stiamo lavorando sodo e cercheremo di mantenerci ai nostri livelli&#8221;. <strong>Fiducioso il capitano azzurro Andrea Pellegrini:<\/strong> &#8220;La squadra da battere siamo noi. Massimo rispetto per tutti, ma giochiamo in casa e non sar\u00e0 facile per nessuno metterci sotto&#8221;.<\/p>\n<p>La prova di coppa del mondo \u00e8 organizzata dal<strong> club pisano Us Pisascherma,<\/strong> che ha potuto contare sul sostegno della Societ\u00e0 della salute e del Comune di Pisa.<\/p>\n<a class=\"fotogallery\" href=\"#modalgallery\" rel=\"modal:open\">sfoglia la gallery <i class=\"fas fa-chevron-right\"><\/i><\/a>\n    <div class=\"modal\" id=\"modalgallery\">\n        <div class=\"gallery\">\n          <div class=\"galleryimg\">\n            <div class=\"slidegallerybig\"> <div class=\"itemimg\">\n            <div class=\"wrapimg\">\n            <img decoding=\"async\" src=\"https:\/\/www.intoscana.it\/wp-content\/uploads\/scherma_paralimpica_2019.jpg\">\n            <\/div>\n            <\/div>\n            <\/div>\n          <\/div>\n          <div class=\"asidemenu\">\n            <div class=\"action\">\n              <div class=\"countlidegallery\"><\/div>\n              <div class=\"closegallery\" href=\"#modalgallery\" rel=\"modal:close\"><i class=\"far fa-times\"><\/i><\/div>\n            <\/div>\n            <div class=\"title\">\n              <h2>A Pisa la tappa della Coppa del Mondo di scherma paralimpica<\/h2>\n              <div class=\"socialarticolo\"> \n            <div class=\"contsocialico\">\n              <ul>\n                <li><a target=\"_blank\" href=\"https:\/\/www.facebook.com\/sharer\/sharer.php?u=https:\/\/www.intoscana.it\/it\/a-pisa-la-tappa-della-coppa-del-mondo-di-scherma-paralimpica\/\"> <i class=\"fab fa-facebook-f\"><\/i><\/a><\/li>\n                <li><a target=\"_blank\" href=\"https:\/\/twitter.com\/home?status=https:\/\/www.intoscana.it\/it\/a-pisa-la-tappa-della-coppa-del-mondo-di-scherma-paralimpica\/\"> <i class=\"fab fa-twitter\"><\/i><\/a><\/li>\n                <li>\n                  <div class=\"shareall\" target=\"_blank\" href=\"\"> <i class=\"fas fa-share-alt\"><\/i><\/div>\n                  <div class=\"sharemore\">\n                    <ul>\n                      <li><a target=\"_blank\" href=\"https:\/\/www.linkedin.com\/shareArticle?url=https:\/\/www.intoscana.it\/it\/a-pisa-la-tappa-della-coppa-del-mondo-di-scherma-paralimpica\/\"> <i class=\"fab fa-linkedin\"><\/i><\/a><\/li>\n                      <li><a target=\"_blank\" href=\"http:\/\/www.pinterest.com\/pin\/create\/bookmarklet\/?url=https:\/\/www.intoscana.it\/it\/a-pisa-la-tappa-della-coppa-del-mondo-di-scherma-paralimpica\/\"> <i class=\"fab fa-pinterest\"><\/i><\/a><\/li>\n                      <li><a target=\"_blank\" href=\"mailto?subject=A Pisa la tappa della Coppa del Mondo di scherma paralimpica&body=https:\/\/www.intoscana.it\/it\/a-pisa-la-tappa-della-coppa-del-mondo-di-scherma-paralimpica\/\"> <i class=\"fas fa-envelope\"><\/i><\/a><\/li>\n                    <\/ul>\n                    <div class=\"closesharemore\">\n                    <i class=\"fas fa-times\"><\/i>\n                    <\/div>\n                  <\/div>\n                <\/li>\n              <\/ul>\n            <\/div>\n          <\/div>\n        <\/div>\n          <\/div>\n        <\/div>\n      <\/div>\n<p>&nbsp;<\/p>\n<p>&nbsp;<\/p>\n","protected":false},"excerpt":{"rendered":"<p>Dal 21 al 24 marzo al PalaCUS attesi 450 atleti in rappresentanza di 32 nazioni, parteciper\u00e0 anche la campionessa Bebe Vio,&nbsp;<\/p>\n","protected":false},"author":525,"featured_media":103815,"comment_status":"open","ping_status":"open","sticky":false,"template":"","format":"standard","meta":{"_acf_changed":false,"footnotes":""},"categories":[494,10],"tags":[203],"class_list":["post-66274","post","type-post","status-publish","format-standard","has-post-thumbnail","hentry","category-attualita","category-sport","tag-pisa"],"acf":[],"yoast_head":"<!-- This site is optimized with the Yoast SEO Premium plugin v24.2 (Yoast SEO v25.6) - https:\/\/yoast.com\/wordpress\/plugins\/seo\/ -->\n<title>A Pisa la tappa della Coppa del Mondo di scherma paralimpica - intoscana<\/title>\n<meta name=\"description\" content=\"Dal 21 al 24 marzo a Pisa la tappa della Coppa del Mondo di scherma paralimpica\" \/>\n<meta name=\"robots\" content=\"index, follow, max-snippet:-1, max-image-preview:large, max-video-preview:-1\" \/>\n<link rel=\"canonical\" href=\"https:\/\/www.intoscana.it\/it\/a-pisa-la-tappa-della-coppa-del-mondo-di-scherma-paralimpica\/\" \/>\n<meta property=\"og:locale\" content=\"it_IT\" \/>\n<meta property=\"og:type\" content=\"article\" \/>\n<meta property=\"og:title\" content=\"A Pisa la tappa della Coppa del Mondo di scherma paralimpica\" \/>\n<meta property=\"og:description\" content=\"Dal 21 al 24 marzo a Pisa la tappa della Coppa del Mondo di scherma paralimpica\" \/>\n<meta property=\"og:url\" content=\"https:\/\/www.intoscana.it\/it\/a-pisa-la-tappa-della-coppa-del-mondo-di-scherma-paralimpica\/\" \/>\n<meta property=\"og:site_name\" content=\"intoscana\" \/>\n<meta property=\"article:publisher\" content=\"https:\/\/www.facebook.com\/intoscana.it\" \/>\n<meta property=\"article:published_time\" content=\"2019-03-19T09:09:44+00:00\" \/>\n<meta property=\"article:modified_time\" content=\"2020-05-18T07:39:01+00:00\" \/>\n<meta property=\"og:image\" content=\"https:\/\/www.intoscana.it\/wp-content\/uploads\/scherma_paralimpica_2019_2.jpg\" \/>\n\t<meta property=\"og:image:width\" content=\"800\" \/>\n\t<meta property=\"og:image:height\" content=\"582\" \/>\n\t<meta property=\"og:image:type\" content=\"image\/jpeg\" \/>\n<meta name=\"author\" content=\"Redazione\" \/>\n<meta name=\"twitter:card\" content=\"summary_large_image\" \/>\n<meta name=\"twitter:creator\" content=\"@intoscana\" \/>\n<meta name=\"twitter:site\" content=\"@intoscana\" \/>\n<meta name=\"twitter:label1\" content=\"Written by\" \/>\n\t<meta name=\"twitter:data1\" content=\"Redazione\" \/>\n\t<meta name=\"twitter:label2\" content=\"Est. reading time\" \/>\n\t<meta name=\"twitter:data2\" content=\"1 minuto\" \/>\n<script type=\"application\/ld+json\" class=\"yoast-schema-graph\">{\"@context\":\"https:\/\/schema.org\",\"@graph\":[{\"@type\":\"WebPage\",\"@id\":\"https:\/\/www.intoscana.it\/it\/a-pisa-la-tappa-della-coppa-del-mondo-di-scherma-paralimpica\/\",\"url\":\"https:\/\/www.intoscana.it\/it\/a-pisa-la-tappa-della-coppa-del-mondo-di-scherma-paralimpica\/\",\"name\":\"A Pisa la tappa della Coppa del Mondo di scherma paralimpica - intoscana\",\"isPartOf\":{\"@id\":\"https:\/\/www.intoscana.it\/it\/#website\"},\"primaryImageOfPage\":{\"@id\":\"https:\/\/www.intoscana.it\/it\/a-pisa-la-tappa-della-coppa-del-mondo-di-scherma-paralimpica\/#primaryimage\"},\"image\":{\"@id\":\"https:\/\/www.intoscana.it\/it\/a-pisa-la-tappa-della-coppa-del-mondo-di-scherma-paralimpica\/#primaryimage\"},\"thumbnailUrl\":\"https:\/\/www.intoscana.it\/wp-content\/uploads\/scherma_paralimpica_2019_2.jpg\",\"datePublished\":\"2019-03-19T09:09:44+00:00\",\"dateModified\":\"2020-05-18T07:39:01+00:00\",\"author\":{\"@id\":\"https:\/\/www.intoscana.it\/it\/#\/schema\/person\/9223810753230f20bd670fdd322661f8\"},\"description\":\"Dal 21 al 24 marzo a Pisa la tappa della Coppa del Mondo di scherma paralimpica\",\"breadcrumb\":{\"@id\":\"https:\/\/www.intoscana.it\/it\/a-pisa-la-tappa-della-coppa-del-mondo-di-scherma-paralimpica\/#breadcrumb\"},\"inLanguage\":\"it-IT\",\"potentialAction\":[{\"@type\":\"ReadAction\",\"target\":[\"https:\/\/www.intoscana.it\/it\/a-pisa-la-tappa-della-coppa-del-mondo-di-scherma-paralimpica\/\"]}]},{\"@type\":\"ImageObject\",\"inLanguage\":\"it-IT\",\"@id\":\"https:\/\/www.intoscana.it\/it\/a-pisa-la-tappa-della-coppa-del-mondo-di-scherma-paralimpica\/#primaryimage\",\"url\":\"https:\/\/www.intoscana.it\/wp-content\/uploads\/scherma_paralimpica_2019_2.jpg\",\"contentUrl\":\"https:\/\/www.intoscana.it\/wp-content\/uploads\/scherma_paralimpica_2019_2.jpg\",\"width\":800,\"height\":582},{\"@type\":\"BreadcrumbList\",\"@id\":\"https:\/\/www.intoscana.it\/it\/a-pisa-la-tappa-della-coppa-del-mondo-di-scherma-paralimpica\/#breadcrumb\",\"itemListElement\":[{\"@type\":\"ListItem\",\"position\":1,\"name\":\"Home\",\"item\":\"https:\/\/www.intoscana.it\/it\/\"},{\"@type\":\"ListItem\",\"position\":2,\"name\":\"A Pisa la tappa della Coppa del Mondo di scherma paralimpica\"}]},{\"@type\":\"WebSite\",\"@id\":\"https:\/\/www.intoscana.it\/it\/#website\",\"url\":\"https:\/\/www.intoscana.it\/it\/\",\"name\":\"intoscana\",\"description\":\"\",\"potentialAction\":[{\"@type\":\"SearchAction\",\"target\":{\"@type\":\"EntryPoint\",\"urlTemplate\":\"https:\/\/www.intoscana.it\/it\/?s={search_term_string}\"},\"query-input\":{\"@type\":\"PropertyValueSpecification\",\"valueRequired\":true,\"valueName\":\"search_term_string\"}}],\"inLanguage\":\"it-IT\"},{\"@type\":\"Person\",\"@id\":\"https:\/\/www.intoscana.it\/it\/#\/schema\/person\/9223810753230f20bd670fdd322661f8\",\"name\":\"Redazione\",\"url\":\"https:\/\/www.intoscana.it\/it\/author\/redazione\/\"}]}<\/script>\n<!-- \/ Yoast SEO Premium plugin. -->","yoast_head_json":{"title":"A Pisa la tappa della Coppa del Mondo di scherma paralimpica - intoscana","description":"Dal 21 al 24 marzo a Pisa la tappa della Coppa del Mondo di scherma paralimpica","robots":{"index":"index","follow":"follow","max-snippet":"max-snippet:-1","max-image-preview":"max-image-preview:large","max-video-preview":"max-video-preview:-1"},"canonical":"https:\/\/www.intoscana.it\/it\/a-pisa-la-tappa-della-coppa-del-mondo-di-scherma-paralimpica\/","og_locale":"it_IT","og_type":"article","og_title":"A Pisa la tappa della Coppa del Mondo di scherma paralimpica","og_description":"Dal 21 al 24 marzo a Pisa la tappa della Coppa del Mondo di scherma paralimpica","og_url":"https:\/\/www.intoscana.it\/it\/a-pisa-la-tappa-della-coppa-del-mondo-di-scherma-paralimpica\/","og_site_name":"intoscana","article_publisher":"https:\/\/www.facebook.com\/intoscana.it","article_published_time":"2019-03-19T09:09:44+00:00","article_modified_time":"2020-05-18T07:39:01+00:00","og_image":[{"width":800,"height":582,"url":"https:\/\/www.intoscana.it\/wp-content\/uploads\/scherma_paralimpica_2019_2.jpg","type":"image\/jpeg"}],"author":"Redazione","twitter_card":"summary_large_image","twitter_creator":"@intoscana","twitter_site":"@intoscana","twitter_misc":{"Written by":"Redazione","Est. reading time":"1 minuto"},"schema":{"@context":"https:\/\/schema.org","@graph":[{"@type":"WebPage","@id":"https:\/\/www.intoscana.it\/it\/a-pisa-la-tappa-della-coppa-del-mondo-di-scherma-paralimpica\/","url":"https:\/\/www.intoscana.it\/it\/a-pisa-la-tappa-della-coppa-del-mondo-di-scherma-paralimpica\/","name":"A Pisa la tappa della Coppa del Mondo di scherma paralimpica - intoscana","isPartOf":{"@id":"https:\/\/www.intoscana.it\/it\/#website"},"primaryImageOfPage":{"@id":"https:\/\/www.intoscana.it\/it\/a-pisa-la-tappa-della-coppa-del-mondo-di-scherma-paralimpica\/#primaryimage"},"image":{"@id":"https:\/\/www.intoscana.it\/it\/a-pisa-la-tappa-della-coppa-del-mondo-di-scherma-paralimpica\/#primaryimage"},"thumbnailUrl":"https:\/\/www.intoscana.it\/wp-content\/uploads\/scherma_paralimpica_2019_2.jpg","datePublished":"2019-03-19T09:09:44+00:00","dateModified":"2020-05-18T07:39:01+00:00","author":{"@id":"https:\/\/www.intoscana.it\/it\/#\/schema\/person\/9223810753230f20bd670fdd322661f8"},"description":"Dal 21 al 24 marzo a Pisa la tappa della Coppa del Mondo di scherma paralimpica","breadcrumb":{"@id":"https:\/\/www.intoscana.it\/it\/a-pisa-la-tappa-della-coppa-del-mondo-di-scherma-paralimpica\/#breadcrumb"},"inLanguage":"it-IT","potentialAction":[{"@type":"ReadAction","target":["https:\/\/www.intoscana.it\/it\/a-pisa-la-tappa-della-coppa-del-mondo-di-scherma-paralimpica\/"]}]},{"@type":"ImageObject","inLanguage":"it-IT","@id":"https:\/\/www.intoscana.it\/it\/a-pisa-la-tappa-della-coppa-del-mondo-di-scherma-paralimpica\/#primaryimage","url":"https:\/\/www.intoscana.it\/wp-content\/uploads\/scherma_paralimpica_2019_2.jpg","contentUrl":"https:\/\/www.intoscana.it\/wp-content\/uploads\/scherma_paralimpica_2019_2.jpg","width":800,"height":582},{"@type":"BreadcrumbList","@id":"https:\/\/www.intoscana.it\/it\/a-pisa-la-tappa-della-coppa-del-mondo-di-scherma-paralimpica\/#breadcrumb","itemListElement":[{"@type":"ListItem","position":1,"name":"Home","item":"https:\/\/www.intoscana.it\/it\/"},{"@type":"ListItem","position":2,"name":"A Pisa la tappa della Coppa del Mondo di scherma paralimpica"}]},{"@type":"WebSite","@id":"https:\/\/www.intoscana.it\/it\/#website","url":"https:\/\/www.intoscana.it\/it\/","name":"intoscana","description":"","potentialAction":[{"@type":"SearchAction","target":{"@type":"EntryPoint","urlTemplate":"https:\/\/www.intoscana.it\/it\/?s={search_term_string}"},"query-input":{"@type":"PropertyValueSpecification","valueRequired":true,"valueName":"search_term_string"}}],"inLanguage":"it-IT"},{"@type":"Person","@id":"https:\/\/www.intoscana.it\/it\/#\/schema\/person\/9223810753230f20bd670fdd322661f8","name":"Redazione","url":"https:\/\/www.intoscana.it\/it\/author\/redazione\/"}]}},"_links":{"self":[{"href":"https:\/\/www.intoscana.it\/it\/wp-json\/wp\/v2\/posts\/66274","targetHints":{"allow":["GET"]}}],"collection":[{"href":"https:\/\/www.intoscana.it\/it\/wp-json\/wp\/v2\/posts"}],"about":[{"href":"https:\/\/www.intoscana.it\/it\/wp-json\/wp\/v2\/types\/post"}],"author":[{"embeddable":true,"href":"https:\/\/www.intoscana.it\/it\/wp-json\/wp\/v2\/users\/525"}],"replies":[{"embeddable":true,"href":"https:\/\/www.intoscana.it\/it\/wp-json\/wp\/v2\/comments?post=66274"}],"version-history":[{"count":0,"href":"https:\/\/www.intoscana.it\/it\/wp-json\/wp\/v2\/posts\/66274\/revisions"}],"wp:featuredmedia":[{"embeddable":true,"href":"https:\/\/www.intoscana.it\/it\/wp-json\/wp\/v2\/media\/103815"}],"wp:attachment":[{"href":"https:\/\/www.intoscana.it\/it\/wp-json\/wp\/v2\/media?parent=66274"}],"wp:term":[{"taxonomy":"category","embeddable":true,"href":"https:\/\/www.intoscana.it\/it\/wp-json\/wp\/v2\/categories?post=66274"},{"taxonomy":"post_tag","embeddable":true,"href":"https:\/\/www.intoscana.it\/it\/wp-json\/wp\/v2\/tags?post=66274"}],"curies":[{"name":"wp","href":"https:\/\/api.w.org\/{rel}","templated":true}]}}