{"id":66275,"date":"2019-04-11T14:15:28","date_gmt":"2019-04-11T14:15:28","guid":{"rendered":"http:\/\/www.intoscana.it\/navigarno-la-prima-discesa-dellarno-da-firenze-a-pisa-in-canoa\/"},"modified":"2020-05-18T09:39:02","modified_gmt":"2020-05-18T07:39:02","slug":"navigarno-la-prima-discesa-dellarno-da-firenze-a-pisa-in-canoa","status":"publish","type":"post","link":"https:\/\/www.intoscana.it\/it\/navigarno-la-prima-discesa-dellarno-da-firenze-a-pisa-in-canoa\/","title":{"rendered":"NavigARNO: la prima discesa dell\u2019Arno da Firenze a Pisa in canoa"},"content":{"rendered":"<p>Il prossimo<strong> 25 aprile<\/strong> per la prima volta nella storia sar\u00e0 compiuta <strong>in un giorno la discesa dell\u2019Arno<\/strong> in K 2 olimpico da parte di tre equipaggi della <strong>Canottieri Comunali Firenze 1934<\/strong> che si alterneranno alla voga <strong>partendo dal pontile della Canottieri Comunali Firenze per arrivare a quello dei Canottieri Arno Pisa<\/strong>.&nbsp;La partenza verr\u00e0 data all&#8217;alba e l&#8217;arrivo sar\u00e0 al tramonto dopo aver percorso i 101 km di fiume.<\/p>\n<p>Il primo tratto, tra la Canottieri Comunali Firenze ai Canottieri Limite sull\u2019Arno di 32 km verr\u00e0 fatto da <strong>Augusto Maionchi e Sandro Orsini<\/strong>. Il secondo tratto, dai Canottieri Limite a Pontedera di 29 km vedr\u00e0 in canoa <strong>Gianmichele Del Bo e Giancarlo Fianchisti.<\/strong> Il terzo tratto, da Pontedera a Uliveto di 27 km verr\u00e0 navigato da <strong>Gabriele Ferruzzi e Simone Agostini.<\/strong> L&#8217;ultimo tratto, di 13 chilometri, vedr\u00e0 i canoisti percorrere, tutti assieme, il tratto di Arno fino ai Canottieri Arno Pisa. Gli equipaggi saranno costituiti da soci\/atleti di varie et\u00e0 questo a dimostrazione della bellezza di questo sport;<strong> la canoa, infatti, pu\u00f2 essere praticata a tutte le et\u00e0.<\/strong><\/p>\n\n<p> <strong>Oltre al gesto atletico<\/strong> esistono altri obiettivi che hanno portato la Canottieri Comunali a promuovere <strong>&#8216;NavigARNO&#8217;:<\/strong> come&nbsp;<strong>riscoprire l\u2019antica tradizione storica,<\/strong> soprattutto nel tratto di Limite Pisa, <strong>di navigazione fluviale fino al mare.&nbsp;<\/strong>Gli atleti che si alterneranno sulle imbarcazioni svolgeranno anche <strong>un prezioso lavoro per conoscere lo stato di salute del fiume<\/strong> e per promuovere l&#8217;opportunit\u00e0 di poter vivere l&#8217;Arno,&nbsp;anche da un punto di vista turistico.<\/p>\n<p>Verr\u00e0 anche fatta una<strong> valutazione delle condizioni del fiume sotto il punto di vista dell\u2019inquinamento da plastica, <\/strong>delle discariche abusive, dei danni alle sponde segnalando i punti che presentano maggiori criticit\u00e0. Verranno fatti dei <strong>campionamenti di superficie delle acque di concerto con ARPAT<\/strong> e verranno segnalate alle Autorit\u00e0 di Bacino ed Ambito eventuali anomalie come costruzioni, invasi, sbarramenti ecc. non censiti o potenzialmente pericolosi.<\/p>\n<p><strong>In caso di maltempo NavigARNO si svolger\u00e0 il 1\u00b0 maggio.<\/strong><\/p>\n","protected":false},"excerpt":{"rendered":"<p>Tre equipaggi, in tutto sei atleti della Canottieri Comunali Firenze 1934 compiranno l&#8217;impresa atletica alla riscoperta di un&#8217;antica tradizione storica<\/p>\n","protected":false},"author":525,"featured_media":103816,"comment_status":"open","ping_status":"open","sticky":false,"template":"","format":"standard","meta":{"_acf_changed":false,"footnotes":""},"categories":[494,10],"tags":[],"class_list":["post-66275","post","type-post","status-publish","format-standard","has-post-thumbnail","hentry","category-attualita","category-sport"],"acf":[],"yoast_head":"<!-- This site is optimized with the Yoast SEO Premium plugin v24.2 (Yoast SEO v25.6) - https:\/\/yoast.com\/wordpress\/plugins\/seo\/ -->\n<title>NavigARNO: la prima discesa dell\u2019Arno da Firenze a Pisa in canoa - intoscana<\/title>\n<meta name=\"description\" content=\"NavigARNO: la prima discesa dell\u2019Arno da Firenze a Pisa in canoa\" \/>\n<meta name=\"robots\" content=\"index, follow, max-snippet:-1, max-image-preview:large, max-video-preview:-1\" \/>\n<link rel=\"canonical\" href=\"https:\/\/www.intoscana.it\/it\/navigarno-la-prima-discesa-dellarno-da-firenze-a-pisa-in-canoa\/\" \/>\n<meta property=\"og:locale\" content=\"it_IT\" \/>\n<meta property=\"og:type\" content=\"article\" \/>\n<meta property=\"og:title\" content=\"NavigARNO: la prima discesa dell\u2019Arno da Firenze a Pisa in canoa\" \/>\n<meta property=\"og:description\" content=\"NavigARNO: la prima discesa dell\u2019Arno da Firenze a Pisa in canoa\" \/>\n<meta property=\"og:url\" content=\"https:\/\/www.intoscana.it\/it\/navigarno-la-prima-discesa-dellarno-da-firenze-a-pisa-in-canoa\/\" \/>\n<meta property=\"og:site_name\" content=\"intoscana\" \/>\n<meta property=\"article:publisher\" content=\"https:\/\/www.facebook.com\/intoscana.it\" \/>\n<meta property=\"article:published_time\" content=\"2019-04-11T14:15:28+00:00\" \/>\n<meta property=\"article:modified_time\" content=\"2020-05-18T07:39:02+00:00\" \/>\n<meta property=\"og:image\" content=\"https:\/\/www.intoscana.it\/wp-content\/uploads\/arno-firenze_wp7_14611.png\" \/>\n\t<meta property=\"og:image:width\" content=\"800\" \/>\n\t<meta property=\"og:image:height\" content=\"598\" \/>\n\t<meta property=\"og:image:type\" content=\"image\/png\" \/>\n<meta name=\"author\" content=\"Redazione\" \/>\n<meta name=\"twitter:card\" content=\"summary_large_image\" \/>\n<meta name=\"twitter:creator\" content=\"@intoscana\" \/>\n<meta name=\"twitter:site\" content=\"@intoscana\" \/>\n<meta name=\"twitter:label1\" content=\"Written by\" \/>\n\t<meta name=\"twitter:data1\" content=\"Redazione\" \/>\n\t<meta name=\"twitter:label2\" content=\"Est. reading time\" \/>\n\t<meta name=\"twitter:data2\" content=\"2 minuti\" \/>\n<script type=\"application\/ld+json\" class=\"yoast-schema-graph\">{\"@context\":\"https:\/\/schema.org\",\"@graph\":[{\"@type\":\"WebPage\",\"@id\":\"https:\/\/www.intoscana.it\/it\/navigarno-la-prima-discesa-dellarno-da-firenze-a-pisa-in-canoa\/\",\"url\":\"https:\/\/www.intoscana.it\/it\/navigarno-la-prima-discesa-dellarno-da-firenze-a-pisa-in-canoa\/\",\"name\":\"NavigARNO: la prima discesa dell\u2019Arno da Firenze a Pisa in canoa - intoscana\",\"isPartOf\":{\"@id\":\"https:\/\/www.intoscana.it\/it\/#website\"},\"primaryImageOfPage\":{\"@id\":\"https:\/\/www.intoscana.it\/it\/navigarno-la-prima-discesa-dellarno-da-firenze-a-pisa-in-canoa\/#primaryimage\"},\"image\":{\"@id\":\"https:\/\/www.intoscana.it\/it\/navigarno-la-prima-discesa-dellarno-da-firenze-a-pisa-in-canoa\/#primaryimage\"},\"thumbnailUrl\":\"https:\/\/www.intoscana.it\/wp-content\/uploads\/arno-firenze_wp7_14611.png\",\"datePublished\":\"2019-04-11T14:15:28+00:00\",\"dateModified\":\"2020-05-18T07:39:02+00:00\",\"author\":{\"@id\":\"https:\/\/www.intoscana.it\/it\/#\/schema\/person\/9223810753230f20bd670fdd322661f8\"},\"description\":\"NavigARNO: la prima discesa dell\u2019Arno da Firenze a Pisa in canoa\",\"breadcrumb\":{\"@id\":\"https:\/\/www.intoscana.it\/it\/navigarno-la-prima-discesa-dellarno-da-firenze-a-pisa-in-canoa\/#breadcrumb\"},\"inLanguage\":\"it-IT\",\"potentialAction\":[{\"@type\":\"ReadAction\",\"target\":[\"https:\/\/www.intoscana.it\/it\/navigarno-la-prima-discesa-dellarno-da-firenze-a-pisa-in-canoa\/\"]}]},{\"@type\":\"ImageObject\",\"inLanguage\":\"it-IT\",\"@id\":\"https:\/\/www.intoscana.it\/it\/navigarno-la-prima-discesa-dellarno-da-firenze-a-pisa-in-canoa\/#primaryimage\",\"url\":\"https:\/\/www.intoscana.it\/wp-content\/uploads\/arno-firenze_wp7_14611.png\",\"contentUrl\":\"https:\/\/www.intoscana.it\/wp-content\/uploads\/arno-firenze_wp7_14611.png\",\"width\":800,\"height\":598},{\"@type\":\"BreadcrumbList\",\"@id\":\"https:\/\/www.intoscana.it\/it\/navigarno-la-prima-discesa-dellarno-da-firenze-a-pisa-in-canoa\/#breadcrumb\",\"itemListElement\":[{\"@type\":\"ListItem\",\"position\":1,\"name\":\"Home\",\"item\":\"https:\/\/www.intoscana.it\/it\/\"},{\"@type\":\"ListItem\",\"position\":2,\"name\":\"NavigARNO: la prima discesa dell\u2019Arno da Firenze a Pisa in canoa\"}]},{\"@type\":\"WebSite\",\"@id\":\"https:\/\/www.intoscana.it\/it\/#website\",\"url\":\"https:\/\/www.intoscana.it\/it\/\",\"name\":\"intoscana\",\"description\":\"\",\"potentialAction\":[{\"@type\":\"SearchAction\",\"target\":{\"@type\":\"EntryPoint\",\"urlTemplate\":\"https:\/\/www.intoscana.it\/it\/?s={search_term_string}\"},\"query-input\":{\"@type\":\"PropertyValueSpecification\",\"valueRequired\":true,\"valueName\":\"search_term_string\"}}],\"inLanguage\":\"it-IT\"},{\"@type\":\"Person\",\"@id\":\"https:\/\/www.intoscana.it\/it\/#\/schema\/person\/9223810753230f20bd670fdd322661f8\",\"name\":\"Redazione\",\"url\":\"https:\/\/www.intoscana.it\/it\/author\/redazione\/\"}]}<\/script>\n<!-- \/ Yoast SEO Premium plugin. -->","yoast_head_json":{"title":"NavigARNO: la prima discesa dell\u2019Arno da Firenze a Pisa in canoa - intoscana","description":"NavigARNO: la prima discesa dell\u2019Arno da Firenze a Pisa in canoa","robots":{"index":"index","follow":"follow","max-snippet":"max-snippet:-1","max-image-preview":"max-image-preview:large","max-video-preview":"max-video-preview:-1"},"canonical":"https:\/\/www.intoscana.it\/it\/navigarno-la-prima-discesa-dellarno-da-firenze-a-pisa-in-canoa\/","og_locale":"it_IT","og_type":"article","og_title":"NavigARNO: la prima discesa dell\u2019Arno da Firenze a Pisa in canoa","og_description":"NavigARNO: la prima discesa dell\u2019Arno da Firenze a Pisa in canoa","og_url":"https:\/\/www.intoscana.it\/it\/navigarno-la-prima-discesa-dellarno-da-firenze-a-pisa-in-canoa\/","og_site_name":"intoscana","article_publisher":"https:\/\/www.facebook.com\/intoscana.it","article_published_time":"2019-04-11T14:15:28+00:00","article_modified_time":"2020-05-18T07:39:02+00:00","og_image":[{"width":800,"height":598,"url":"https:\/\/www.intoscana.it\/wp-content\/uploads\/arno-firenze_wp7_14611.png","type":"image\/png"}],"author":"Redazione","twitter_card":"summary_large_image","twitter_creator":"@intoscana","twitter_site":"@intoscana","twitter_misc":{"Written by":"Redazione","Est. reading time":"2 minuti"},"schema":{"@context":"https:\/\/schema.org","@graph":[{"@type":"WebPage","@id":"https:\/\/www.intoscana.it\/it\/navigarno-la-prima-discesa-dellarno-da-firenze-a-pisa-in-canoa\/","url":"https:\/\/www.intoscana.it\/it\/navigarno-la-prima-discesa-dellarno-da-firenze-a-pisa-in-canoa\/","name":"NavigARNO: la prima discesa dell\u2019Arno da Firenze a Pisa in canoa - intoscana","isPartOf":{"@id":"https:\/\/www.intoscana.it\/it\/#website"},"primaryImageOfPage":{"@id":"https:\/\/www.intoscana.it\/it\/navigarno-la-prima-discesa-dellarno-da-firenze-a-pisa-in-canoa\/#primaryimage"},"image":{"@id":"https:\/\/www.intoscana.it\/it\/navigarno-la-prima-discesa-dellarno-da-firenze-a-pisa-in-canoa\/#primaryimage"},"thumbnailUrl":"https:\/\/www.intoscana.it\/wp-content\/uploads\/arno-firenze_wp7_14611.png","datePublished":"2019-04-11T14:15:28+00:00","dateModified":"2020-05-18T07:39:02+00:00","author":{"@id":"https:\/\/www.intoscana.it\/it\/#\/schema\/person\/9223810753230f20bd670fdd322661f8"},"description":"NavigARNO: la prima discesa dell\u2019Arno da Firenze a Pisa in canoa","breadcrumb":{"@id":"https:\/\/www.intoscana.it\/it\/navigarno-la-prima-discesa-dellarno-da-firenze-a-pisa-in-canoa\/#breadcrumb"},"inLanguage":"it-IT","potentialAction":[{"@type":"ReadAction","target":["https:\/\/www.intoscana.it\/it\/navigarno-la-prima-discesa-dellarno-da-firenze-a-pisa-in-canoa\/"]}]},{"@type":"ImageObject","inLanguage":"it-IT","@id":"https:\/\/www.intoscana.it\/it\/navigarno-la-prima-discesa-dellarno-da-firenze-a-pisa-in-canoa\/#primaryimage","url":"https:\/\/www.intoscana.it\/wp-content\/uploads\/arno-firenze_wp7_14611.png","contentUrl":"https:\/\/www.intoscana.it\/wp-content\/uploads\/arno-firenze_wp7_14611.png","width":800,"height":598},{"@type":"BreadcrumbList","@id":"https:\/\/www.intoscana.it\/it\/navigarno-la-prima-discesa-dellarno-da-firenze-a-pisa-in-canoa\/#breadcrumb","itemListElement":[{"@type":"ListItem","position":1,"name":"Home","item":"https:\/\/www.intoscana.it\/it\/"},{"@type":"ListItem","position":2,"name":"NavigARNO: la prima discesa dell\u2019Arno da Firenze a Pisa in canoa"}]},{"@type":"WebSite","@id":"https:\/\/www.intoscana.it\/it\/#website","url":"https:\/\/www.intoscana.it\/it\/","name":"intoscana","description":"","potentialAction":[{"@type":"SearchAction","target":{"@type":"EntryPoint","urlTemplate":"https:\/\/www.intoscana.it\/it\/?s={search_term_string}"},"query-input":{"@type":"PropertyValueSpecification","valueRequired":true,"valueName":"search_term_string"}}],"inLanguage":"it-IT"},{"@type":"Person","@id":"https:\/\/www.intoscana.it\/it\/#\/schema\/person\/9223810753230f20bd670fdd322661f8","name":"Redazione","url":"https:\/\/www.intoscana.it\/it\/author\/redazione\/"}]}},"_links":{"self":[{"href":"https:\/\/www.intoscana.it\/it\/wp-json\/wp\/v2\/posts\/66275","targetHints":{"allow":["GET"]}}],"collection":[{"href":"https:\/\/www.intoscana.it\/it\/wp-json\/wp\/v2\/posts"}],"about":[{"href":"https:\/\/www.intoscana.it\/it\/wp-json\/wp\/v2\/types\/post"}],"author":[{"embeddable":true,"href":"https:\/\/www.intoscana.it\/it\/wp-json\/wp\/v2\/users\/525"}],"replies":[{"embeddable":true,"href":"https:\/\/www.intoscana.it\/it\/wp-json\/wp\/v2\/comments?post=66275"}],"version-history":[{"count":0,"href":"https:\/\/www.intoscana.it\/it\/wp-json\/wp\/v2\/posts\/66275\/revisions"}],"wp:featuredmedia":[{"embeddable":true,"href":"https:\/\/www.intoscana.it\/it\/wp-json\/wp\/v2\/media\/103816"}],"wp:attachment":[{"href":"https:\/\/www.intoscana.it\/it\/wp-json\/wp\/v2\/media?parent=66275"}],"wp:term":[{"taxonomy":"category","embeddable":true,"href":"https:\/\/www.intoscana.it\/it\/wp-json\/wp\/v2\/categories?post=66275"},{"taxonomy":"post_tag","embeddable":true,"href":"https:\/\/www.intoscana.it\/it\/wp-json\/wp\/v2\/tags?post=66275"}],"curies":[{"name":"wp","href":"https:\/\/api.w.org\/{rel}","templated":true}]}}