{"id":66374,"date":"2019-05-20T10:33:16","date_gmt":"2019-05-20T10:33:16","guid":{"rendered":"http:\/\/www.intoscana.it\/arriva-il-navigatore-elettorale-unapp-per-orientarsi-nel-voto-alle-europee\/"},"modified":"2020-05-18T09:30:39","modified_gmt":"2020-05-18T07:30:39","slug":"arriva-il-navigatore-elettorale-unapp-per-orientarsi-nel-voto-alle-europee","status":"publish","type":"post","link":"https:\/\/www.intoscana.it\/it\/arriva-il-navigatore-elettorale-unapp-per-orientarsi-nel-voto-alle-europee\/","title":{"rendered":"Arriva il &#8216;Navigatore elettorale&#8217;: un&#8217;App per orientarsi nel voto alle Europee"},"content":{"rendered":"<p>Torna il<strong> \u201cNavigatore elettorale\u201d,<\/strong> dopo il debutto alle <strong>elezioni politiche del 4 marzo 2018<\/strong>, l&#8217;<strong>applicazione online intuitiva e facile da usare<\/strong> che aiuta gli elettori a orientarsi tra le varie proposte elettorali &#8211; questa volta &#8211; delle Europee 2019. Collegandosi al sito <a title=\"https:\/\/europa.navigatoreelettorale.it\/\" href=\"https:\/\/europa.navigatoreelettorale.it\/\" target=\"_blank\" rel=\"noopener noreferrer\"><strong>https:\/\/europa.navigatoreelettorale.it\/<\/strong><\/a> e <strong>rispondendo a 30 domande,<\/strong> l\u2019utente viene posizionato su una mappa, dove pu\u00f2 vedere a quale area politica \u00e8 pi\u00f9 vicino (in generale e su ogni singolo tema) e <strong>capire come la pensano i vari schieramenti sulle varie tematiche.<\/strong><\/p>\n<p>&#8220;Il \u201c<strong>Navigatore elettorale Europee 2019\u201d<\/strong> non \u00e8 solo un&#8217;applicazione online e gratuita che fornisce un&#8217;indicazione di voto in vista delle elezioni politiche, basata sulle preferenze espresse da ciascun utente, ma anche l<strong>o strumento che offre la mappatura pi\u00f9 completa dei temi della campagna elettorale<\/strong> (30 statements ) e dei<strong> partiti in competizione<\/strong> (14 liste analizzate)&#8221;.<\/p>\n<p>Le <strong>oltre 40 tematiche raccolte<\/strong> inizialmente sono state sottoposte ad analisi fattoriale attraverso il ricorso a panel group, per poter cos\u00ec essere raggruppate in <strong>sotto-aree tematiche<\/strong> (ad es. &#8220;Unione Europea&#8221; o &#8220;Immigrazione&#8221;). Successivamente, l&#8217;OPPR ha raccolto le posizioni ufficiali dei partiti, sulla base di <strong>una gerarchia di fonti primarie e secondarie<\/strong> (dal programma elettorale alle dichiarazioni mezzo stampa, fino alle pubblicazioni sul sito ufficiale dei partiti ai social media).<strong> La codifica si \u00e8 concentrata su 30 tematiche,<\/strong> una volta esclusi i temi meno rilevanti o rispetto ai quali le posizioni dei partiti non variavano significativamente. Nella fase di codifica le posizioni dei partiti sono state graduate su una scala 1-5 (del tutto d&#8217;accordo, d&#8217;accordo, n\u00e9 in disaccordo n\u00e9 d&#8217;accordo, in disaccordo, del tutto in disaccordo). In base a questo metodo le posizioni dei partiti sono state posizionate in un quadrante costruito lungo due dimensioni: la dimensione libero mercato-interventismo pubblico in economica e la dimensione conservatorismo-progressismo su Unione Europea e diritti civili.<\/p>\n<p>L&#8217;App \u00e8 stata sviluppata da un <strong>un team di studiosi del Dipartimento di Scienze Politiche dell\u2019Universit\u00e0 di Pisa<\/strong> nell&#8217;ambito di un progetto di ricerca internazionale diretto dall&#8217;Universit\u00e0 di Amsterdam in collaborazione con <strong>KiesKompas.nl,<\/strong> un centro di ricerca olandese impegnato nello sviluppo operativo di Voting Advice Application.<\/p>\n<p>L&#8217;<strong>Osservatorio sui Partiti Politici e la Rappresentanza (OPPR),<\/strong> presieduto dal professor Luciano Bardi e diretto dal professor Enrico Calossi, e operante presso l\u2019<strong>Osservatorio su Politica e Istituzioni (OPI),<\/strong> diretto dal professor Eugenio Pizzimenti, costituisce l\u2019unit\u00e0 italiana del progetto. Per sviluppare l\u2019applicazione 2019, l\u2019OPPR si \u00e8 avvalso della collaborazione di<strong> Stella Gianfreda<\/strong> e di un team di studenti di Scienze politiche che svolgono attivit\u00e0 di ricerca alternativa al tirocinio presso l\u2019OPI.&nbsp;<\/p>\n<p><strong>Per provare il Navigatore elettorale visita:<\/strong><br \/><strong><a href=\"https:\/\/europa.navigatoreelettorale.it\/\" target=\"_blank\" rel=\"noopener noreferrer\">https:\/\/europa.navigatoreelettorale.it\/<\/a><\/strong><\/p>\n<p>&nbsp;<\/p>\n","protected":false},"excerpt":{"rendered":"<p>Il progetto sviluppato dall&#8217;Universit\u00e0 di Pisa \u00e8 stato sviluppato da un team di ricerca nell&#8217;ambito di una ricerca internazionale coordinata dall&#8217;Universit\u00e0 di Amsterdam<\/p>\n","protected":false},"author":525,"featured_media":103913,"comment_status":"open","ping_status":"open","sticky":false,"template":"","format":"standard","meta":{"_acf_changed":false,"footnotes":""},"categories":[475,15],"tags":[352,368],"class_list":["post-66374","post","type-post","status-publish","format-standard","has-post-thumbnail","hentry","category-innovazione","category-tecnologia","tag-app","tag-universita-di-pisa"],"acf":[],"yoast_head":"<!-- This site is optimized with the Yoast SEO Premium plugin v24.2 (Yoast SEO v25.6) - https:\/\/yoast.com\/wordpress\/plugins\/seo\/ -->\n<title>Arriva il &#039;Navigatore elettorale&#039;: un&#039;App per orientarsi nel voto alle Europee - intoscana<\/title>\n<meta name=\"description\" content=\"Dall&#039;Universit\u00e0 di Pisa un&#039;App per orientarsi nel voto alle Europee\" \/>\n<meta name=\"robots\" content=\"index, follow, max-snippet:-1, max-image-preview:large, max-video-preview:-1\" \/>\n<link rel=\"canonical\" href=\"https:\/\/www.intoscana.it\/it\/arriva-il-navigatore-elettorale-unapp-per-orientarsi-nel-voto-alle-europee\/\" \/>\n<meta property=\"og:locale\" content=\"it_IT\" \/>\n<meta property=\"og:type\" content=\"article\" \/>\n<meta property=\"og:title\" content=\"Arriva il &#039;Navigatore elettorale&#039;: un&#039;App per orientarsi nel voto alle Europee\" \/>\n<meta property=\"og:description\" content=\"Dall&#039;Universit\u00e0 di Pisa un&#039;App per orientarsi nel voto alle Europee\" \/>\n<meta property=\"og:url\" content=\"https:\/\/www.intoscana.it\/it\/arriva-il-navigatore-elettorale-unapp-per-orientarsi-nel-voto-alle-europee\/\" \/>\n<meta property=\"og:site_name\" content=\"intoscana\" \/>\n<meta property=\"article:publisher\" content=\"https:\/\/www.facebook.com\/intoscana.it\" \/>\n<meta property=\"article:published_time\" content=\"2019-05-20T10:33:16+00:00\" \/>\n<meta property=\"article:modified_time\" content=\"2020-05-18T07:30:39+00:00\" \/>\n<meta property=\"og:image\" content=\"https:\/\/www.intoscana.it\/wp-content\/uploads\/app-5.jpg\" \/>\n\t<meta property=\"og:image:width\" content=\"2000\" \/>\n\t<meta property=\"og:image:height\" content=\"1333\" \/>\n\t<meta property=\"og:image:type\" content=\"image\/jpeg\" \/>\n<meta name=\"author\" content=\"Redazione\" \/>\n<meta name=\"twitter:card\" content=\"summary_large_image\" \/>\n<meta name=\"twitter:creator\" content=\"@intoscana\" \/>\n<meta name=\"twitter:site\" content=\"@intoscana\" \/>\n<meta name=\"twitter:label1\" content=\"Written by\" \/>\n\t<meta name=\"twitter:data1\" content=\"Redazione\" \/>\n\t<meta name=\"twitter:label2\" content=\"Est. reading time\" \/>\n\t<meta name=\"twitter:data2\" content=\"2 minuti\" \/>\n<script type=\"application\/ld+json\" class=\"yoast-schema-graph\">{\"@context\":\"https:\/\/schema.org\",\"@graph\":[{\"@type\":\"WebPage\",\"@id\":\"https:\/\/www.intoscana.it\/it\/arriva-il-navigatore-elettorale-unapp-per-orientarsi-nel-voto-alle-europee\/\",\"url\":\"https:\/\/www.intoscana.it\/it\/arriva-il-navigatore-elettorale-unapp-per-orientarsi-nel-voto-alle-europee\/\",\"name\":\"Arriva il 'Navigatore elettorale': un'App per orientarsi nel voto alle Europee - intoscana\",\"isPartOf\":{\"@id\":\"https:\/\/www.intoscana.it\/it\/#website\"},\"primaryImageOfPage\":{\"@id\":\"https:\/\/www.intoscana.it\/it\/arriva-il-navigatore-elettorale-unapp-per-orientarsi-nel-voto-alle-europee\/#primaryimage\"},\"image\":{\"@id\":\"https:\/\/www.intoscana.it\/it\/arriva-il-navigatore-elettorale-unapp-per-orientarsi-nel-voto-alle-europee\/#primaryimage\"},\"thumbnailUrl\":\"https:\/\/www.intoscana.it\/wp-content\/uploads\/app-5.jpg\",\"datePublished\":\"2019-05-20T10:33:16+00:00\",\"dateModified\":\"2020-05-18T07:30:39+00:00\",\"author\":{\"@id\":\"https:\/\/www.intoscana.it\/it\/#\/schema\/person\/9223810753230f20bd670fdd322661f8\"},\"description\":\"Dall'Universit\u00e0 di Pisa un'App per orientarsi nel voto alle Europee\",\"breadcrumb\":{\"@id\":\"https:\/\/www.intoscana.it\/it\/arriva-il-navigatore-elettorale-unapp-per-orientarsi-nel-voto-alle-europee\/#breadcrumb\"},\"inLanguage\":\"it-IT\",\"potentialAction\":[{\"@type\":\"ReadAction\",\"target\":[\"https:\/\/www.intoscana.it\/it\/arriva-il-navigatore-elettorale-unapp-per-orientarsi-nel-voto-alle-europee\/\"]}]},{\"@type\":\"ImageObject\",\"inLanguage\":\"it-IT\",\"@id\":\"https:\/\/www.intoscana.it\/it\/arriva-il-navigatore-elettorale-unapp-per-orientarsi-nel-voto-alle-europee\/#primaryimage\",\"url\":\"https:\/\/www.intoscana.it\/wp-content\/uploads\/app-5.jpg\",\"contentUrl\":\"https:\/\/www.intoscana.it\/wp-content\/uploads\/app-5.jpg\",\"width\":2000,\"height\":1333},{\"@type\":\"BreadcrumbList\",\"@id\":\"https:\/\/www.intoscana.it\/it\/arriva-il-navigatore-elettorale-unapp-per-orientarsi-nel-voto-alle-europee\/#breadcrumb\",\"itemListElement\":[{\"@type\":\"ListItem\",\"position\":1,\"name\":\"Home\",\"item\":\"https:\/\/www.intoscana.it\/it\/\"},{\"@type\":\"ListItem\",\"position\":2,\"name\":\"Arriva il &#8216;Navigatore elettorale&#8217;: un&#8217;App per orientarsi nel voto alle Europee\"}]},{\"@type\":\"WebSite\",\"@id\":\"https:\/\/www.intoscana.it\/it\/#website\",\"url\":\"https:\/\/www.intoscana.it\/it\/\",\"name\":\"intoscana\",\"description\":\"\",\"potentialAction\":[{\"@type\":\"SearchAction\",\"target\":{\"@type\":\"EntryPoint\",\"urlTemplate\":\"https:\/\/www.intoscana.it\/it\/?s={search_term_string}\"},\"query-input\":{\"@type\":\"PropertyValueSpecification\",\"valueRequired\":true,\"valueName\":\"search_term_string\"}}],\"inLanguage\":\"it-IT\"},{\"@type\":\"Person\",\"@id\":\"https:\/\/www.intoscana.it\/it\/#\/schema\/person\/9223810753230f20bd670fdd322661f8\",\"name\":\"Redazione\",\"url\":\"https:\/\/www.intoscana.it\/it\/author\/redazione\/\"}]}<\/script>\n<!-- \/ Yoast SEO Premium plugin. -->","yoast_head_json":{"title":"Arriva il 'Navigatore elettorale': un'App per orientarsi nel voto alle Europee - intoscana","description":"Dall'Universit\u00e0 di Pisa un'App per orientarsi nel voto alle Europee","robots":{"index":"index","follow":"follow","max-snippet":"max-snippet:-1","max-image-preview":"max-image-preview:large","max-video-preview":"max-video-preview:-1"},"canonical":"https:\/\/www.intoscana.it\/it\/arriva-il-navigatore-elettorale-unapp-per-orientarsi-nel-voto-alle-europee\/","og_locale":"it_IT","og_type":"article","og_title":"Arriva il 'Navigatore elettorale': un'App per orientarsi nel voto alle Europee","og_description":"Dall'Universit\u00e0 di Pisa un'App per orientarsi nel voto alle Europee","og_url":"https:\/\/www.intoscana.it\/it\/arriva-il-navigatore-elettorale-unapp-per-orientarsi-nel-voto-alle-europee\/","og_site_name":"intoscana","article_publisher":"https:\/\/www.facebook.com\/intoscana.it","article_published_time":"2019-05-20T10:33:16+00:00","article_modified_time":"2020-05-18T07:30:39+00:00","og_image":[{"width":2000,"height":1333,"url":"https:\/\/www.intoscana.it\/wp-content\/uploads\/app-5.jpg","type":"image\/jpeg"}],"author":"Redazione","twitter_card":"summary_large_image","twitter_creator":"@intoscana","twitter_site":"@intoscana","twitter_misc":{"Written by":"Redazione","Est. reading time":"2 minuti"},"schema":{"@context":"https:\/\/schema.org","@graph":[{"@type":"WebPage","@id":"https:\/\/www.intoscana.it\/it\/arriva-il-navigatore-elettorale-unapp-per-orientarsi-nel-voto-alle-europee\/","url":"https:\/\/www.intoscana.it\/it\/arriva-il-navigatore-elettorale-unapp-per-orientarsi-nel-voto-alle-europee\/","name":"Arriva il 'Navigatore elettorale': un'App per orientarsi nel voto alle Europee - intoscana","isPartOf":{"@id":"https:\/\/www.intoscana.it\/it\/#website"},"primaryImageOfPage":{"@id":"https:\/\/www.intoscana.it\/it\/arriva-il-navigatore-elettorale-unapp-per-orientarsi-nel-voto-alle-europee\/#primaryimage"},"image":{"@id":"https:\/\/www.intoscana.it\/it\/arriva-il-navigatore-elettorale-unapp-per-orientarsi-nel-voto-alle-europee\/#primaryimage"},"thumbnailUrl":"https:\/\/www.intoscana.it\/wp-content\/uploads\/app-5.jpg","datePublished":"2019-05-20T10:33:16+00:00","dateModified":"2020-05-18T07:30:39+00:00","author":{"@id":"https:\/\/www.intoscana.it\/it\/#\/schema\/person\/9223810753230f20bd670fdd322661f8"},"description":"Dall'Universit\u00e0 di Pisa un'App per orientarsi nel voto alle Europee","breadcrumb":{"@id":"https:\/\/www.intoscana.it\/it\/arriva-il-navigatore-elettorale-unapp-per-orientarsi-nel-voto-alle-europee\/#breadcrumb"},"inLanguage":"it-IT","potentialAction":[{"@type":"ReadAction","target":["https:\/\/www.intoscana.it\/it\/arriva-il-navigatore-elettorale-unapp-per-orientarsi-nel-voto-alle-europee\/"]}]},{"@type":"ImageObject","inLanguage":"it-IT","@id":"https:\/\/www.intoscana.it\/it\/arriva-il-navigatore-elettorale-unapp-per-orientarsi-nel-voto-alle-europee\/#primaryimage","url":"https:\/\/www.intoscana.it\/wp-content\/uploads\/app-5.jpg","contentUrl":"https:\/\/www.intoscana.it\/wp-content\/uploads\/app-5.jpg","width":2000,"height":1333},{"@type":"BreadcrumbList","@id":"https:\/\/www.intoscana.it\/it\/arriva-il-navigatore-elettorale-unapp-per-orientarsi-nel-voto-alle-europee\/#breadcrumb","itemListElement":[{"@type":"ListItem","position":1,"name":"Home","item":"https:\/\/www.intoscana.it\/it\/"},{"@type":"ListItem","position":2,"name":"Arriva il &#8216;Navigatore elettorale&#8217;: un&#8217;App per orientarsi nel voto alle Europee"}]},{"@type":"WebSite","@id":"https:\/\/www.intoscana.it\/it\/#website","url":"https:\/\/www.intoscana.it\/it\/","name":"intoscana","description":"","potentialAction":[{"@type":"SearchAction","target":{"@type":"EntryPoint","urlTemplate":"https:\/\/www.intoscana.it\/it\/?s={search_term_string}"},"query-input":{"@type":"PropertyValueSpecification","valueRequired":true,"valueName":"search_term_string"}}],"inLanguage":"it-IT"},{"@type":"Person","@id":"https:\/\/www.intoscana.it\/it\/#\/schema\/person\/9223810753230f20bd670fdd322661f8","name":"Redazione","url":"https:\/\/www.intoscana.it\/it\/author\/redazione\/"}]}},"_links":{"self":[{"href":"https:\/\/www.intoscana.it\/it\/wp-json\/wp\/v2\/posts\/66374","targetHints":{"allow":["GET"]}}],"collection":[{"href":"https:\/\/www.intoscana.it\/it\/wp-json\/wp\/v2\/posts"}],"about":[{"href":"https:\/\/www.intoscana.it\/it\/wp-json\/wp\/v2\/types\/post"}],"author":[{"embeddable":true,"href":"https:\/\/www.intoscana.it\/it\/wp-json\/wp\/v2\/users\/525"}],"replies":[{"embeddable":true,"href":"https:\/\/www.intoscana.it\/it\/wp-json\/wp\/v2\/comments?post=66374"}],"version-history":[{"count":0,"href":"https:\/\/www.intoscana.it\/it\/wp-json\/wp\/v2\/posts\/66374\/revisions"}],"wp:featuredmedia":[{"embeddable":true,"href":"https:\/\/www.intoscana.it\/it\/wp-json\/wp\/v2\/media\/103913"}],"wp:attachment":[{"href":"https:\/\/www.intoscana.it\/it\/wp-json\/wp\/v2\/media?parent=66374"}],"wp:term":[{"taxonomy":"category","embeddable":true,"href":"https:\/\/www.intoscana.it\/it\/wp-json\/wp\/v2\/categories?post=66374"},{"taxonomy":"post_tag","embeddable":true,"href":"https:\/\/www.intoscana.it\/it\/wp-json\/wp\/v2\/tags?post=66374"}],"curies":[{"name":"wp","href":"https:\/\/api.w.org\/{rel}","templated":true}]}}