{"id":66384,"date":"2019-12-02T11:59:25","date_gmt":"2019-12-02T11:59:25","guid":{"rendered":"http:\/\/www.intoscana.it\/la-chianina-ciclostorica-2020-sara-intitolata-a-felice-gimondi\/"},"modified":"2020-05-19T16:04:34","modified_gmt":"2020-05-19T14:04:34","slug":"chianina-ciclostorica-felice-gimondi","status":"publish","type":"post","link":"https:\/\/www.intoscana.it\/it\/chianina-ciclostorica-felice-gimondi\/","title":{"rendered":"La Chianina Ciclostorica 2020 sar\u00e0 intitolata a Felice Gimondi"},"content":{"rendered":"<p><strong>Una speciale dedica a Felice Gimondi per &#8220;La Chianina Ciclostorica&#8221; del 2020.<\/strong> La sesta edizione dell\u2019evento \u00e8 stata presentata nel corso di una serata di festa alla torre di Marciano della Chiana, che ha riunito alcuni dei maggiori rappresentanti delle ciclostoriche italiane, tra cui il fondatore de &#8220;L\u2019Eroica&#8221; Giancarlo Brocci, e che ha rappresentato l\u2019occasione per fornire alcune anticipazioni sugli appuntamenti promossi nei prossimi mesi in Valdichiana.<\/p>\n<p><strong>Il focus \u00e8 stato orientato verso La Chianina che, in programma da venerd\u00ec 19 a domenica 21 giugno<\/strong>, \u00e8 stata confermata tra gli eventi d\u2019eccellenza del ciclismo storico italiano inseriti nel circuito del Ciclo Club L\u2019Eroica e che sar\u00e0 caratterizzata da un particolare omaggio al campione delle due-ruote scomparso lo scorso agosto.<\/p>\n<p><strong>Gimondi fu il grande ospite dell\u2019ultima edizione della ciclostorica e visse un intero fine settimana in Valdichiana contribuendo come starter alla partenza della manifestazione<\/strong> e come relatore di un dibattito in piazza Fanfulla in cui ha ripercorso le sue gesta sportive tra i tanti successi e la rivalit\u00e0 con Merckx. Ad accompagnarlo fu la figlia Norma che, ormai da due anni, partecipa a La Chianina a cui \u00e8 legata da un rapporto di amicizia che trover\u00e0 il proprio coronamento nell\u2019intitolazione allo stesso Gimondi del percorso del 21 gi<strong>ugno.<\/strong><\/p>\n<p><strong>\u00abLa Chianina 2020 si svolger\u00e0 in due tappe\u00bb ha spiegato Silvio Valentini.<\/strong> \u00abIl sabato proporremo un prologo per ritrovarci e per iniziare a pedalare insieme, mentre il percorso lungo della ciclostorica della domenica si svilupper\u00e0 su un totale di 105 chilometri e sar\u00e0 dedicato a Gimondi che abbiamo avuto l\u2019onore e il piacere di avere con noi solo pochi mesi fa\u00bb.<\/p>\n<p><strong>Nel programma del 2020 rientrer\u00e0 anche l\u2019organizzazione per il secondo anno consecutivo de &#8220;La Gibostorica&#8221;, la ciclostorica itinerante ideata da Gilberto Simoni<\/strong> (vincitore di due Giri d\u2019Italia nel 2001 e nel 2003). La manifestazione sar\u00e0 sabato 7 e domenica 8 marzo nel territorio di Castiglion Fiorentino, permettendo cos\u00ec di promuovere in Valdichiana un\u2019ulteriore occasione di ritrovo per gli appassionati di ciclismo d\u2019epoca di tutta la penisola.<\/p>\n<p><strong>\u00abLa Chianina e La Gibostorica &#8211; ha aggiunto Roberto Apolloni, presidente de La Chianina Asd &#8211; sono due occasioni per raggiungere l\u2019obiettivo della valorizzazione della Valdichiana che da sempre anima la nostra associazione.<\/strong> Negli ultimi anni abbiamo portato centinaia di ciclisti a pedalare tra le strade bianche, i borghi e i paesaggi della vallata, ma soprattutto abbiamo instaurato tanti rapporti di amicizia e abbiamo vissuto tante occasioni per stare insieme, per divertirci e per condividere la comune passione per le due-ruote\u00bb.<\/p>\n","protected":false},"excerpt":{"rendered":"<p>L\u2019evento storico, in programma dal 19 al 21 giugno, avr\u00e0 una tappa dedicata al grande campione del ciclismo. A marzo in programma anche &#8216;La Gibostorica&#8217;<\/p>\n","protected":false},"author":525,"featured_media":103923,"comment_status":"open","ping_status":"open","sticky":false,"template":"","format":"standard","meta":{"_acf_changed":false,"footnotes":""},"categories":[494,10],"tags":[391,159],"class_list":["post-66384","post","type-post","status-publish","format-standard","has-post-thumbnail","hentry","category-attualita","category-sport","tag-ciclismo","tag-sport"],"acf":[],"yoast_head":"<!-- This site is optimized with the Yoast SEO Premium plugin v24.2 (Yoast SEO v25.6) - https:\/\/yoast.com\/wordpress\/plugins\/seo\/ -->\n<title>La Chianina Ciclostorica 2020 sar\u00e0 intitolata a Felice Gimondi - intoscana<\/title>\n<meta name=\"robots\" content=\"index, follow, max-snippet:-1, max-image-preview:large, max-video-preview:-1\" \/>\n<link rel=\"canonical\" href=\"https:\/\/www.intoscana.it\/it\/chianina-ciclostorica-felice-gimondi\/\" \/>\n<meta property=\"og:locale\" content=\"it_IT\" \/>\n<meta property=\"og:type\" content=\"article\" \/>\n<meta property=\"og:title\" content=\"La Chianina Ciclostorica 2020 sar\u00e0 intitolata a Felice Gimondi\" \/>\n<meta property=\"og:description\" content=\"L\u2019evento storico, in programma dal 19 al 21 giugno, avr\u00e0 una tappa dedicata al grande campione del ciclismo. A marzo in programma anche &#039;La Gibostorica&#039;\" \/>\n<meta property=\"og:url\" content=\"https:\/\/www.intoscana.it\/it\/chianina-ciclostorica-felice-gimondi\/\" \/>\n<meta property=\"og:site_name\" content=\"intoscana\" \/>\n<meta property=\"article:publisher\" content=\"https:\/\/www.facebook.com\/intoscana.it\" \/>\n<meta property=\"article:published_time\" content=\"2019-12-02T11:59:25+00:00\" \/>\n<meta property=\"article:modified_time\" content=\"2020-05-19T14:04:34+00:00\" \/>\n<meta property=\"og:image\" content=\"https:\/\/www.intoscana.it\/wp-content\/uploads\/la-chianina-apolloni-gimondi-e-valentini-1.jpg\" \/>\n\t<meta property=\"og:image:width\" content=\"600\" \/>\n\t<meta property=\"og:image:height\" content=\"400\" \/>\n\t<meta property=\"og:image:type\" content=\"image\/jpeg\" \/>\n<meta name=\"author\" content=\"Redazione\" \/>\n<meta name=\"twitter:card\" content=\"summary_large_image\" \/>\n<meta name=\"twitter:creator\" content=\"@intoscana\" \/>\n<meta name=\"twitter:site\" content=\"@intoscana\" \/>\n<meta name=\"twitter:label1\" content=\"Written by\" \/>\n\t<meta name=\"twitter:data1\" content=\"Redazione\" \/>\n\t<meta name=\"twitter:label2\" content=\"Est. reading time\" \/>\n\t<meta name=\"twitter:data2\" content=\"2 minuti\" \/>\n<script type=\"application\/ld+json\" class=\"yoast-schema-graph\">{\"@context\":\"https:\/\/schema.org\",\"@graph\":[{\"@type\":\"WebPage\",\"@id\":\"https:\/\/www.intoscana.it\/it\/chianina-ciclostorica-felice-gimondi\/\",\"url\":\"https:\/\/www.intoscana.it\/it\/chianina-ciclostorica-felice-gimondi\/\",\"name\":\"La Chianina Ciclostorica 2020 sar\u00e0 intitolata a Felice Gimondi - intoscana\",\"isPartOf\":{\"@id\":\"https:\/\/www.intoscana.it\/it\/#website\"},\"primaryImageOfPage\":{\"@id\":\"https:\/\/www.intoscana.it\/it\/chianina-ciclostorica-felice-gimondi\/#primaryimage\"},\"image\":{\"@id\":\"https:\/\/www.intoscana.it\/it\/chianina-ciclostorica-felice-gimondi\/#primaryimage\"},\"thumbnailUrl\":\"https:\/\/www.intoscana.it\/wp-content\/uploads\/la-chianina-apolloni-gimondi-e-valentini-1.jpg\",\"datePublished\":\"2019-12-02T11:59:25+00:00\",\"dateModified\":\"2020-05-19T14:04:34+00:00\",\"author\":{\"@id\":\"https:\/\/www.intoscana.it\/it\/#\/schema\/person\/9223810753230f20bd670fdd322661f8\"},\"breadcrumb\":{\"@id\":\"https:\/\/www.intoscana.it\/it\/chianina-ciclostorica-felice-gimondi\/#breadcrumb\"},\"inLanguage\":\"it-IT\",\"potentialAction\":[{\"@type\":\"ReadAction\",\"target\":[\"https:\/\/www.intoscana.it\/it\/chianina-ciclostorica-felice-gimondi\/\"]}]},{\"@type\":\"ImageObject\",\"inLanguage\":\"it-IT\",\"@id\":\"https:\/\/www.intoscana.it\/it\/chianina-ciclostorica-felice-gimondi\/#primaryimage\",\"url\":\"https:\/\/www.intoscana.it\/wp-content\/uploads\/la-chianina-apolloni-gimondi-e-valentini-1.jpg\",\"contentUrl\":\"https:\/\/www.intoscana.it\/wp-content\/uploads\/la-chianina-apolloni-gimondi-e-valentini-1.jpg\",\"width\":600,\"height\":400,\"caption\":\"Apolloni, Gimondi e Valentini\"},{\"@type\":\"BreadcrumbList\",\"@id\":\"https:\/\/www.intoscana.it\/it\/chianina-ciclostorica-felice-gimondi\/#breadcrumb\",\"itemListElement\":[{\"@type\":\"ListItem\",\"position\":1,\"name\":\"Home\",\"item\":\"https:\/\/www.intoscana.it\/it\/\"},{\"@type\":\"ListItem\",\"position\":2,\"name\":\"La Chianina Ciclostorica 2020 sar\u00e0 intitolata a Felice Gimondi\"}]},{\"@type\":\"WebSite\",\"@id\":\"https:\/\/www.intoscana.it\/it\/#website\",\"url\":\"https:\/\/www.intoscana.it\/it\/\",\"name\":\"intoscana\",\"description\":\"\",\"potentialAction\":[{\"@type\":\"SearchAction\",\"target\":{\"@type\":\"EntryPoint\",\"urlTemplate\":\"https:\/\/www.intoscana.it\/it\/?s={search_term_string}\"},\"query-input\":{\"@type\":\"PropertyValueSpecification\",\"valueRequired\":true,\"valueName\":\"search_term_string\"}}],\"inLanguage\":\"it-IT\"},{\"@type\":\"Person\",\"@id\":\"https:\/\/www.intoscana.it\/it\/#\/schema\/person\/9223810753230f20bd670fdd322661f8\",\"name\":\"Redazione\",\"url\":\"https:\/\/www.intoscana.it\/it\/author\/redazione\/\"}]}<\/script>\n<!-- \/ Yoast SEO Premium plugin. -->","yoast_head_json":{"title":"La Chianina Ciclostorica 2020 sar\u00e0 intitolata a Felice Gimondi - intoscana","robots":{"index":"index","follow":"follow","max-snippet":"max-snippet:-1","max-image-preview":"max-image-preview:large","max-video-preview":"max-video-preview:-1"},"canonical":"https:\/\/www.intoscana.it\/it\/chianina-ciclostorica-felice-gimondi\/","og_locale":"it_IT","og_type":"article","og_title":"La Chianina Ciclostorica 2020 sar\u00e0 intitolata a Felice Gimondi","og_description":"L\u2019evento storico, in programma dal 19 al 21 giugno, avr\u00e0 una tappa dedicata al grande campione del ciclismo. A marzo in programma anche 'La Gibostorica'","og_url":"https:\/\/www.intoscana.it\/it\/chianina-ciclostorica-felice-gimondi\/","og_site_name":"intoscana","article_publisher":"https:\/\/www.facebook.com\/intoscana.it","article_published_time":"2019-12-02T11:59:25+00:00","article_modified_time":"2020-05-19T14:04:34+00:00","og_image":[{"width":600,"height":400,"url":"https:\/\/www.intoscana.it\/wp-content\/uploads\/la-chianina-apolloni-gimondi-e-valentini-1.jpg","type":"image\/jpeg"}],"author":"Redazione","twitter_card":"summary_large_image","twitter_creator":"@intoscana","twitter_site":"@intoscana","twitter_misc":{"Written by":"Redazione","Est. reading time":"2 minuti"},"schema":{"@context":"https:\/\/schema.org","@graph":[{"@type":"WebPage","@id":"https:\/\/www.intoscana.it\/it\/chianina-ciclostorica-felice-gimondi\/","url":"https:\/\/www.intoscana.it\/it\/chianina-ciclostorica-felice-gimondi\/","name":"La Chianina Ciclostorica 2020 sar\u00e0 intitolata a Felice Gimondi - intoscana","isPartOf":{"@id":"https:\/\/www.intoscana.it\/it\/#website"},"primaryImageOfPage":{"@id":"https:\/\/www.intoscana.it\/it\/chianina-ciclostorica-felice-gimondi\/#primaryimage"},"image":{"@id":"https:\/\/www.intoscana.it\/it\/chianina-ciclostorica-felice-gimondi\/#primaryimage"},"thumbnailUrl":"https:\/\/www.intoscana.it\/wp-content\/uploads\/la-chianina-apolloni-gimondi-e-valentini-1.jpg","datePublished":"2019-12-02T11:59:25+00:00","dateModified":"2020-05-19T14:04:34+00:00","author":{"@id":"https:\/\/www.intoscana.it\/it\/#\/schema\/person\/9223810753230f20bd670fdd322661f8"},"breadcrumb":{"@id":"https:\/\/www.intoscana.it\/it\/chianina-ciclostorica-felice-gimondi\/#breadcrumb"},"inLanguage":"it-IT","potentialAction":[{"@type":"ReadAction","target":["https:\/\/www.intoscana.it\/it\/chianina-ciclostorica-felice-gimondi\/"]}]},{"@type":"ImageObject","inLanguage":"it-IT","@id":"https:\/\/www.intoscana.it\/it\/chianina-ciclostorica-felice-gimondi\/#primaryimage","url":"https:\/\/www.intoscana.it\/wp-content\/uploads\/la-chianina-apolloni-gimondi-e-valentini-1.jpg","contentUrl":"https:\/\/www.intoscana.it\/wp-content\/uploads\/la-chianina-apolloni-gimondi-e-valentini-1.jpg","width":600,"height":400,"caption":"Apolloni, Gimondi e Valentini"},{"@type":"BreadcrumbList","@id":"https:\/\/www.intoscana.it\/it\/chianina-ciclostorica-felice-gimondi\/#breadcrumb","itemListElement":[{"@type":"ListItem","position":1,"name":"Home","item":"https:\/\/www.intoscana.it\/it\/"},{"@type":"ListItem","position":2,"name":"La Chianina Ciclostorica 2020 sar\u00e0 intitolata a Felice Gimondi"}]},{"@type":"WebSite","@id":"https:\/\/www.intoscana.it\/it\/#website","url":"https:\/\/www.intoscana.it\/it\/","name":"intoscana","description":"","potentialAction":[{"@type":"SearchAction","target":{"@type":"EntryPoint","urlTemplate":"https:\/\/www.intoscana.it\/it\/?s={search_term_string}"},"query-input":{"@type":"PropertyValueSpecification","valueRequired":true,"valueName":"search_term_string"}}],"inLanguage":"it-IT"},{"@type":"Person","@id":"https:\/\/www.intoscana.it\/it\/#\/schema\/person\/9223810753230f20bd670fdd322661f8","name":"Redazione","url":"https:\/\/www.intoscana.it\/it\/author\/redazione\/"}]}},"_links":{"self":[{"href":"https:\/\/www.intoscana.it\/it\/wp-json\/wp\/v2\/posts\/66384","targetHints":{"allow":["GET"]}}],"collection":[{"href":"https:\/\/www.intoscana.it\/it\/wp-json\/wp\/v2\/posts"}],"about":[{"href":"https:\/\/www.intoscana.it\/it\/wp-json\/wp\/v2\/types\/post"}],"author":[{"embeddable":true,"href":"https:\/\/www.intoscana.it\/it\/wp-json\/wp\/v2\/users\/525"}],"replies":[{"embeddable":true,"href":"https:\/\/www.intoscana.it\/it\/wp-json\/wp\/v2\/comments?post=66384"}],"version-history":[{"count":0,"href":"https:\/\/www.intoscana.it\/it\/wp-json\/wp\/v2\/posts\/66384\/revisions"}],"wp:featuredmedia":[{"embeddable":true,"href":"https:\/\/www.intoscana.it\/it\/wp-json\/wp\/v2\/media\/103923"}],"wp:attachment":[{"href":"https:\/\/www.intoscana.it\/it\/wp-json\/wp\/v2\/media?parent=66384"}],"wp:term":[{"taxonomy":"category","embeddable":true,"href":"https:\/\/www.intoscana.it\/it\/wp-json\/wp\/v2\/categories?post=66384"},{"taxonomy":"post_tag","embeddable":true,"href":"https:\/\/www.intoscana.it\/it\/wp-json\/wp\/v2\/tags?post=66384"}],"curies":[{"name":"wp","href":"https:\/\/api.w.org\/{rel}","templated":true}]}}