{"id":66440,"date":"2019-02-15T10:37:32","date_gmt":"2019-02-15T10:37:32","guid":{"rendered":"http:\/\/www.intoscana.it\/cybersecurity-luniversita-di-pisa-aiutera-il-ministero-della-difesa\/"},"modified":"2020-05-18T09:30:56","modified_gmt":"2020-05-18T07:30:56","slug":"cybersecurity-luniversita-di-pisa-aiutera-il-ministero-della-difesa","status":"publish","type":"post","link":"https:\/\/www.intoscana.it\/it\/cybersecurity-luniversita-di-pisa-aiutera-il-ministero-della-difesa\/","title":{"rendered":"Cybersecurity: l&#8217;Universit\u00e0 di Pisa aiuter\u00e0 il Ministero della Difesa"},"content":{"rendered":"<p><strong>Il Ministero della Difesa e l\u2019Universit\u00e0 di Pisa<\/strong> hanno siglato un accordo quadro di collaborazione per promuovere <strong>lo studio e la ricerca nel campo della produzione, accumulo, gestione e utilizzazione dell\u2019energia e della cyber security.<\/strong> L\u2019accordo \u00e8 stato sottoscritto dal<strong> sottosegretario alla Difesa, onorevole Angelo Tofalo, e dal rettore dell\u2019Universit\u00e0 Paolo Maria Mancarella.<\/strong>&nbsp;<\/p>\n<p>Per il sottosegretario Angelo Tofalo \u201cl&#8217;accordo siglato, oltre a <strong>rafforzare la pluriennale collaborazione tra la Difesa e l&#8217;Universit\u00e0 di Pisa<\/strong>, consentir\u00e0 di svolgere molteplici importanti attivit\u00e0 per lo studio e lo sviluppo di <strong>nuove tecnologie nel settore del risparmio energetico e nella riduzione delle emissioni che alterano il clima<\/strong>. Inoltre sar\u00e0 possibile sviluppare ricerche in ambito<strong> energy cyber security e dual use.<\/strong> L&#8217;approccio virtuoso della Difesa pu\u00f2 considerarsi un modello per gli altri comparti pubblici a tutela della sicurezza allargata del cittadino e della sostenibilit\u00e0 globale delle risorse pubbliche utilizzate nella <strong>national security strategy, le cui parole chiave sono resilienza e duplice uso.<\/strong> Il settore energetico assume un ruolo sempre pi\u00f9 centrale per lo sviluppo economico della Nazione, nell&#8217;ottica di <strong>un modello di crescita sostenibile e per la sicurezza del Sistema Paese<\/strong>. Per conseguire questi obiettivi stiamo predisponendo un piano per la <strong>Strategia Energetica della Difesa (SED)<\/strong> che, in armonia con il quadro strategico nazionale nel settore energetico e ambientale, prevede azioni da mettere in pratica nel breve e medio periodo nei diversi settori della formazione, governance, infrastrutture, <strong>logistica dei trasporti, cyber sicurezza, ricerca e sviluppo\u201d<\/strong>.<\/p>\n<p> &#8220;L\u2019accordo siglato &#8211; ha dichiarato il <strong>rettore Paolo Mancarella<\/strong> &#8211; conferma l&#8217;interesse dell\u2019Ateneo di Pisa a collaborare con le altre amministrazioni pubbliche su temi che mettano al centro l<strong>\u2019applicazione delle nuove tecnologie, tipiche dell\u2019ingegneria industriale e dell\u2019informazione,<\/strong> in settori di preminente importanza per il paese quale l\u2019uso ottimale delle fonti di energia privilegiando, come in questo caso, la <strong>salvaguardia e il miglioramento della qualit\u00e0 dell\u2019ambiente<\/strong>\u201d.<\/p>\n<p>L\u2019attivit\u00e0 prevista dall&#8217;accordo \u00e8 in armonia con il quadro normativo nazionale delineato dal <strong>Documento d\u2019Indirizzo Strategico Programmatico del giugno 2017<\/strong> e si inserisce nell\u2019alveo delle attivit\u00e0 gi\u00e0 avviate dal Dicastero per lo sviluppo delle tematiche riguardanti l\u2019<strong>efficientamento energetico, favorendo l\u2019utilizzo ottimale delle fonti rinnovabili e riducendo nel contempo il ricorso alle fonti tradizionali<\/strong>. La Difesa promuove altres\u00ec lo sviluppo e la ricerca nel campo dell\u2019energy-cyber security e, in tale contesto, che ha attualmente un fortissimo impatto, e sempre pi\u00f9 ne avr\u00e0 in futuro, su tutte le attivit\u00e0 del paese che utilizzano l\u2019energia \u00e8 imprescindibile creare sinergie operative e attuare collaborazioni durature con le altre istituzioni come quella che \u00e8 stata avviata con l<strong>&#8216;Universit\u00e0 di Pisa.<\/strong><\/p>\n<p><\/p>\n","protected":false},"excerpt":{"rendered":"<p>La collaborazione riguarda la generazione e le reti di distribuzione dell\u2019energia e dell\u2019energy-cyber security<\/p>\n","protected":false},"author":525,"featured_media":103978,"comment_status":"open","ping_status":"open","sticky":false,"template":"","format":"standard","meta":{"_acf_changed":false,"footnotes":""},"categories":[475,15],"tags":[368],"class_list":["post-66440","post","type-post","status-publish","format-standard","has-post-thumbnail","hentry","category-innovazione","category-tecnologia","tag-universita-di-pisa"],"acf":[],"yoast_head":"<!-- This site is optimized with the Yoast SEO Premium plugin v24.2 (Yoast SEO v25.6) - https:\/\/yoast.com\/wordpress\/plugins\/seo\/ -->\n<title>Cybersecurity: l&#039;Universit\u00e0 di Pisa aiuter\u00e0 il Ministero della Difesa - intoscana<\/title>\n<meta name=\"description\" content=\"Cybersecurity: l&#039;Universit\u00e0 di Pisa aiuter\u00e0 il Ministero a difendersi\" \/>\n<meta name=\"robots\" content=\"index, follow, max-snippet:-1, max-image-preview:large, max-video-preview:-1\" \/>\n<link rel=\"canonical\" href=\"https:\/\/www.intoscana.it\/it\/cybersecurity-luniversita-di-pisa-aiutera-il-ministero-della-difesa\/\" \/>\n<meta property=\"og:locale\" content=\"it_IT\" \/>\n<meta property=\"og:type\" content=\"article\" \/>\n<meta property=\"og:title\" content=\"Cybersecurity: l&#039;Universit\u00e0 di Pisa aiuter\u00e0 il Ministero della Difesa\" \/>\n<meta property=\"og:description\" content=\"Cybersecurity: l&#039;Universit\u00e0 di Pisa aiuter\u00e0 il Ministero a difendersi\" \/>\n<meta property=\"og:url\" content=\"https:\/\/www.intoscana.it\/it\/cybersecurity-luniversita-di-pisa-aiutera-il-ministero-della-difesa\/\" \/>\n<meta property=\"og:site_name\" content=\"intoscana\" \/>\n<meta property=\"article:publisher\" content=\"https:\/\/www.facebook.com\/intoscana.it\" \/>\n<meta property=\"article:published_time\" content=\"2019-02-15T10:37:32+00:00\" \/>\n<meta property=\"article:modified_time\" content=\"2020-05-18T07:30:56+00:00\" \/>\n<meta property=\"og:image\" content=\"https:\/\/www.intoscana.it\/wp-content\/uploads\/cybersecurity-2.jpg\" \/>\n\t<meta property=\"og:image:width\" content=\"2000\" \/>\n\t<meta property=\"og:image:height\" content=\"1333\" \/>\n\t<meta property=\"og:image:type\" content=\"image\/jpeg\" \/>\n<meta name=\"author\" content=\"Redazione\" \/>\n<meta name=\"twitter:card\" content=\"summary_large_image\" \/>\n<meta name=\"twitter:creator\" content=\"@intoscana\" \/>\n<meta name=\"twitter:site\" content=\"@intoscana\" \/>\n<meta name=\"twitter:label1\" content=\"Written by\" \/>\n\t<meta name=\"twitter:data1\" content=\"Redazione\" \/>\n\t<meta name=\"twitter:label2\" content=\"Est. reading time\" \/>\n\t<meta name=\"twitter:data2\" content=\"2 minuti\" \/>\n<script type=\"application\/ld+json\" class=\"yoast-schema-graph\">{\"@context\":\"https:\/\/schema.org\",\"@graph\":[{\"@type\":\"WebPage\",\"@id\":\"https:\/\/www.intoscana.it\/it\/cybersecurity-luniversita-di-pisa-aiutera-il-ministero-della-difesa\/\",\"url\":\"https:\/\/www.intoscana.it\/it\/cybersecurity-luniversita-di-pisa-aiutera-il-ministero-della-difesa\/\",\"name\":\"Cybersecurity: l'Universit\u00e0 di Pisa aiuter\u00e0 il Ministero della Difesa - intoscana\",\"isPartOf\":{\"@id\":\"https:\/\/www.intoscana.it\/it\/#website\"},\"primaryImageOfPage\":{\"@id\":\"https:\/\/www.intoscana.it\/it\/cybersecurity-luniversita-di-pisa-aiutera-il-ministero-della-difesa\/#primaryimage\"},\"image\":{\"@id\":\"https:\/\/www.intoscana.it\/it\/cybersecurity-luniversita-di-pisa-aiutera-il-ministero-della-difesa\/#primaryimage\"},\"thumbnailUrl\":\"https:\/\/www.intoscana.it\/wp-content\/uploads\/cybersecurity-2.jpg\",\"datePublished\":\"2019-02-15T10:37:32+00:00\",\"dateModified\":\"2020-05-18T07:30:56+00:00\",\"author\":{\"@id\":\"https:\/\/www.intoscana.it\/it\/#\/schema\/person\/9223810753230f20bd670fdd322661f8\"},\"description\":\"Cybersecurity: l'Universit\u00e0 di Pisa aiuter\u00e0 il Ministero a difendersi\",\"breadcrumb\":{\"@id\":\"https:\/\/www.intoscana.it\/it\/cybersecurity-luniversita-di-pisa-aiutera-il-ministero-della-difesa\/#breadcrumb\"},\"inLanguage\":\"it-IT\",\"potentialAction\":[{\"@type\":\"ReadAction\",\"target\":[\"https:\/\/www.intoscana.it\/it\/cybersecurity-luniversita-di-pisa-aiutera-il-ministero-della-difesa\/\"]}]},{\"@type\":\"ImageObject\",\"inLanguage\":\"it-IT\",\"@id\":\"https:\/\/www.intoscana.it\/it\/cybersecurity-luniversita-di-pisa-aiutera-il-ministero-della-difesa\/#primaryimage\",\"url\":\"https:\/\/www.intoscana.it\/wp-content\/uploads\/cybersecurity-2.jpg\",\"contentUrl\":\"https:\/\/www.intoscana.it\/wp-content\/uploads\/cybersecurity-2.jpg\",\"width\":2000,\"height\":1333,\"caption\":\"Cybersecurity\"},{\"@type\":\"BreadcrumbList\",\"@id\":\"https:\/\/www.intoscana.it\/it\/cybersecurity-luniversita-di-pisa-aiutera-il-ministero-della-difesa\/#breadcrumb\",\"itemListElement\":[{\"@type\":\"ListItem\",\"position\":1,\"name\":\"Home\",\"item\":\"https:\/\/www.intoscana.it\/it\/\"},{\"@type\":\"ListItem\",\"position\":2,\"name\":\"Cybersecurity: l&#8217;Universit\u00e0 di Pisa aiuter\u00e0 il Ministero della Difesa\"}]},{\"@type\":\"WebSite\",\"@id\":\"https:\/\/www.intoscana.it\/it\/#website\",\"url\":\"https:\/\/www.intoscana.it\/it\/\",\"name\":\"intoscana\",\"description\":\"\",\"potentialAction\":[{\"@type\":\"SearchAction\",\"target\":{\"@type\":\"EntryPoint\",\"urlTemplate\":\"https:\/\/www.intoscana.it\/it\/?s={search_term_string}\"},\"query-input\":{\"@type\":\"PropertyValueSpecification\",\"valueRequired\":true,\"valueName\":\"search_term_string\"}}],\"inLanguage\":\"it-IT\"},{\"@type\":\"Person\",\"@id\":\"https:\/\/www.intoscana.it\/it\/#\/schema\/person\/9223810753230f20bd670fdd322661f8\",\"name\":\"Redazione\",\"url\":\"https:\/\/www.intoscana.it\/it\/author\/redazione\/\"}]}<\/script>\n<!-- \/ Yoast SEO Premium plugin. -->","yoast_head_json":{"title":"Cybersecurity: l'Universit\u00e0 di Pisa aiuter\u00e0 il Ministero della Difesa - intoscana","description":"Cybersecurity: l'Universit\u00e0 di Pisa aiuter\u00e0 il Ministero a difendersi","robots":{"index":"index","follow":"follow","max-snippet":"max-snippet:-1","max-image-preview":"max-image-preview:large","max-video-preview":"max-video-preview:-1"},"canonical":"https:\/\/www.intoscana.it\/it\/cybersecurity-luniversita-di-pisa-aiutera-il-ministero-della-difesa\/","og_locale":"it_IT","og_type":"article","og_title":"Cybersecurity: l'Universit\u00e0 di Pisa aiuter\u00e0 il Ministero della Difesa","og_description":"Cybersecurity: l'Universit\u00e0 di Pisa aiuter\u00e0 il Ministero a difendersi","og_url":"https:\/\/www.intoscana.it\/it\/cybersecurity-luniversita-di-pisa-aiutera-il-ministero-della-difesa\/","og_site_name":"intoscana","article_publisher":"https:\/\/www.facebook.com\/intoscana.it","article_published_time":"2019-02-15T10:37:32+00:00","article_modified_time":"2020-05-18T07:30:56+00:00","og_image":[{"width":2000,"height":1333,"url":"https:\/\/www.intoscana.it\/wp-content\/uploads\/cybersecurity-2.jpg","type":"image\/jpeg"}],"author":"Redazione","twitter_card":"summary_large_image","twitter_creator":"@intoscana","twitter_site":"@intoscana","twitter_misc":{"Written by":"Redazione","Est. reading time":"2 minuti"},"schema":{"@context":"https:\/\/schema.org","@graph":[{"@type":"WebPage","@id":"https:\/\/www.intoscana.it\/it\/cybersecurity-luniversita-di-pisa-aiutera-il-ministero-della-difesa\/","url":"https:\/\/www.intoscana.it\/it\/cybersecurity-luniversita-di-pisa-aiutera-il-ministero-della-difesa\/","name":"Cybersecurity: l'Universit\u00e0 di Pisa aiuter\u00e0 il Ministero della Difesa - intoscana","isPartOf":{"@id":"https:\/\/www.intoscana.it\/it\/#website"},"primaryImageOfPage":{"@id":"https:\/\/www.intoscana.it\/it\/cybersecurity-luniversita-di-pisa-aiutera-il-ministero-della-difesa\/#primaryimage"},"image":{"@id":"https:\/\/www.intoscana.it\/it\/cybersecurity-luniversita-di-pisa-aiutera-il-ministero-della-difesa\/#primaryimage"},"thumbnailUrl":"https:\/\/www.intoscana.it\/wp-content\/uploads\/cybersecurity-2.jpg","datePublished":"2019-02-15T10:37:32+00:00","dateModified":"2020-05-18T07:30:56+00:00","author":{"@id":"https:\/\/www.intoscana.it\/it\/#\/schema\/person\/9223810753230f20bd670fdd322661f8"},"description":"Cybersecurity: l'Universit\u00e0 di Pisa aiuter\u00e0 il Ministero a difendersi","breadcrumb":{"@id":"https:\/\/www.intoscana.it\/it\/cybersecurity-luniversita-di-pisa-aiutera-il-ministero-della-difesa\/#breadcrumb"},"inLanguage":"it-IT","potentialAction":[{"@type":"ReadAction","target":["https:\/\/www.intoscana.it\/it\/cybersecurity-luniversita-di-pisa-aiutera-il-ministero-della-difesa\/"]}]},{"@type":"ImageObject","inLanguage":"it-IT","@id":"https:\/\/www.intoscana.it\/it\/cybersecurity-luniversita-di-pisa-aiutera-il-ministero-della-difesa\/#primaryimage","url":"https:\/\/www.intoscana.it\/wp-content\/uploads\/cybersecurity-2.jpg","contentUrl":"https:\/\/www.intoscana.it\/wp-content\/uploads\/cybersecurity-2.jpg","width":2000,"height":1333,"caption":"Cybersecurity"},{"@type":"BreadcrumbList","@id":"https:\/\/www.intoscana.it\/it\/cybersecurity-luniversita-di-pisa-aiutera-il-ministero-della-difesa\/#breadcrumb","itemListElement":[{"@type":"ListItem","position":1,"name":"Home","item":"https:\/\/www.intoscana.it\/it\/"},{"@type":"ListItem","position":2,"name":"Cybersecurity: l&#8217;Universit\u00e0 di Pisa aiuter\u00e0 il Ministero della Difesa"}]},{"@type":"WebSite","@id":"https:\/\/www.intoscana.it\/it\/#website","url":"https:\/\/www.intoscana.it\/it\/","name":"intoscana","description":"","potentialAction":[{"@type":"SearchAction","target":{"@type":"EntryPoint","urlTemplate":"https:\/\/www.intoscana.it\/it\/?s={search_term_string}"},"query-input":{"@type":"PropertyValueSpecification","valueRequired":true,"valueName":"search_term_string"}}],"inLanguage":"it-IT"},{"@type":"Person","@id":"https:\/\/www.intoscana.it\/it\/#\/schema\/person\/9223810753230f20bd670fdd322661f8","name":"Redazione","url":"https:\/\/www.intoscana.it\/it\/author\/redazione\/"}]}},"_links":{"self":[{"href":"https:\/\/www.intoscana.it\/it\/wp-json\/wp\/v2\/posts\/66440","targetHints":{"allow":["GET"]}}],"collection":[{"href":"https:\/\/www.intoscana.it\/it\/wp-json\/wp\/v2\/posts"}],"about":[{"href":"https:\/\/www.intoscana.it\/it\/wp-json\/wp\/v2\/types\/post"}],"author":[{"embeddable":true,"href":"https:\/\/www.intoscana.it\/it\/wp-json\/wp\/v2\/users\/525"}],"replies":[{"embeddable":true,"href":"https:\/\/www.intoscana.it\/it\/wp-json\/wp\/v2\/comments?post=66440"}],"version-history":[{"count":0,"href":"https:\/\/www.intoscana.it\/it\/wp-json\/wp\/v2\/posts\/66440\/revisions"}],"wp:featuredmedia":[{"embeddable":true,"href":"https:\/\/www.intoscana.it\/it\/wp-json\/wp\/v2\/media\/103978"}],"wp:attachment":[{"href":"https:\/\/www.intoscana.it\/it\/wp-json\/wp\/v2\/media?parent=66440"}],"wp:term":[{"taxonomy":"category","embeddable":true,"href":"https:\/\/www.intoscana.it\/it\/wp-json\/wp\/v2\/categories?post=66440"},{"taxonomy":"post_tag","embeddable":true,"href":"https:\/\/www.intoscana.it\/it\/wp-json\/wp\/v2\/tags?post=66440"}],"curies":[{"name":"wp","href":"https:\/\/api.w.org\/{rel}","templated":true}]}}