{"id":66490,"date":"2019-01-17T16:40:30","date_gmt":"2019-01-17T16:40:30","guid":{"rendered":"http:\/\/www.intoscana.it\/e45-disposta-la-chiusura-il-commento-dellassessore-ceccarelli-video\/"},"modified":"2020-05-18T09:31:08","modified_gmt":"2020-05-18T07:31:08","slug":"e45-disposta-la-chiusura-il-commento-dellassessore-ceccarelli-video","status":"publish","type":"post","link":"https:\/\/www.intoscana.it\/it\/e45-disposta-la-chiusura-il-commento-dellassessore-ceccarelli-video\/","title":{"rendered":"E45, disposta la chiusura. Il commento dell&#8217;assessore Ceccarelli (VIDEO)"},"content":{"rendered":"<p>Da ieri, 16 gennaio,<strong> \u00e8 chiusa la strada statale 3bis \u201cTiberina\u201d (E45) i<\/strong>n entrambe le direzioni tra Canili e Valsavignone, in corrispondenza del confine tra le province di Arezzo e Forl\u00ec Cesena, su ordine della <strong>Procura della Repubblica di Arezzo.<\/strong> \u00c8 stato il Procuratore Roberto Rossi a disporre il sequestro preventivo del viadotto \u201cPuleto\u201d (nel comune di Pieve Santo Stefano) dopo che i suoi i consulenti tecnici avevano evidenziato un possibile rischio di collasso in relazione alla tenuta di un pilone, legato a un eventuale sovraccarico di traffico, in particolare di quello pesante.<\/p>\n<p>Da ieri, dunque, la stata <strong>3bis Tibertina \u00e8 interdetta al traffico<\/strong>.<\/p>\n<p><strong>Anas<\/strong>, di concerto con tutti gli Enti competenti riuniti presso la prefettura di Arezzo, ha individuato dei percorsi alternativi suggerendo a chi viaggia sulla E45 in direzione sud&nbsp;di utilizzare l\u2019uscita allo svincolo di Verghereto&nbsp;(km 168) mentre per chi viaggia in direzione nord&nbsp;l\u2019ultima uscita utile&nbsp;\u00e8 allo svincolo di&nbsp;Valsavignone&nbsp;(km 158). Non essendo presente una viabilit\u00e0 locale nel tratto di valico interdetto,&nbsp;la viabilit\u00e0 alternativa per le lunghe percorrenze sulla direttrice Orte-Cesena \u00e8 costituita dalle autostrade A1 \u201cAutostrada del Sole\u201d&nbsp;(Roma-Firenze-Bologna) e&nbsp;A14 \u201cAdriatica\u201d&nbsp;(Ancona-Cesena).<\/p>\n<p><strong>Qui la cartina con la viabilit\u00e0 alternativa.<\/strong><\/p>\n<p><strong><img decoding=\"async\" style=\"width: 460px;\" title=\"E45_PERCORSI-ALTERNATIVI mappa\" src=\"https:\/\/www.intoscana.it\/shared\/intoscana\/immagini\/generica\/e45_percorsi-alternativi-mappa.jpg\" alt=\"E45_PERCORSI-ALTERNATIVI mappa\" \/><\/strong><\/p>\n<p><strong>Il ponte era monitorato?&nbsp;<\/strong>Questa la domanda che ci si pone da quando \u00e8 stata disposta la chiusura e la risposta fornita da Anas \u00e8 che, s\u00ec, il ponte <strong>era controllato da tempo.<\/strong> \u201cGli studi effettuati sull\u2019opera e le ispezioni eseguite periodicamente, in relazione ai quali non sono state rilevate criticit\u00e0 di natura strutturale, saranno forniti alla Procura di Arezzo\u201d &#8211; ha fatto sapere Anas, in una nota, aggiungendo che nei mesi scorsi \u00e8 stato appaltato un intervento di manutenzione straordinaria per l\u2019adeguamento sismico e strutturale del viadotto <strong>del valore complessivo di circa 2,5 milioni di euro<\/strong>, nell\u2019ambito del piano di riqualificazione della E45 attualmente in corso di realizzazione.<\/p>\n<p><strong>L\u2019assessore regionale alle Infrastrutture, Vincenzo Ceccarelli <\/strong>che ieri si era rivolto ad Anas perch\u00e8 intervenisse il prima possibile epr una riapertura almeno parziale della viabilit\u00e0 cos\u00ec da non isolare la Valtiberina,&nbsp;intervistato oggi ai microfoni di Muoversi in Toscana ha ribadito l&#8217;importanza di investire nello sviluppo delle opere pubbliche e ha aggiunto: &#8220;Speriamo che i lavori<em> (i lavori appaltati sul viadotto del Puleto, ndr) <\/em>vengano eseguti il prima possibile, il fatto che la gara sia gi\u00e0 stata fatta \u00e8 una garanzia. Io credo che questa situazione ci dimostri che c&#8217;\u00e8 bisogno di innovare, abbiamo bisogno di nuove infrastrutture e dall&#8217;altra che non dobbiamo perdere tempo e dare il via alle opere che in Toscana stiamo attendendo da tempo.&#8221;<\/p>\n<p><strong>Ma sentiamo le parole dell\u2019assessore in diretta live sulla pagina Facebook di Muoversi in Toscana.<\/strong><\/p>\n<p><iframe loading=\"lazy\" src=\"https:\/\/www.youtube.com\/embed\/s1HbEaqDDcM\" width=\"560\" height=\"315\" frameborder=\"0\" allowfullscreen=\"allowfullscreen\"><\/iframe><\/p>\n","protected":false},"excerpt":{"rendered":"<p>Deciso dal Procuratore di Arezzo il sequestro preventivo. Anas conferma che il viadotto era sotto controllo. Gi\u00e0 appaltati lavori per 2,5 milioni di euro<\/p>\n","protected":false},"author":525,"featured_media":104028,"comment_status":"open","ping_status":"open","sticky":false,"template":"","format":"standard","meta":{"_acf_changed":false,"footnotes":""},"categories":[494,7],"tags":[],"class_list":["post-66490","post","type-post","status-publish","format-standard","has-post-thumbnail","hentry","category-attualita","category-societa"],"acf":[],"yoast_head":"<!-- This site is optimized with the Yoast SEO Premium plugin v24.2 (Yoast SEO v25.6) - https:\/\/yoast.com\/wordpress\/plugins\/seo\/ -->\n<title>E45, disposta la chiusura. Il commento dell&#039;assessore Ceccarelli (VIDEO) - intoscana<\/title>\n<meta name=\"description\" content=\"Deciso dal Procuratore di Arezzo il sequestro preventivo il sequestro preventivo della E45. L&#039;intervista all&#039;assessore regionale Ceccarelli\" \/>\n<meta name=\"robots\" content=\"index, follow, max-snippet:-1, max-image-preview:large, max-video-preview:-1\" \/>\n<link rel=\"canonical\" href=\"https:\/\/www.intoscana.it\/it\/e45-disposta-la-chiusura-il-commento-dellassessore-ceccarelli-video\/\" \/>\n<meta property=\"og:locale\" content=\"it_IT\" \/>\n<meta property=\"og:type\" content=\"article\" \/>\n<meta property=\"og:title\" content=\"E45, disposta la chiusura. Il commento dell&#039;assessore Ceccarelli (VIDEO)\" \/>\n<meta property=\"og:description\" content=\"Deciso dal Procuratore di Arezzo il sequestro preventivo il sequestro preventivo della E45. L&#039;intervista all&#039;assessore regionale Ceccarelli\" \/>\n<meta property=\"og:url\" content=\"https:\/\/www.intoscana.it\/it\/e45-disposta-la-chiusura-il-commento-dellassessore-ceccarelli-video\/\" \/>\n<meta property=\"og:site_name\" content=\"intoscana\" \/>\n<meta property=\"article:publisher\" content=\"https:\/\/www.facebook.com\/intoscana.it\" \/>\n<meta property=\"article:published_time\" content=\"2019-01-17T16:40:30+00:00\" \/>\n<meta property=\"article:modified_time\" content=\"2020-05-18T07:31:08+00:00\" \/>\n<meta property=\"og:image\" content=\"https:\/\/www.intoscana.it\/wp-content\/uploads\/viadotto-puleto.jpg\" \/>\n\t<meta property=\"og:image:width\" content=\"620\" \/>\n\t<meta property=\"og:image:height\" content=\"438\" \/>\n\t<meta property=\"og:image:type\" content=\"image\/jpeg\" \/>\n<meta name=\"author\" content=\"Redazione\" \/>\n<meta name=\"twitter:card\" content=\"summary_large_image\" \/>\n<meta name=\"twitter:creator\" content=\"@intoscana\" \/>\n<meta name=\"twitter:site\" content=\"@intoscana\" \/>\n<meta name=\"twitter:label1\" content=\"Written by\" \/>\n\t<meta name=\"twitter:data1\" content=\"Redazione\" \/>\n\t<meta name=\"twitter:label2\" content=\"Est. reading time\" \/>\n\t<meta name=\"twitter:data2\" content=\"2 minuti\" \/>\n<script type=\"application\/ld+json\" class=\"yoast-schema-graph\">{\"@context\":\"https:\/\/schema.org\",\"@graph\":[{\"@type\":\"WebPage\",\"@id\":\"https:\/\/www.intoscana.it\/it\/e45-disposta-la-chiusura-il-commento-dellassessore-ceccarelli-video\/\",\"url\":\"https:\/\/www.intoscana.it\/it\/e45-disposta-la-chiusura-il-commento-dellassessore-ceccarelli-video\/\",\"name\":\"E45, disposta la chiusura. Il commento dell'assessore Ceccarelli (VIDEO) - intoscana\",\"isPartOf\":{\"@id\":\"https:\/\/www.intoscana.it\/it\/#website\"},\"primaryImageOfPage\":{\"@id\":\"https:\/\/www.intoscana.it\/it\/e45-disposta-la-chiusura-il-commento-dellassessore-ceccarelli-video\/#primaryimage\"},\"image\":{\"@id\":\"https:\/\/www.intoscana.it\/it\/e45-disposta-la-chiusura-il-commento-dellassessore-ceccarelli-video\/#primaryimage\"},\"thumbnailUrl\":\"https:\/\/www.intoscana.it\/wp-content\/uploads\/viadotto-puleto.jpg\",\"datePublished\":\"2019-01-17T16:40:30+00:00\",\"dateModified\":\"2020-05-18T07:31:08+00:00\",\"author\":{\"@id\":\"https:\/\/www.intoscana.it\/it\/#\/schema\/person\/9223810753230f20bd670fdd322661f8\"},\"description\":\"Deciso dal Procuratore di Arezzo il sequestro preventivo il sequestro preventivo della E45. L'intervista all'assessore regionale Ceccarelli\",\"breadcrumb\":{\"@id\":\"https:\/\/www.intoscana.it\/it\/e45-disposta-la-chiusura-il-commento-dellassessore-ceccarelli-video\/#breadcrumb\"},\"inLanguage\":\"it-IT\",\"potentialAction\":[{\"@type\":\"ReadAction\",\"target\":[\"https:\/\/www.intoscana.it\/it\/e45-disposta-la-chiusura-il-commento-dellassessore-ceccarelli-video\/\"]}]},{\"@type\":\"ImageObject\",\"inLanguage\":\"it-IT\",\"@id\":\"https:\/\/www.intoscana.it\/it\/e45-disposta-la-chiusura-il-commento-dellassessore-ceccarelli-video\/#primaryimage\",\"url\":\"https:\/\/www.intoscana.it\/wp-content\/uploads\/viadotto-puleto.jpg\",\"contentUrl\":\"https:\/\/www.intoscana.it\/wp-content\/uploads\/viadotto-puleto.jpg\",\"width\":620,\"height\":438},{\"@type\":\"BreadcrumbList\",\"@id\":\"https:\/\/www.intoscana.it\/it\/e45-disposta-la-chiusura-il-commento-dellassessore-ceccarelli-video\/#breadcrumb\",\"itemListElement\":[{\"@type\":\"ListItem\",\"position\":1,\"name\":\"Home\",\"item\":\"https:\/\/www.intoscana.it\/it\/\"},{\"@type\":\"ListItem\",\"position\":2,\"name\":\"E45, disposta la chiusura. Il commento dell&#8217;assessore Ceccarelli (VIDEO)\"}]},{\"@type\":\"WebSite\",\"@id\":\"https:\/\/www.intoscana.it\/it\/#website\",\"url\":\"https:\/\/www.intoscana.it\/it\/\",\"name\":\"intoscana\",\"description\":\"\",\"potentialAction\":[{\"@type\":\"SearchAction\",\"target\":{\"@type\":\"EntryPoint\",\"urlTemplate\":\"https:\/\/www.intoscana.it\/it\/?s={search_term_string}\"},\"query-input\":{\"@type\":\"PropertyValueSpecification\",\"valueRequired\":true,\"valueName\":\"search_term_string\"}}],\"inLanguage\":\"it-IT\"},{\"@type\":\"Person\",\"@id\":\"https:\/\/www.intoscana.it\/it\/#\/schema\/person\/9223810753230f20bd670fdd322661f8\",\"name\":\"Redazione\",\"url\":\"https:\/\/www.intoscana.it\/it\/author\/redazione\/\"}]}<\/script>\n<!-- \/ Yoast SEO Premium plugin. -->","yoast_head_json":{"title":"E45, disposta la chiusura. Il commento dell'assessore Ceccarelli (VIDEO) - intoscana","description":"Deciso dal Procuratore di Arezzo il sequestro preventivo il sequestro preventivo della E45. L'intervista all'assessore regionale Ceccarelli","robots":{"index":"index","follow":"follow","max-snippet":"max-snippet:-1","max-image-preview":"max-image-preview:large","max-video-preview":"max-video-preview:-1"},"canonical":"https:\/\/www.intoscana.it\/it\/e45-disposta-la-chiusura-il-commento-dellassessore-ceccarelli-video\/","og_locale":"it_IT","og_type":"article","og_title":"E45, disposta la chiusura. Il commento dell'assessore Ceccarelli (VIDEO)","og_description":"Deciso dal Procuratore di Arezzo il sequestro preventivo il sequestro preventivo della E45. L'intervista all'assessore regionale Ceccarelli","og_url":"https:\/\/www.intoscana.it\/it\/e45-disposta-la-chiusura-il-commento-dellassessore-ceccarelli-video\/","og_site_name":"intoscana","article_publisher":"https:\/\/www.facebook.com\/intoscana.it","article_published_time":"2019-01-17T16:40:30+00:00","article_modified_time":"2020-05-18T07:31:08+00:00","og_image":[{"width":620,"height":438,"url":"https:\/\/www.intoscana.it\/wp-content\/uploads\/viadotto-puleto.jpg","type":"image\/jpeg"}],"author":"Redazione","twitter_card":"summary_large_image","twitter_creator":"@intoscana","twitter_site":"@intoscana","twitter_misc":{"Written by":"Redazione","Est. reading time":"2 minuti"},"schema":{"@context":"https:\/\/schema.org","@graph":[{"@type":"WebPage","@id":"https:\/\/www.intoscana.it\/it\/e45-disposta-la-chiusura-il-commento-dellassessore-ceccarelli-video\/","url":"https:\/\/www.intoscana.it\/it\/e45-disposta-la-chiusura-il-commento-dellassessore-ceccarelli-video\/","name":"E45, disposta la chiusura. Il commento dell'assessore Ceccarelli (VIDEO) - intoscana","isPartOf":{"@id":"https:\/\/www.intoscana.it\/it\/#website"},"primaryImageOfPage":{"@id":"https:\/\/www.intoscana.it\/it\/e45-disposta-la-chiusura-il-commento-dellassessore-ceccarelli-video\/#primaryimage"},"image":{"@id":"https:\/\/www.intoscana.it\/it\/e45-disposta-la-chiusura-il-commento-dellassessore-ceccarelli-video\/#primaryimage"},"thumbnailUrl":"https:\/\/www.intoscana.it\/wp-content\/uploads\/viadotto-puleto.jpg","datePublished":"2019-01-17T16:40:30+00:00","dateModified":"2020-05-18T07:31:08+00:00","author":{"@id":"https:\/\/www.intoscana.it\/it\/#\/schema\/person\/9223810753230f20bd670fdd322661f8"},"description":"Deciso dal Procuratore di Arezzo il sequestro preventivo il sequestro preventivo della E45. L'intervista all'assessore regionale Ceccarelli","breadcrumb":{"@id":"https:\/\/www.intoscana.it\/it\/e45-disposta-la-chiusura-il-commento-dellassessore-ceccarelli-video\/#breadcrumb"},"inLanguage":"it-IT","potentialAction":[{"@type":"ReadAction","target":["https:\/\/www.intoscana.it\/it\/e45-disposta-la-chiusura-il-commento-dellassessore-ceccarelli-video\/"]}]},{"@type":"ImageObject","inLanguage":"it-IT","@id":"https:\/\/www.intoscana.it\/it\/e45-disposta-la-chiusura-il-commento-dellassessore-ceccarelli-video\/#primaryimage","url":"https:\/\/www.intoscana.it\/wp-content\/uploads\/viadotto-puleto.jpg","contentUrl":"https:\/\/www.intoscana.it\/wp-content\/uploads\/viadotto-puleto.jpg","width":620,"height":438},{"@type":"BreadcrumbList","@id":"https:\/\/www.intoscana.it\/it\/e45-disposta-la-chiusura-il-commento-dellassessore-ceccarelli-video\/#breadcrumb","itemListElement":[{"@type":"ListItem","position":1,"name":"Home","item":"https:\/\/www.intoscana.it\/it\/"},{"@type":"ListItem","position":2,"name":"E45, disposta la chiusura. Il commento dell&#8217;assessore Ceccarelli (VIDEO)"}]},{"@type":"WebSite","@id":"https:\/\/www.intoscana.it\/it\/#website","url":"https:\/\/www.intoscana.it\/it\/","name":"intoscana","description":"","potentialAction":[{"@type":"SearchAction","target":{"@type":"EntryPoint","urlTemplate":"https:\/\/www.intoscana.it\/it\/?s={search_term_string}"},"query-input":{"@type":"PropertyValueSpecification","valueRequired":true,"valueName":"search_term_string"}}],"inLanguage":"it-IT"},{"@type":"Person","@id":"https:\/\/www.intoscana.it\/it\/#\/schema\/person\/9223810753230f20bd670fdd322661f8","name":"Redazione","url":"https:\/\/www.intoscana.it\/it\/author\/redazione\/"}]}},"_links":{"self":[{"href":"https:\/\/www.intoscana.it\/it\/wp-json\/wp\/v2\/posts\/66490","targetHints":{"allow":["GET"]}}],"collection":[{"href":"https:\/\/www.intoscana.it\/it\/wp-json\/wp\/v2\/posts"}],"about":[{"href":"https:\/\/www.intoscana.it\/it\/wp-json\/wp\/v2\/types\/post"}],"author":[{"embeddable":true,"href":"https:\/\/www.intoscana.it\/it\/wp-json\/wp\/v2\/users\/525"}],"replies":[{"embeddable":true,"href":"https:\/\/www.intoscana.it\/it\/wp-json\/wp\/v2\/comments?post=66490"}],"version-history":[{"count":0,"href":"https:\/\/www.intoscana.it\/it\/wp-json\/wp\/v2\/posts\/66490\/revisions"}],"wp:featuredmedia":[{"embeddable":true,"href":"https:\/\/www.intoscana.it\/it\/wp-json\/wp\/v2\/media\/104028"}],"wp:attachment":[{"href":"https:\/\/www.intoscana.it\/it\/wp-json\/wp\/v2\/media?parent=66490"}],"wp:term":[{"taxonomy":"category","embeddable":true,"href":"https:\/\/www.intoscana.it\/it\/wp-json\/wp\/v2\/categories?post=66490"},{"taxonomy":"post_tag","embeddable":true,"href":"https:\/\/www.intoscana.it\/it\/wp-json\/wp\/v2\/tags?post=66490"}],"curies":[{"name":"wp","href":"https:\/\/api.w.org\/{rel}","templated":true}]}}