{"id":66551,"date":"2019-03-09T17:14:17","date_gmt":"2019-03-09T17:14:17","guid":{"rendered":"http:\/\/www.intoscana.it\/internet-veloce-banda-ultralarga-in-arrivo-in-altri-8-comuni\/"},"modified":"2020-05-18T09:31:24","modified_gmt":"2020-05-18T07:31:24","slug":"internet-veloce-banda-ultralarga-in-arrivo-in-altri-8-comuni","status":"publish","type":"post","link":"https:\/\/www.intoscana.it\/it\/internet-veloce-banda-ultralarga-in-arrivo-in-altri-8-comuni\/","title":{"rendered":"Internet veloce: banda ultralarga in arrivo in altri 8 comuni"},"content":{"rendered":"<p>Una connessione veloce ad internet vuol dire, per le aziende, essere pi\u00f9 competitive. Significa facilitare <strong>l&#8217;industria 4.0<\/strong>. Ha l&#8217;effetto di <strong>rendere pi\u00f9 semplice la vita ai cittadini<\/strong> che scelgono di restare (o tornare) a vivere in campagna, connessi al resto del mondo grazie ai servizi on line, capaci di dialogare, anche con la pubblica amministrazione, seduti in salotto o col proprio telefonino.<\/p>\n<p>\u00c8 per questo motivo che <strong>la Regione Toscana ha aggiunto altri venti comuni<\/strong> al \u2018pacchetto&#8217; di territori in cui sono stati realizzati o sono in corso i lavori, finanziati con risorse europee, per <strong>portare la fibra ottica nelle cosiddette \u2018aree bianche&#8217;,<\/strong> quelle zone cio\u00e8 dove per i pochi abitanti o per la scarsa concentrazione di attivit\u00e0 economiche affidarsi al solo mercato non avrebbe permesso di raggiungere lo scopo.<\/p>\n<p> Per otto delle amministrazioni invitate c&#8217;\u00e8 gi\u00e0 il nulla osta all&#8217;avvio dei lavori. Si tratta dei Comuni di <strong>Cecina (LI), Calcinaia (PI) Crespina Lorenzana (PI), Fauglia (PI), Palaia (PI), Santa Maria a Monte (PI), Terricciola (PI) e Vernio (PO)<\/strong> che hanno firmato l&#8217;accordo insieme alle <strong>province di Livorno, Pisa e Prato, a Infratel Italia<\/strong> &#8211; ovvero l&#8217;azienda partecipata dal Ministero che segue il piano nazionale della banda ultralarga &#8211; a <strong>Oper Fiber<\/strong> (la societ\u00e0 che si \u00e8 aggiudicata l&#8217;appalto per tutta Italia) e al Segretariato regionale per la Toscana del Ministero dei beni e delle attivit\u00e0 culturali e del turismo. Per gli altri dodici comuni presenti servir\u00e0 invece un&#8217;altra decina di giorni per mettere appunto gli ultimi dettagli e poter dare il via ai lavori.<\/p>\n<p> &#8220;Sono zone \u2013 spiega l&#8217;assessore Bugli \u2013 <strong>commercialmente poco appetibili per un insufficiente numero di utenze,<\/strong> <strong>dove i gestori non interverrebbero mai, in quanto per loro economicamente non conveniente<\/strong>.&nbsp;\u00c8 invece proprio qui, per garantire ovunque l&#8217;accesso veloce ad internet che riteniamo fondamentale per cittadini ed imprese, che la Regione \u00e8 intervenuta con consistenti finanziamenti che le derivano dai fondi comunitari. <strong>Ci abbiamo investito 120 milioni<\/strong>. Quando abbiamo iniziato a ragionarci, oltre un anno fa, avevamo stimato in <strong>784 mila i toscani e in 364 mila gli edifici interessati da una simile operazione.<\/strong> Quello di stamani \u00e8 un altro passo importante in questa direzione&#8221;.<\/p>\n<p> <strong>Sar\u00e0 Open Fiber, la societ\u00e0 che si \u00e8 aggiudicata l&#8217;appalto, a realizzare il cablaggio.<\/strong> Entro il 2020, raggruppati in quattro lotti, tutti i lavori previsti in Toscana saranno completati. Non c&#8217;\u00e8 un comune che non sia coinvolto: nel caso dei pi\u00f9 grandi si tratta di poche case sparse, in altri di territori molto pi\u00f9 ampi. I disagi saranno limitati perch\u00e9 si cercher\u00e0 di utilizzare le infrastrutture gi\u00e0 esistenti, ovvero cavidotti e canaline usate per altri scopi. Se questo non sar\u00e0 possibile sar\u00e0 sufficiente uno scavo di pochi centimetri di profondit\u00e0 ai margini delle strade. Lavori veloci, ma veloci anche nei permessi grazie all&#8217;idea di una conferenza di servizi unica che ha costituito fin dal primo lotto l&#8217;anno scorso una novit\u00e0 e buona pratica, senza far venir meno la tutela, attr averso le prescrizioni necessarie, della bellezza del patrimonio paesaggistico e culturale toscano.<\/p>\n<p><strong> Una volta posata la fibra agli utenti baster\u00e0 contattare uno degli operatori presenti sul territorio<\/strong> per concordare il piano tariffario e navigare subito in rete ad alta velocit\u00e0. Open Fiber non vende infatti servizi direttamente al cittadino.<\/p>\n","protected":false},"excerpt":{"rendered":"<p>Presto il via ai lavori a Cecina, Calcinaia, Crespina Lorenzana, Fauglia, Palaia, Santa Maria a Monte, Terricciola e Vernio<\/p>\n","protected":false},"author":525,"featured_media":104087,"comment_status":"open","ping_status":"open","sticky":false,"template":"","format":"standard","meta":{"_acf_changed":false,"footnotes":""},"categories":[475,15],"tags":[],"class_list":["post-66551","post","type-post","status-publish","format-standard","has-post-thumbnail","hentry","category-innovazione","category-tecnologia"],"acf":[],"yoast_head":"<!-- This site is optimized with the Yoast SEO Premium plugin v24.2 (Yoast SEO v25.6) - https:\/\/yoast.com\/wordpress\/plugins\/seo\/ -->\n<title>Internet veloce: banda ultralarga in arrivo in altri 8 comuni - intoscana<\/title>\n<meta name=\"description\" content=\"Internet veloce: banda ultralarga in arrivo in altri 8 comuni\" \/>\n<meta name=\"robots\" content=\"index, follow, max-snippet:-1, max-image-preview:large, max-video-preview:-1\" \/>\n<link rel=\"canonical\" href=\"https:\/\/www.intoscana.it\/it\/internet-veloce-banda-ultralarga-in-arrivo-in-altri-8-comuni\/\" \/>\n<meta property=\"og:locale\" content=\"it_IT\" \/>\n<meta property=\"og:type\" content=\"article\" \/>\n<meta property=\"og:title\" content=\"Internet veloce: banda ultralarga in arrivo in altri 8 comuni\" \/>\n<meta property=\"og:description\" content=\"Internet veloce: banda ultralarga in arrivo in altri 8 comuni\" \/>\n<meta property=\"og:url\" content=\"https:\/\/www.intoscana.it\/it\/internet-veloce-banda-ultralarga-in-arrivo-in-altri-8-comuni\/\" \/>\n<meta property=\"og:site_name\" content=\"intoscana\" \/>\n<meta property=\"article:publisher\" content=\"https:\/\/www.facebook.com\/intoscana.it\" \/>\n<meta property=\"article:published_time\" content=\"2019-03-09T17:14:17+00:00\" \/>\n<meta property=\"article:modified_time\" content=\"2020-05-18T07:31:24+00:00\" \/>\n<meta property=\"og:image\" content=\"https:\/\/www.intoscana.it\/wp-content\/uploads\/bandalarga_720-1.jpg\" \/>\n\t<meta property=\"og:image:width\" content=\"1000\" \/>\n\t<meta property=\"og:image:height\" content=\"563\" \/>\n\t<meta property=\"og:image:type\" content=\"image\/jpeg\" \/>\n<meta name=\"author\" content=\"Redazione\" \/>\n<meta name=\"twitter:card\" content=\"summary_large_image\" \/>\n<meta name=\"twitter:creator\" content=\"@intoscana\" \/>\n<meta name=\"twitter:site\" content=\"@intoscana\" \/>\n<meta name=\"twitter:label1\" content=\"Written by\" \/>\n\t<meta name=\"twitter:data1\" content=\"Redazione\" \/>\n\t<meta name=\"twitter:label2\" content=\"Est. reading time\" \/>\n\t<meta name=\"twitter:data2\" content=\"3 minuti\" \/>\n<script type=\"application\/ld+json\" class=\"yoast-schema-graph\">{\"@context\":\"https:\/\/schema.org\",\"@graph\":[{\"@type\":\"WebPage\",\"@id\":\"https:\/\/www.intoscana.it\/it\/internet-veloce-banda-ultralarga-in-arrivo-in-altri-8-comuni\/\",\"url\":\"https:\/\/www.intoscana.it\/it\/internet-veloce-banda-ultralarga-in-arrivo-in-altri-8-comuni\/\",\"name\":\"Internet veloce: banda ultralarga in arrivo in altri 8 comuni - intoscana\",\"isPartOf\":{\"@id\":\"https:\/\/www.intoscana.it\/it\/#website\"},\"primaryImageOfPage\":{\"@id\":\"https:\/\/www.intoscana.it\/it\/internet-veloce-banda-ultralarga-in-arrivo-in-altri-8-comuni\/#primaryimage\"},\"image\":{\"@id\":\"https:\/\/www.intoscana.it\/it\/internet-veloce-banda-ultralarga-in-arrivo-in-altri-8-comuni\/#primaryimage\"},\"thumbnailUrl\":\"https:\/\/www.intoscana.it\/wp-content\/uploads\/bandalarga_720-1.jpg\",\"datePublished\":\"2019-03-09T17:14:17+00:00\",\"dateModified\":\"2020-05-18T07:31:24+00:00\",\"author\":{\"@id\":\"https:\/\/www.intoscana.it\/it\/#\/schema\/person\/9223810753230f20bd670fdd322661f8\"},\"description\":\"Internet veloce: banda ultralarga in arrivo in altri 8 comuni\",\"breadcrumb\":{\"@id\":\"https:\/\/www.intoscana.it\/it\/internet-veloce-banda-ultralarga-in-arrivo-in-altri-8-comuni\/#breadcrumb\"},\"inLanguage\":\"it-IT\",\"potentialAction\":[{\"@type\":\"ReadAction\",\"target\":[\"https:\/\/www.intoscana.it\/it\/internet-veloce-banda-ultralarga-in-arrivo-in-altri-8-comuni\/\"]}]},{\"@type\":\"ImageObject\",\"inLanguage\":\"it-IT\",\"@id\":\"https:\/\/www.intoscana.it\/it\/internet-veloce-banda-ultralarga-in-arrivo-in-altri-8-comuni\/#primaryimage\",\"url\":\"https:\/\/www.intoscana.it\/wp-content\/uploads\/bandalarga_720-1.jpg\",\"contentUrl\":\"https:\/\/www.intoscana.it\/wp-content\/uploads\/bandalarga_720-1.jpg\",\"width\":1000,\"height\":563},{\"@type\":\"BreadcrumbList\",\"@id\":\"https:\/\/www.intoscana.it\/it\/internet-veloce-banda-ultralarga-in-arrivo-in-altri-8-comuni\/#breadcrumb\",\"itemListElement\":[{\"@type\":\"ListItem\",\"position\":1,\"name\":\"Home\",\"item\":\"https:\/\/www.intoscana.it\/it\/\"},{\"@type\":\"ListItem\",\"position\":2,\"name\":\"Internet veloce: banda ultralarga in arrivo in altri 8 comuni\"}]},{\"@type\":\"WebSite\",\"@id\":\"https:\/\/www.intoscana.it\/it\/#website\",\"url\":\"https:\/\/www.intoscana.it\/it\/\",\"name\":\"intoscana\",\"description\":\"\",\"potentialAction\":[{\"@type\":\"SearchAction\",\"target\":{\"@type\":\"EntryPoint\",\"urlTemplate\":\"https:\/\/www.intoscana.it\/it\/?s={search_term_string}\"},\"query-input\":{\"@type\":\"PropertyValueSpecification\",\"valueRequired\":true,\"valueName\":\"search_term_string\"}}],\"inLanguage\":\"it-IT\"},{\"@type\":\"Person\",\"@id\":\"https:\/\/www.intoscana.it\/it\/#\/schema\/person\/9223810753230f20bd670fdd322661f8\",\"name\":\"Redazione\",\"url\":\"https:\/\/www.intoscana.it\/it\/author\/redazione\/\"}]}<\/script>\n<!-- \/ Yoast SEO Premium plugin. -->","yoast_head_json":{"title":"Internet veloce: banda ultralarga in arrivo in altri 8 comuni - intoscana","description":"Internet veloce: banda ultralarga in arrivo in altri 8 comuni","robots":{"index":"index","follow":"follow","max-snippet":"max-snippet:-1","max-image-preview":"max-image-preview:large","max-video-preview":"max-video-preview:-1"},"canonical":"https:\/\/www.intoscana.it\/it\/internet-veloce-banda-ultralarga-in-arrivo-in-altri-8-comuni\/","og_locale":"it_IT","og_type":"article","og_title":"Internet veloce: banda ultralarga in arrivo in altri 8 comuni","og_description":"Internet veloce: banda ultralarga in arrivo in altri 8 comuni","og_url":"https:\/\/www.intoscana.it\/it\/internet-veloce-banda-ultralarga-in-arrivo-in-altri-8-comuni\/","og_site_name":"intoscana","article_publisher":"https:\/\/www.facebook.com\/intoscana.it","article_published_time":"2019-03-09T17:14:17+00:00","article_modified_time":"2020-05-18T07:31:24+00:00","og_image":[{"width":1000,"height":563,"url":"https:\/\/www.intoscana.it\/wp-content\/uploads\/bandalarga_720-1.jpg","type":"image\/jpeg"}],"author":"Redazione","twitter_card":"summary_large_image","twitter_creator":"@intoscana","twitter_site":"@intoscana","twitter_misc":{"Written by":"Redazione","Est. reading time":"3 minuti"},"schema":{"@context":"https:\/\/schema.org","@graph":[{"@type":"WebPage","@id":"https:\/\/www.intoscana.it\/it\/internet-veloce-banda-ultralarga-in-arrivo-in-altri-8-comuni\/","url":"https:\/\/www.intoscana.it\/it\/internet-veloce-banda-ultralarga-in-arrivo-in-altri-8-comuni\/","name":"Internet veloce: banda ultralarga in arrivo in altri 8 comuni - intoscana","isPartOf":{"@id":"https:\/\/www.intoscana.it\/it\/#website"},"primaryImageOfPage":{"@id":"https:\/\/www.intoscana.it\/it\/internet-veloce-banda-ultralarga-in-arrivo-in-altri-8-comuni\/#primaryimage"},"image":{"@id":"https:\/\/www.intoscana.it\/it\/internet-veloce-banda-ultralarga-in-arrivo-in-altri-8-comuni\/#primaryimage"},"thumbnailUrl":"https:\/\/www.intoscana.it\/wp-content\/uploads\/bandalarga_720-1.jpg","datePublished":"2019-03-09T17:14:17+00:00","dateModified":"2020-05-18T07:31:24+00:00","author":{"@id":"https:\/\/www.intoscana.it\/it\/#\/schema\/person\/9223810753230f20bd670fdd322661f8"},"description":"Internet veloce: banda ultralarga in arrivo in altri 8 comuni","breadcrumb":{"@id":"https:\/\/www.intoscana.it\/it\/internet-veloce-banda-ultralarga-in-arrivo-in-altri-8-comuni\/#breadcrumb"},"inLanguage":"it-IT","potentialAction":[{"@type":"ReadAction","target":["https:\/\/www.intoscana.it\/it\/internet-veloce-banda-ultralarga-in-arrivo-in-altri-8-comuni\/"]}]},{"@type":"ImageObject","inLanguage":"it-IT","@id":"https:\/\/www.intoscana.it\/it\/internet-veloce-banda-ultralarga-in-arrivo-in-altri-8-comuni\/#primaryimage","url":"https:\/\/www.intoscana.it\/wp-content\/uploads\/bandalarga_720-1.jpg","contentUrl":"https:\/\/www.intoscana.it\/wp-content\/uploads\/bandalarga_720-1.jpg","width":1000,"height":563},{"@type":"BreadcrumbList","@id":"https:\/\/www.intoscana.it\/it\/internet-veloce-banda-ultralarga-in-arrivo-in-altri-8-comuni\/#breadcrumb","itemListElement":[{"@type":"ListItem","position":1,"name":"Home","item":"https:\/\/www.intoscana.it\/it\/"},{"@type":"ListItem","position":2,"name":"Internet veloce: banda ultralarga in arrivo in altri 8 comuni"}]},{"@type":"WebSite","@id":"https:\/\/www.intoscana.it\/it\/#website","url":"https:\/\/www.intoscana.it\/it\/","name":"intoscana","description":"","potentialAction":[{"@type":"SearchAction","target":{"@type":"EntryPoint","urlTemplate":"https:\/\/www.intoscana.it\/it\/?s={search_term_string}"},"query-input":{"@type":"PropertyValueSpecification","valueRequired":true,"valueName":"search_term_string"}}],"inLanguage":"it-IT"},{"@type":"Person","@id":"https:\/\/www.intoscana.it\/it\/#\/schema\/person\/9223810753230f20bd670fdd322661f8","name":"Redazione","url":"https:\/\/www.intoscana.it\/it\/author\/redazione\/"}]}},"_links":{"self":[{"href":"https:\/\/www.intoscana.it\/it\/wp-json\/wp\/v2\/posts\/66551","targetHints":{"allow":["GET"]}}],"collection":[{"href":"https:\/\/www.intoscana.it\/it\/wp-json\/wp\/v2\/posts"}],"about":[{"href":"https:\/\/www.intoscana.it\/it\/wp-json\/wp\/v2\/types\/post"}],"author":[{"embeddable":true,"href":"https:\/\/www.intoscana.it\/it\/wp-json\/wp\/v2\/users\/525"}],"replies":[{"embeddable":true,"href":"https:\/\/www.intoscana.it\/it\/wp-json\/wp\/v2\/comments?post=66551"}],"version-history":[{"count":0,"href":"https:\/\/www.intoscana.it\/it\/wp-json\/wp\/v2\/posts\/66551\/revisions"}],"wp:featuredmedia":[{"embeddable":true,"href":"https:\/\/www.intoscana.it\/it\/wp-json\/wp\/v2\/media\/104087"}],"wp:attachment":[{"href":"https:\/\/www.intoscana.it\/it\/wp-json\/wp\/v2\/media?parent=66551"}],"wp:term":[{"taxonomy":"category","embeddable":true,"href":"https:\/\/www.intoscana.it\/it\/wp-json\/wp\/v2\/categories?post=66551"},{"taxonomy":"post_tag","embeddable":true,"href":"https:\/\/www.intoscana.it\/it\/wp-json\/wp\/v2\/tags?post=66551"}],"curies":[{"name":"wp","href":"https:\/\/api.w.org\/{rel}","templated":true}]}}