{"id":66689,"date":"2019-10-25T09:20:30","date_gmt":"2019-10-25T09:20:30","guid":{"rendered":"http:\/\/www.intoscana.it\/il-telescopio-fiorentino-che-indaghera-il-sole-vola-in-usa-per-il-lancio\/"},"modified":"2020-05-18T09:31:59","modified_gmt":"2020-05-18T07:31:59","slug":"il-telescopio-fiorentino-che-indaghera-il-sole-vola-in-usa-per-il-lancio","status":"publish","type":"post","link":"https:\/\/www.intoscana.it\/it\/il-telescopio-fiorentino-che-indaghera-il-sole-vola-in-usa-per-il-lancio\/","title":{"rendered":"Il telescopio fiorentino che indagher\u00e0 il sole vola in USA per il lancio"},"content":{"rendered":"<p>Dopo dieci anni di sviluppo, realizzazione e test, <strong>Solar Orbiter,<\/strong> la sonda interplanetaria dell\u2019<strong>Agenzia Spaziale Europea (ESA)<\/strong> che andr\u00e0 a caccia dei misteri del Sole, si trasferisce in Florida, a<strong> Cape Kennedy<\/strong>, dove nella notte<strong> tra il 5 e il 6 febbraio 2020 verr\u00e0 lanciata a bordo di un razzo Atlas V.<\/strong><\/p>\n<p>Sulla sonda \u00e8 montato il<strong> coronografo Metis<\/strong>, cio\u00e8 il telescopio che osserver\u00e0 la parte pi\u00f9 esterna dell\u2019atmosfera del Sole, la corona: a realizzarlo un team tutto italiano finanziato dall\u2019<strong>Agenzia Spaziale Italiana ASI<\/strong> e coordinato da<strong> Istituto Nazionale di Astrofisica (INAF),<\/strong> a cui partecipa l\u2019Ateneo fiorentino. Il gruppo \u00e8 diretto (Principal Investigator) da <strong>Marco Romoli, docente Unifi di Astrofisica e associato INAF<\/strong>, ed \u00e8 costituito anche da molti osservatori astrofisici, dall\u2019<strong>Universit\u00e0 di Padova e dall\u2019Istituto di Fotonica e Nanotecnologie del CNR<\/strong>; si \u00e8 avvalso dei contributi dell\u2019Istituto Max Planck MPS di Gottinga e dell\u2019Accademia delle Scienze di Praga.<\/p>\n<p><strong>Il coronografo Metis<\/strong>, che \u00e8 stato costruito da un consorzio industriale formato da <strong>OHB Italia di Milano e Thales Alenia Spazio di Torino,<\/strong> produrr\u00e0 immagini della corona solare nello spettro del visibile e nell\u2019ultravioletto, capaci di fornire le condizioni fisiche (densit\u00e0, abbondanza, velocit\u00e0) delle due principali componenti del plasma della corona solare: idrogeno e elettroni.<\/p>\n<p><strong>La missione scientifica Solar Orbiter<\/strong>, prima del trasferimento negli Usa, \u00e8 stata presentata lo scorso 18 ottobre presso il centro di test spaziali IABG di Ottobrunn, vicino a Monaco. <strong>Dall\u201911 al 13 novembre a Padova si svolger\u00e0 il meeting del team del Consorzio Metis.<\/strong><\/p>\n","protected":false},"excerpt":{"rendered":"<p>Il coronografo Metis produrr\u00e0 immagini della corona solare nello spettro del visibile e nell\u2019ultravioletto<\/p>\n","protected":false},"author":525,"featured_media":104225,"comment_status":"open","ping_status":"open","sticky":false,"template":"","format":"standard","meta":{"_acf_changed":false,"footnotes":""},"categories":[475,15],"tags":[],"class_list":["post-66689","post","type-post","status-publish","format-standard","has-post-thumbnail","hentry","category-innovazione","category-tecnologia"],"acf":[],"yoast_head":"<!-- This site is optimized with the Yoast SEO Premium plugin v24.2 (Yoast SEO v25.6) - https:\/\/yoast.com\/wordpress\/plugins\/seo\/ -->\n<title>Il telescopio fiorentino che indagher\u00e0 il sole vola in USA per il lancio - intoscana<\/title>\n<meta name=\"robots\" content=\"index, follow, max-snippet:-1, max-image-preview:large, max-video-preview:-1\" \/>\n<link rel=\"canonical\" href=\"https:\/\/www.intoscana.it\/it\/il-telescopio-fiorentino-che-indaghera-il-sole-vola-in-usa-per-il-lancio\/\" \/>\n<meta property=\"og:locale\" content=\"it_IT\" \/>\n<meta property=\"og:type\" content=\"article\" \/>\n<meta property=\"og:title\" content=\"Il telescopio fiorentino che indagher\u00e0 il sole vola in USA per il lancio\" \/>\n<meta property=\"og:description\" content=\"Il coronografo Metis produrr\u00e0 immagini della corona solare nello spettro del visibile e nell\u2019ultravioletto\" \/>\n<meta property=\"og:url\" content=\"https:\/\/www.intoscana.it\/it\/il-telescopio-fiorentino-che-indaghera-il-sole-vola-in-usa-per-il-lancio\/\" \/>\n<meta property=\"og:site_name\" content=\"intoscana\" \/>\n<meta property=\"article:publisher\" content=\"https:\/\/www.facebook.com\/intoscana.it\" \/>\n<meta property=\"article:published_time\" content=\"2019-10-25T09:20:30+00:00\" \/>\n<meta property=\"article:modified_time\" content=\"2020-05-18T07:31:59+00:00\" \/>\n<meta property=\"og:image\" content=\"https:\/\/www.intoscana.it\/wp-content\/uploads\/la-sonda-solar-orbiter-foto-esa-d.-muller.jpg\" \/>\n\t<meta property=\"og:image:width\" content=\"570\" \/>\n\t<meta property=\"og:image:height\" content=\"428\" \/>\n\t<meta property=\"og:image:type\" content=\"image\/jpeg\" \/>\n<meta name=\"author\" content=\"Redazione\" \/>\n<meta name=\"twitter:card\" content=\"summary_large_image\" \/>\n<meta name=\"twitter:creator\" content=\"@intoscana\" \/>\n<meta name=\"twitter:site\" content=\"@intoscana\" \/>\n<meta name=\"twitter:label1\" content=\"Written by\" \/>\n\t<meta name=\"twitter:data1\" content=\"Redazione\" \/>\n\t<meta name=\"twitter:label2\" content=\"Est. reading time\" \/>\n\t<meta name=\"twitter:data2\" content=\"1 minuto\" \/>\n<script type=\"application\/ld+json\" class=\"yoast-schema-graph\">{\"@context\":\"https:\/\/schema.org\",\"@graph\":[{\"@type\":\"WebPage\",\"@id\":\"https:\/\/www.intoscana.it\/it\/il-telescopio-fiorentino-che-indaghera-il-sole-vola-in-usa-per-il-lancio\/\",\"url\":\"https:\/\/www.intoscana.it\/it\/il-telescopio-fiorentino-che-indaghera-il-sole-vola-in-usa-per-il-lancio\/\",\"name\":\"Il telescopio fiorentino che indagher\u00e0 il sole vola in USA per il lancio - intoscana\",\"isPartOf\":{\"@id\":\"https:\/\/www.intoscana.it\/it\/#website\"},\"primaryImageOfPage\":{\"@id\":\"https:\/\/www.intoscana.it\/it\/il-telescopio-fiorentino-che-indaghera-il-sole-vola-in-usa-per-il-lancio\/#primaryimage\"},\"image\":{\"@id\":\"https:\/\/www.intoscana.it\/it\/il-telescopio-fiorentino-che-indaghera-il-sole-vola-in-usa-per-il-lancio\/#primaryimage\"},\"thumbnailUrl\":\"https:\/\/www.intoscana.it\/wp-content\/uploads\/la-sonda-solar-orbiter-foto-esa-d.-muller.jpg\",\"datePublished\":\"2019-10-25T09:20:30+00:00\",\"dateModified\":\"2020-05-18T07:31:59+00:00\",\"author\":{\"@id\":\"https:\/\/www.intoscana.it\/it\/#\/schema\/person\/9223810753230f20bd670fdd322661f8\"},\"breadcrumb\":{\"@id\":\"https:\/\/www.intoscana.it\/it\/il-telescopio-fiorentino-che-indaghera-il-sole-vola-in-usa-per-il-lancio\/#breadcrumb\"},\"inLanguage\":\"it-IT\",\"potentialAction\":[{\"@type\":\"ReadAction\",\"target\":[\"https:\/\/www.intoscana.it\/it\/il-telescopio-fiorentino-che-indaghera-il-sole-vola-in-usa-per-il-lancio\/\"]}]},{\"@type\":\"ImageObject\",\"inLanguage\":\"it-IT\",\"@id\":\"https:\/\/www.intoscana.it\/it\/il-telescopio-fiorentino-che-indaghera-il-sole-vola-in-usa-per-il-lancio\/#primaryimage\",\"url\":\"https:\/\/www.intoscana.it\/wp-content\/uploads\/la-sonda-solar-orbiter-foto-esa-d.-muller.jpg\",\"contentUrl\":\"https:\/\/www.intoscana.it\/wp-content\/uploads\/la-sonda-solar-orbiter-foto-esa-d.-muller.jpg\",\"width\":570,\"height\":428,\"caption\":\"La sonda Solar Orbiter\"},{\"@type\":\"BreadcrumbList\",\"@id\":\"https:\/\/www.intoscana.it\/it\/il-telescopio-fiorentino-che-indaghera-il-sole-vola-in-usa-per-il-lancio\/#breadcrumb\",\"itemListElement\":[{\"@type\":\"ListItem\",\"position\":1,\"name\":\"Home\",\"item\":\"https:\/\/www.intoscana.it\/it\/\"},{\"@type\":\"ListItem\",\"position\":2,\"name\":\"Il telescopio fiorentino che indagher\u00e0 il sole vola in USA per il lancio\"}]},{\"@type\":\"WebSite\",\"@id\":\"https:\/\/www.intoscana.it\/it\/#website\",\"url\":\"https:\/\/www.intoscana.it\/it\/\",\"name\":\"intoscana\",\"description\":\"\",\"potentialAction\":[{\"@type\":\"SearchAction\",\"target\":{\"@type\":\"EntryPoint\",\"urlTemplate\":\"https:\/\/www.intoscana.it\/it\/?s={search_term_string}\"},\"query-input\":{\"@type\":\"PropertyValueSpecification\",\"valueRequired\":true,\"valueName\":\"search_term_string\"}}],\"inLanguage\":\"it-IT\"},{\"@type\":\"Person\",\"@id\":\"https:\/\/www.intoscana.it\/it\/#\/schema\/person\/9223810753230f20bd670fdd322661f8\",\"name\":\"Redazione\",\"url\":\"https:\/\/www.intoscana.it\/it\/author\/redazione\/\"}]}<\/script>\n<!-- \/ Yoast SEO Premium plugin. -->","yoast_head_json":{"title":"Il telescopio fiorentino che indagher\u00e0 il sole vola in USA per il lancio - intoscana","robots":{"index":"index","follow":"follow","max-snippet":"max-snippet:-1","max-image-preview":"max-image-preview:large","max-video-preview":"max-video-preview:-1"},"canonical":"https:\/\/www.intoscana.it\/it\/il-telescopio-fiorentino-che-indaghera-il-sole-vola-in-usa-per-il-lancio\/","og_locale":"it_IT","og_type":"article","og_title":"Il telescopio fiorentino che indagher\u00e0 il sole vola in USA per il lancio","og_description":"Il coronografo Metis produrr\u00e0 immagini della corona solare nello spettro del visibile e nell\u2019ultravioletto","og_url":"https:\/\/www.intoscana.it\/it\/il-telescopio-fiorentino-che-indaghera-il-sole-vola-in-usa-per-il-lancio\/","og_site_name":"intoscana","article_publisher":"https:\/\/www.facebook.com\/intoscana.it","article_published_time":"2019-10-25T09:20:30+00:00","article_modified_time":"2020-05-18T07:31:59+00:00","og_image":[{"width":570,"height":428,"url":"https:\/\/www.intoscana.it\/wp-content\/uploads\/la-sonda-solar-orbiter-foto-esa-d.-muller.jpg","type":"image\/jpeg"}],"author":"Redazione","twitter_card":"summary_large_image","twitter_creator":"@intoscana","twitter_site":"@intoscana","twitter_misc":{"Written by":"Redazione","Est. reading time":"1 minuto"},"schema":{"@context":"https:\/\/schema.org","@graph":[{"@type":"WebPage","@id":"https:\/\/www.intoscana.it\/it\/il-telescopio-fiorentino-che-indaghera-il-sole-vola-in-usa-per-il-lancio\/","url":"https:\/\/www.intoscana.it\/it\/il-telescopio-fiorentino-che-indaghera-il-sole-vola-in-usa-per-il-lancio\/","name":"Il telescopio fiorentino che indagher\u00e0 il sole vola in USA per il lancio - intoscana","isPartOf":{"@id":"https:\/\/www.intoscana.it\/it\/#website"},"primaryImageOfPage":{"@id":"https:\/\/www.intoscana.it\/it\/il-telescopio-fiorentino-che-indaghera-il-sole-vola-in-usa-per-il-lancio\/#primaryimage"},"image":{"@id":"https:\/\/www.intoscana.it\/it\/il-telescopio-fiorentino-che-indaghera-il-sole-vola-in-usa-per-il-lancio\/#primaryimage"},"thumbnailUrl":"https:\/\/www.intoscana.it\/wp-content\/uploads\/la-sonda-solar-orbiter-foto-esa-d.-muller.jpg","datePublished":"2019-10-25T09:20:30+00:00","dateModified":"2020-05-18T07:31:59+00:00","author":{"@id":"https:\/\/www.intoscana.it\/it\/#\/schema\/person\/9223810753230f20bd670fdd322661f8"},"breadcrumb":{"@id":"https:\/\/www.intoscana.it\/it\/il-telescopio-fiorentino-che-indaghera-il-sole-vola-in-usa-per-il-lancio\/#breadcrumb"},"inLanguage":"it-IT","potentialAction":[{"@type":"ReadAction","target":["https:\/\/www.intoscana.it\/it\/il-telescopio-fiorentino-che-indaghera-il-sole-vola-in-usa-per-il-lancio\/"]}]},{"@type":"ImageObject","inLanguage":"it-IT","@id":"https:\/\/www.intoscana.it\/it\/il-telescopio-fiorentino-che-indaghera-il-sole-vola-in-usa-per-il-lancio\/#primaryimage","url":"https:\/\/www.intoscana.it\/wp-content\/uploads\/la-sonda-solar-orbiter-foto-esa-d.-muller.jpg","contentUrl":"https:\/\/www.intoscana.it\/wp-content\/uploads\/la-sonda-solar-orbiter-foto-esa-d.-muller.jpg","width":570,"height":428,"caption":"La sonda Solar Orbiter"},{"@type":"BreadcrumbList","@id":"https:\/\/www.intoscana.it\/it\/il-telescopio-fiorentino-che-indaghera-il-sole-vola-in-usa-per-il-lancio\/#breadcrumb","itemListElement":[{"@type":"ListItem","position":1,"name":"Home","item":"https:\/\/www.intoscana.it\/it\/"},{"@type":"ListItem","position":2,"name":"Il telescopio fiorentino che indagher\u00e0 il sole vola in USA per il lancio"}]},{"@type":"WebSite","@id":"https:\/\/www.intoscana.it\/it\/#website","url":"https:\/\/www.intoscana.it\/it\/","name":"intoscana","description":"","potentialAction":[{"@type":"SearchAction","target":{"@type":"EntryPoint","urlTemplate":"https:\/\/www.intoscana.it\/it\/?s={search_term_string}"},"query-input":{"@type":"PropertyValueSpecification","valueRequired":true,"valueName":"search_term_string"}}],"inLanguage":"it-IT"},{"@type":"Person","@id":"https:\/\/www.intoscana.it\/it\/#\/schema\/person\/9223810753230f20bd670fdd322661f8","name":"Redazione","url":"https:\/\/www.intoscana.it\/it\/author\/redazione\/"}]}},"_links":{"self":[{"href":"https:\/\/www.intoscana.it\/it\/wp-json\/wp\/v2\/posts\/66689","targetHints":{"allow":["GET"]}}],"collection":[{"href":"https:\/\/www.intoscana.it\/it\/wp-json\/wp\/v2\/posts"}],"about":[{"href":"https:\/\/www.intoscana.it\/it\/wp-json\/wp\/v2\/types\/post"}],"author":[{"embeddable":true,"href":"https:\/\/www.intoscana.it\/it\/wp-json\/wp\/v2\/users\/525"}],"replies":[{"embeddable":true,"href":"https:\/\/www.intoscana.it\/it\/wp-json\/wp\/v2\/comments?post=66689"}],"version-history":[{"count":0,"href":"https:\/\/www.intoscana.it\/it\/wp-json\/wp\/v2\/posts\/66689\/revisions"}],"wp:featuredmedia":[{"embeddable":true,"href":"https:\/\/www.intoscana.it\/it\/wp-json\/wp\/v2\/media\/104225"}],"wp:attachment":[{"href":"https:\/\/www.intoscana.it\/it\/wp-json\/wp\/v2\/media?parent=66689"}],"wp:term":[{"taxonomy":"category","embeddable":true,"href":"https:\/\/www.intoscana.it\/it\/wp-json\/wp\/v2\/categories?post=66689"},{"taxonomy":"post_tag","embeddable":true,"href":"https:\/\/www.intoscana.it\/it\/wp-json\/wp\/v2\/tags?post=66689"}],"curies":[{"name":"wp","href":"https:\/\/api.w.org\/{rel}","templated":true}]}}