{"id":66699,"date":"2019-10-12T14:27:21","date_gmt":"2019-10-12T14:27:21","guid":{"rendered":"http:\/\/www.intoscana.it\/internet-festival-gli-appuntamenti-di-domenica-13-ottobre\/"},"modified":"2020-05-19T16:04:47","modified_gmt":"2020-05-19T14:04:47","slug":"internet-festival-domenica-13-ottobre","status":"publish","type":"post","link":"https:\/\/www.intoscana.it\/it\/internet-festival-domenica-13-ottobre\/","title":{"rendered":"Internet Festival: gli appuntamenti di domenica 13 ottobre"},"content":{"rendered":"<p>Lo scontro tra tecnologia e umanit\u00e0 col futurologo&nbsp;<strong>Gerd Leonhard<\/strong>&nbsp;e il padre del genere letterario&nbsp;steampunk&nbsp;<strong>Bruce Sterling<\/strong>; l\u2019intervento del segretario personale alla comunicazione di Papa Francesco,&nbsp;<strong>Monsignor Lucio Adri\u00e0n Ruiz<\/strong>; la webstar&nbsp;<strong>Valeria Vedovatti<\/strong>&nbsp;e il ruolo del digitale nel calcio con&nbsp;l\u2019allenatore della squadra femminile della Fiorentina&nbsp;<strong>Antonio Cincotta<\/strong>&nbsp;e il giornalista&nbsp;<strong>Massimo Fini<\/strong>: sono solo alcuni tra i protagonisti e i temi al centro di&nbsp;domenica 13 ottobre, giornata conclusiva di&nbsp;<strong>Internet Festival<\/strong>, da 9 anni tra gli eventi principali in Italia per fare il punto sulla Rete e sugli ecosistemi digitali.<\/p>\n<p>La mattina si apre con&nbsp;\u201c<strong>Quanto \u00e8 umano lei<\/strong>?\u201d, incontro dedicato all\u2019interazione tra uomo, donna e macchina;&nbsp;tra i protagonisti, il futurologo&nbsp;Gerd Leonhard, che parler\u00e0 dello scontro sempre pi\u00f9 evidente tra tecnologia e umanit\u00e0, e lo scrittore di fantascienza&nbsp;Bruce Sterling, con uno speech dal titolo \u201c<strong>Ho visto il Futuro<\/strong>\u201d. Ad affiancarli il fisico Enrico Prati, l\u2019esperta di Big Data&nbsp;Fosca Giannotti, e la filosofa&nbsp;Barbara Henry. Modera&nbsp;Diletta Parlangeli&nbsp;(Centro Congressi Le Benedettine, ore 10.30).<\/p>\n<p>Grande attesa per l\u2019intervista a&nbsp;Monsignor Lucio Adri\u00e0n Ruiz, segretario personale alla <strong>comunicazione di Papa Francesco<\/strong>, condotta da Mario Tedeschini Lalli. Un\u2019occasione unica per conoscere il punto di vista del Vaticano sull\u2019utilizzo delle Reti digitali (Centro Congressi Le Benedettine, ore 15).<\/p>\n<p>Nel pomeriggio, riflettori puntati sul rapporto tra&nbsp;sport e tecnologia, con un focus sul tema del rispetto delle regole. A parlarne, nel panel&nbsp;\u201c<strong>L\u2019arbitro \u00e8 digitale<\/strong>\u201d&nbsp;condotto dal giornalista Giuseppe Smorto, esperti del settore come l\u2019ex calciatrice&nbsp;Katia Serra, l\u2019allenatore del Fiorentina Women\u2019s Football Club&nbsp;Antonio Cincotta, il giornalista&nbsp;Massimo Fini, autore del libro&nbsp;Storia reazionaria del calcio, l\u2019ex rugbista&nbsp;Carlo Damasco&nbsp;e il giornalista sportivo&nbsp;Filippo Grassia&nbsp;(Scuola Normale Superiore, ore 15-18).<\/p>\n<p>Proseguono gli appuntamenti con le stelle del web: al Cinema Lumi\u00e8re&nbsp;Valeria Vedovatti,&nbsp;YouTuber&nbsp;da centinaia di migliaia di visualizzazioni, presenta il libro&nbsp;<strong>Come stai?, vero e proprio \u201cfotoromanzo ai tempi di Instagram\u201d<\/strong>. Al termine dell\u2019incontro firmacopie dell\u2019autrice (ore 11.30)<\/p>\n<p>Alle Manifatture Digitali Cinema proseguono gli eventi della sezione&nbsp;<strong>Gusto Digitale<\/strong>: alle 17.30, focus sull\u2019impatto dei Big Data sull\u2019alimentazione, nell\u2019incontro&nbsp;\u201cL\u2019intelligenza artificiale approda in cucina\u201d&nbsp;con Barbara Berti e Alessandro Di Stefano (Presago Analytics), Raffaele Perego (HPC Lab), Davide Sparpaglia (NutriHome); seguiranno la degustazione di vini dell\u2019azienda Tenuta Il Palazzo e \u201cFrigorifero Mon Amour\u201d, reading che prende le mosse dall\u2019omonimo libro di Andrea Serra, con Barbara Sgarzi affiancata dallo chef Fabio Mendolicchio (evento gratuito su prenotazione, ore 19).<\/p>\n<p>Da non perdere, anche \u201c<strong>Ambiente e innovazione: l\u2019interazione necessaria<\/strong>\u201d, discussione a pi\u00f9 voci su come mitigare l\u2019impatto della vita umana sul pianeta con lo scienziato Antonello Pasini, l\u2019epistemologa Elena Gagliasso, l\u2019ingegnere biomedico Marcello Calisti, la ricercatrice Monica Zopp\u00e8&nbsp;e l\u2019assessore regionale alla presidenza della Regione Toscana Vittorio Bugli (Scuola Normale Superiore, ore 15).<\/p>\n<p>Al Cinema Arsenale in programma la proiezione di&nbsp;&#8220;<strong>Segnale d&#8217;Allarme-La mia Battaglia VR<\/strong>&#8220;,&nbsp;trasposizione in realt\u00e0 virtuale dello spettacolo&nbsp;La mia Battaglia&nbsp;di Elio Germano. A disposizione del pubblico&nbsp;60 visori&nbsp;in grado di coinvolgere gli spettatori in un crescendo di grottesche e imprevedibili situazioni. Al termine delle proiezioni (previste alle ore 11, 15.30, e 18.30)&nbsp;<strong>Elio Germano<\/strong>&nbsp;si collegher\u00e0 in video conferenza per interagire con la sala, mentre alle 17 \u00e8 previsto l\u2019incontro&nbsp;con&nbsp;Omar Rashid, il curatore della trasposizione. Alle ore 20, proiezione del cortometraggio&nbsp;Happy birthday, il primo progetto transmediale realizzato da Rai Cinema, e incontro con protagonisti e produttori&nbsp;Jenny De Nucci, Gennaro Coppola e Carlo Rodomonti.<\/p>\n<p>Alle&nbsp;Officine Garibaldi, <strong>ultimi appuntamenti a cura di Registro.it e Il Post<\/strong> dedicati all\u2019evoluzione della Rete. Alle 17.30, lo scrittore&nbsp;Paolo Nori, del Primo Tecnologo dell\u2019IIT (Cnr), interviene su \u201cL\u2019italiano che parliamo\u201d. Alle 18.15,&nbsp;Anna Vaccarelli, del Registro .it e del Cnr-Iit, dialoga con Sofri, assieme a Monica Nardis curatrice dell\u2019indagine commissionata da Registro .it, su \u201cCosa fanno i giovani su internet\u201d. La ricerca statistica ha indagato l\u2019orientamento e la percezione del digitale e dei nomi a dominio targati \u201c.it\u201d di giovani dai 16 ai 25 anni. La giornata si chiude con l\u2019intervista di Sofri ai&nbsp;The Jackal, videomaker da milioni di visualizzazioni, protagonisti della rete ormai da anni con le loro produzioni. A&nbsp;MixArt, invece, si chiuder\u00e0 la \u201cIF Game Jam Rulez\u201d, l\u2019hackaton dedicato alla creazione di videogame, che sar\u00e0 possibile provare in prima persona nello showcase successivo (ore 15-19).<\/p>\n<p>Spazio alla musica al Lumi\u00e9re con&nbsp;\u201c<strong>Dal rap al trap: trent\u2019anni di (altra) musica italiana<\/strong>\u201d,&nbsp;un viaggio nella storia dell&#8217;hip-hop in Italia, attraverso la voce di uno dei suoi protagonisti: il producer e beatmaker&nbsp;Iceone, intervistato dal critico musicale&nbsp;Damir Ivic&nbsp;(ore 16). Al termine, Iceone salir\u00e0 sul palco insieme ai musicisti del collettivo pisano&nbsp;Family Conflict&nbsp;per un hip hop jam showcase. A seguire, un inedito \u201c<strong>Flash Mob Party Bag<\/strong>\u201d, sempre con la Family Conflict&nbsp;crew, con destinazione Logge dei Banchi per il gran finale di IF2019, in programma&nbsp;\u201c<strong>La poesia del gioco che \u2018crasha<\/strong>\u2019\u201d,&nbsp;evento a cura di&nbsp;Declar: sulle pareti dell\u2019edificio storico delle Logge un sorprendente videomapping a tema ludico \u201csconvolger\u00e0\u201d le architetture classiche e giocher\u00e0 con forme e colori insieme al pubblico (ore 19.30).<\/p>\n","protected":false},"excerpt":{"rendered":"<p>Gran finale dell&#8217;evento dedicato al mondo della rete e del digitale. Attesi a Pisa il futurologo Gerd Leonhard, lo scrittore di fantascienza Bruce Sterling e il segretario alla comunicazione personale di Papa Francesco, Monsignor Lucio Adri\u00e0n Ruiz<\/p>\n","protected":false},"author":525,"featured_media":104235,"comment_status":"open","ping_status":"open","sticky":false,"template":"","format":"standard","meta":{"_acf_changed":false,"footnotes":""},"categories":[475,15],"tags":[139,203,140],"class_list":["post-66699","post","type-post","status-publish","format-standard","has-post-thumbnail","hentry","category-innovazione","category-tecnologia","tag-internet","tag-pisa","tag-web"],"acf":[],"yoast_head":"<!-- This site is optimized with the Yoast SEO Premium plugin v24.2 (Yoast SEO v25.6) - https:\/\/yoast.com\/wordpress\/plugins\/seo\/ -->\n<title>Internet Festival: gli appuntamenti di domenica 13 ottobre - intoscana<\/title>\n<meta name=\"description\" content=\"Gran finale di Internet Festival. Attesi a Pisa Gerd Leonhard, lo scrittore di fantascienza Bruce Sterling e il segretario alla comunicazione di Papa Francesco.\" \/>\n<meta name=\"robots\" content=\"index, follow, max-snippet:-1, max-image-preview:large, max-video-preview:-1\" \/>\n<link rel=\"canonical\" href=\"https:\/\/www.intoscana.it\/it\/internet-festival-domenica-13-ottobre\/\" \/>\n<meta property=\"og:locale\" content=\"it_IT\" \/>\n<meta property=\"og:type\" content=\"article\" \/>\n<meta property=\"og:title\" content=\"Internet Festival: gli appuntamenti di domenica 13 ottobre\" \/>\n<meta property=\"og:description\" content=\"Gran finale di Internet Festival. Attesi a Pisa Gerd Leonhard, lo scrittore di fantascienza Bruce Sterling e il segretario alla comunicazione di Papa Francesco.\" \/>\n<meta property=\"og:url\" content=\"https:\/\/www.intoscana.it\/it\/internet-festival-domenica-13-ottobre\/\" \/>\n<meta property=\"og:site_name\" content=\"intoscana\" \/>\n<meta property=\"article:publisher\" content=\"https:\/\/www.facebook.com\/intoscana.it\" \/>\n<meta property=\"article:published_time\" content=\"2019-10-12T14:27:21+00:00\" \/>\n<meta property=\"article:modified_time\" content=\"2020-05-19T14:04:47+00:00\" \/>\n<meta property=\"og:image\" content=\"https:\/\/www.intoscana.it\/wp-content\/uploads\/if_algoritmididanza_02.jpg\" \/>\n\t<meta property=\"og:image:width\" content=\"1697\" \/>\n\t<meta property=\"og:image:height\" content=\"1078\" \/>\n\t<meta property=\"og:image:type\" content=\"image\/jpeg\" \/>\n<meta name=\"author\" content=\"Redazione\" \/>\n<meta name=\"twitter:card\" content=\"summary_large_image\" \/>\n<meta name=\"twitter:creator\" content=\"@intoscana\" \/>\n<meta name=\"twitter:site\" content=\"@intoscana\" \/>\n<meta name=\"twitter:label1\" content=\"Written by\" \/>\n\t<meta name=\"twitter:data1\" content=\"Redazione\" \/>\n\t<meta name=\"twitter:label2\" content=\"Est. reading time\" \/>\n\t<meta name=\"twitter:data2\" content=\"5 minuti\" \/>\n<script type=\"application\/ld+json\" class=\"yoast-schema-graph\">{\"@context\":\"https:\/\/schema.org\",\"@graph\":[{\"@type\":\"WebPage\",\"@id\":\"https:\/\/www.intoscana.it\/it\/internet-festival-domenica-13-ottobre\/\",\"url\":\"https:\/\/www.intoscana.it\/it\/internet-festival-domenica-13-ottobre\/\",\"name\":\"Internet Festival: gli appuntamenti di domenica 13 ottobre - intoscana\",\"isPartOf\":{\"@id\":\"https:\/\/www.intoscana.it\/it\/#website\"},\"primaryImageOfPage\":{\"@id\":\"https:\/\/www.intoscana.it\/it\/internet-festival-domenica-13-ottobre\/#primaryimage\"},\"image\":{\"@id\":\"https:\/\/www.intoscana.it\/it\/internet-festival-domenica-13-ottobre\/#primaryimage\"},\"thumbnailUrl\":\"https:\/\/www.intoscana.it\/wp-content\/uploads\/if_algoritmididanza_02.jpg\",\"datePublished\":\"2019-10-12T14:27:21+00:00\",\"dateModified\":\"2020-05-19T14:04:47+00:00\",\"author\":{\"@id\":\"https:\/\/www.intoscana.it\/it\/#\/schema\/person\/9223810753230f20bd670fdd322661f8\"},\"description\":\"Gran finale di Internet Festival. Attesi a Pisa Gerd Leonhard, lo scrittore di fantascienza Bruce Sterling e il segretario alla comunicazione di Papa Francesco.\",\"breadcrumb\":{\"@id\":\"https:\/\/www.intoscana.it\/it\/internet-festival-domenica-13-ottobre\/#breadcrumb\"},\"inLanguage\":\"it-IT\",\"potentialAction\":[{\"@type\":\"ReadAction\",\"target\":[\"https:\/\/www.intoscana.it\/it\/internet-festival-domenica-13-ottobre\/\"]}]},{\"@type\":\"ImageObject\",\"inLanguage\":\"it-IT\",\"@id\":\"https:\/\/www.intoscana.it\/it\/internet-festival-domenica-13-ottobre\/#primaryimage\",\"url\":\"https:\/\/www.intoscana.it\/wp-content\/uploads\/if_algoritmididanza_02.jpg\",\"contentUrl\":\"https:\/\/www.intoscana.it\/wp-content\/uploads\/if_algoritmididanza_02.jpg\",\"width\":1697,\"height\":1078},{\"@type\":\"BreadcrumbList\",\"@id\":\"https:\/\/www.intoscana.it\/it\/internet-festival-domenica-13-ottobre\/#breadcrumb\",\"itemListElement\":[{\"@type\":\"ListItem\",\"position\":1,\"name\":\"Home\",\"item\":\"https:\/\/www.intoscana.it\/it\/\"},{\"@type\":\"ListItem\",\"position\":2,\"name\":\"Internet Festival: gli appuntamenti di domenica 13 ottobre\"}]},{\"@type\":\"WebSite\",\"@id\":\"https:\/\/www.intoscana.it\/it\/#website\",\"url\":\"https:\/\/www.intoscana.it\/it\/\",\"name\":\"intoscana\",\"description\":\"\",\"potentialAction\":[{\"@type\":\"SearchAction\",\"target\":{\"@type\":\"EntryPoint\",\"urlTemplate\":\"https:\/\/www.intoscana.it\/it\/?s={search_term_string}\"},\"query-input\":{\"@type\":\"PropertyValueSpecification\",\"valueRequired\":true,\"valueName\":\"search_term_string\"}}],\"inLanguage\":\"it-IT\"},{\"@type\":\"Person\",\"@id\":\"https:\/\/www.intoscana.it\/it\/#\/schema\/person\/9223810753230f20bd670fdd322661f8\",\"name\":\"Redazione\",\"url\":\"https:\/\/www.intoscana.it\/it\/author\/redazione\/\"}]}<\/script>\n<!-- \/ Yoast SEO Premium plugin. -->","yoast_head_json":{"title":"Internet Festival: gli appuntamenti di domenica 13 ottobre - intoscana","description":"Gran finale di Internet Festival. Attesi a Pisa Gerd Leonhard, lo scrittore di fantascienza Bruce Sterling e il segretario alla comunicazione di Papa Francesco.","robots":{"index":"index","follow":"follow","max-snippet":"max-snippet:-1","max-image-preview":"max-image-preview:large","max-video-preview":"max-video-preview:-1"},"canonical":"https:\/\/www.intoscana.it\/it\/internet-festival-domenica-13-ottobre\/","og_locale":"it_IT","og_type":"article","og_title":"Internet Festival: gli appuntamenti di domenica 13 ottobre","og_description":"Gran finale di Internet Festival. Attesi a Pisa Gerd Leonhard, lo scrittore di fantascienza Bruce Sterling e il segretario alla comunicazione di Papa Francesco.","og_url":"https:\/\/www.intoscana.it\/it\/internet-festival-domenica-13-ottobre\/","og_site_name":"intoscana","article_publisher":"https:\/\/www.facebook.com\/intoscana.it","article_published_time":"2019-10-12T14:27:21+00:00","article_modified_time":"2020-05-19T14:04:47+00:00","og_image":[{"width":1697,"height":1078,"url":"https:\/\/www.intoscana.it\/wp-content\/uploads\/if_algoritmididanza_02.jpg","type":"image\/jpeg"}],"author":"Redazione","twitter_card":"summary_large_image","twitter_creator":"@intoscana","twitter_site":"@intoscana","twitter_misc":{"Written by":"Redazione","Est. reading time":"5 minuti"},"schema":{"@context":"https:\/\/schema.org","@graph":[{"@type":"WebPage","@id":"https:\/\/www.intoscana.it\/it\/internet-festival-domenica-13-ottobre\/","url":"https:\/\/www.intoscana.it\/it\/internet-festival-domenica-13-ottobre\/","name":"Internet Festival: gli appuntamenti di domenica 13 ottobre - intoscana","isPartOf":{"@id":"https:\/\/www.intoscana.it\/it\/#website"},"primaryImageOfPage":{"@id":"https:\/\/www.intoscana.it\/it\/internet-festival-domenica-13-ottobre\/#primaryimage"},"image":{"@id":"https:\/\/www.intoscana.it\/it\/internet-festival-domenica-13-ottobre\/#primaryimage"},"thumbnailUrl":"https:\/\/www.intoscana.it\/wp-content\/uploads\/if_algoritmididanza_02.jpg","datePublished":"2019-10-12T14:27:21+00:00","dateModified":"2020-05-19T14:04:47+00:00","author":{"@id":"https:\/\/www.intoscana.it\/it\/#\/schema\/person\/9223810753230f20bd670fdd322661f8"},"description":"Gran finale di Internet Festival. Attesi a Pisa Gerd Leonhard, lo scrittore di fantascienza Bruce Sterling e il segretario alla comunicazione di Papa Francesco.","breadcrumb":{"@id":"https:\/\/www.intoscana.it\/it\/internet-festival-domenica-13-ottobre\/#breadcrumb"},"inLanguage":"it-IT","potentialAction":[{"@type":"ReadAction","target":["https:\/\/www.intoscana.it\/it\/internet-festival-domenica-13-ottobre\/"]}]},{"@type":"ImageObject","inLanguage":"it-IT","@id":"https:\/\/www.intoscana.it\/it\/internet-festival-domenica-13-ottobre\/#primaryimage","url":"https:\/\/www.intoscana.it\/wp-content\/uploads\/if_algoritmididanza_02.jpg","contentUrl":"https:\/\/www.intoscana.it\/wp-content\/uploads\/if_algoritmididanza_02.jpg","width":1697,"height":1078},{"@type":"BreadcrumbList","@id":"https:\/\/www.intoscana.it\/it\/internet-festival-domenica-13-ottobre\/#breadcrumb","itemListElement":[{"@type":"ListItem","position":1,"name":"Home","item":"https:\/\/www.intoscana.it\/it\/"},{"@type":"ListItem","position":2,"name":"Internet Festival: gli appuntamenti di domenica 13 ottobre"}]},{"@type":"WebSite","@id":"https:\/\/www.intoscana.it\/it\/#website","url":"https:\/\/www.intoscana.it\/it\/","name":"intoscana","description":"","potentialAction":[{"@type":"SearchAction","target":{"@type":"EntryPoint","urlTemplate":"https:\/\/www.intoscana.it\/it\/?s={search_term_string}"},"query-input":{"@type":"PropertyValueSpecification","valueRequired":true,"valueName":"search_term_string"}}],"inLanguage":"it-IT"},{"@type":"Person","@id":"https:\/\/www.intoscana.it\/it\/#\/schema\/person\/9223810753230f20bd670fdd322661f8","name":"Redazione","url":"https:\/\/www.intoscana.it\/it\/author\/redazione\/"}]}},"_links":{"self":[{"href":"https:\/\/www.intoscana.it\/it\/wp-json\/wp\/v2\/posts\/66699","targetHints":{"allow":["GET"]}}],"collection":[{"href":"https:\/\/www.intoscana.it\/it\/wp-json\/wp\/v2\/posts"}],"about":[{"href":"https:\/\/www.intoscana.it\/it\/wp-json\/wp\/v2\/types\/post"}],"author":[{"embeddable":true,"href":"https:\/\/www.intoscana.it\/it\/wp-json\/wp\/v2\/users\/525"}],"replies":[{"embeddable":true,"href":"https:\/\/www.intoscana.it\/it\/wp-json\/wp\/v2\/comments?post=66699"}],"version-history":[{"count":0,"href":"https:\/\/www.intoscana.it\/it\/wp-json\/wp\/v2\/posts\/66699\/revisions"}],"wp:featuredmedia":[{"embeddable":true,"href":"https:\/\/www.intoscana.it\/it\/wp-json\/wp\/v2\/media\/104235"}],"wp:attachment":[{"href":"https:\/\/www.intoscana.it\/it\/wp-json\/wp\/v2\/media?parent=66699"}],"wp:term":[{"taxonomy":"category","embeddable":true,"href":"https:\/\/www.intoscana.it\/it\/wp-json\/wp\/v2\/categories?post=66699"},{"taxonomy":"post_tag","embeddable":true,"href":"https:\/\/www.intoscana.it\/it\/wp-json\/wp\/v2\/tags?post=66699"}],"curies":[{"name":"wp","href":"https:\/\/api.w.org\/{rel}","templated":true}]}}