{"id":66741,"date":"2020-03-11T10:07:53","date_gmt":"2020-03-11T10:07:53","guid":{"rendered":"http:\/\/www.intoscana.it\/i-social-diventano-i-nostri-abbracci-ai-tempi-del-corona-virus\/"},"modified":"2020-07-02T11:50:06","modified_gmt":"2020-07-02T09:50:06","slug":"social-corona-virus","status":"publish","type":"post","link":"https:\/\/www.intoscana.it\/it\/social-corona-virus\/","title":{"rendered":"I social diventano i nostri abbracci ai tempi del Corona Virus"},"content":{"rendered":"<p>Il progresso ha sempre suscitato reazioni diverse nell\u2019uomo. <strong>Paura. Esaltazione. Timore. Speranza<\/strong>. C\u2019\u00e8 chi l\u2019ha giudicato il male del mondo, sintetizzando che \u2018si stava meglio quando si stava peggio\u2019, c\u2019\u00e8 chi invece &#8211; sempre molto sommariamente &#8211; l\u2019ha contraddistinto come la soluzione a tutti i mali. Anche sulla rivoluzione tecnologica e digitale si \u00e8 molto dibattuto (e si dibatter\u00e0 ancora a lungo), certo \u00e8 che in questo momento privo di contatto fisico<strong> almeno la comunicazione social ci sta salvando da un isolamento forzato<\/strong> e diventa l\u2019unico mezzo per stare vicino alle altre persone, agli affetti pi\u00f9 cari che dobbiamo tenere necessariamente distanti per \u2018proteggere\u2019 noi stessi e gli altri.<\/p>\n<p><strong>I social diventano i nostri abbracci<\/strong>, ci consentono non di toccarci ma almeno di vederci, di mantenere stabile una relazione visiva, di provare emozioni anche a distanza. Un sorriso di una persona cara, un messaggio di speranza postato su instagram, una foto di un\u2019infermiera stremata dopo ore di lavoro accasciata su una scrivania: la tecnologia oggi ci consente di parlarci, vederci, raccontarci ma anche di sentirci meno soli.<\/p>\n<p>Paradossalmente quella che fino a ieri veniva considerata motivo di abbandono delle relazioni tradizionali, quella che veniva addidata come causa di distanza fisica in questi giorni diventa invece la primaria fonte di contatto tra le persone.<\/p>\n<p><strong>Vedete come le cose si capovolgono in fretta? Come il punto di vista si modifica, muta, rispetto a come viviamo gli avvenimenti?<\/strong><\/p>\n<p>Quella tecnologia considerata a volte \u2018danno\u2019 senza considerarne tutti gli aspetti, ci consente invece in un momento di grave emergenza, di sopperire all\u2019isolamento, di condividere la paura, di combattere insieme &#8211; seppur a distanza &#8211; questo male silenzioso.<\/p>\n<p><strong>Nel momento in tutto si annulla rimangono vive le cose importanti<\/strong>. Il resto diventa inutile orpello, il superfluo evapora. Sar\u00e0 cos\u00ec anche nelle conversazioni in rete che ci hanno visto fino a ieri scarsi \u2018opinionisti\u2019 da bar e che magari oggi potrebbero riscoprirci persone nuove? Non lo sappiamo ancora ma l\u2019occasione da cogliere c\u2019\u00e8 tutta. Perch\u00e8 quando tutto intorno pare vacillare ecco che l\u2019intelletto, il cuore e la sensibilit\u00e0 diventano le migliori armi con le quali combattere questo \u2018mostro\u2019 che attacca tutti noi, senza distinzione alcuna. E allora proviamo &#8211; almeno qua- a scrivere pagine nuove. A <strong>contagiarci con parole che abbiamo un senso<\/strong>, che siano di conforto a chi vive giorni di solitudine, a chi a casa si ritrova solo, a chi pu\u00f2 scoprire una diversa visione di s\u00e9 in giorni nei quali riflettere \u00e8 d\u2019obbligo.<\/p>\n<p><strong>C\u2019\u00e8 poi chi &#8211; invece &#8211; a casa non pu\u00f2 rimanere<\/strong>. Sono gli<strong> operatori sanitari, i medici, gli infermieri, i lavoratori dei supermercati o delle botteghe alimentari o ancora quelli che devono garantire i servizi pubblici essenziali<\/strong>. Stanno lavorando per noi. E allora in quel caso la tecnologia conta poco. Contano gli uomini, le donne, il genere umano. La tecnologia \u00e8 un mezzo che oggi serve s\u00ec per parlarci ma anche per la cura dei cittadini.<strong> Un campo &#8211; quello della salute &#8211; investito dalla rivoluzione tecnologica. Migliorato. Progredito.<\/strong> Quella stessa rivoluzione tecnologica e digitale &#8211; che oggi ci consente di parlare e di stringerci in un abbraccio virtuale &#8211; salva anche ogni giorno le nostre vite. Non \u00e8 il progresso il bene o il male del mondo, ad orchestrare ogni cosa ci sono sempre e comunque le persone, dipende tutto da noi. Anche in questa epoca bizzarra nella quale galleggiamo e navighiamo a vista le persone contano. Eccome se contano. L\u2019emergenza straordinaria di oggi ce lo insegna e ce lo ricorda. Facciamone tesoro.&nbsp;<\/p>\n","protected":false},"excerpt":{"rendered":"<p>Tecnologia, social e persone, analizziamone il rapporto in questa situazione d&#8217;emergenza. Lo scatto dell&#8217;infermiera stremata diventa virale e ci insegna qualcosa<\/p>\n","protected":false},"author":513,"featured_media":104275,"comment_status":"open","ping_status":"open","sticky":false,"template":"","format":"standard","meta":{"_acf_changed":false,"footnotes":""},"categories":[475,15],"tags":[],"class_list":["post-66741","post","type-post","status-publish","format-standard","has-post-thumbnail","hentry","category-innovazione","category-tecnologia"],"acf":[],"yoast_head":"<!-- This site is optimized with the Yoast SEO Premium plugin v24.2 (Yoast SEO v25.6) - https:\/\/yoast.com\/wordpress\/plugins\/seo\/ -->\n<title>I social diventano i nostri abbracci ai tempi del Corona Virus - intoscana<\/title>\n<meta name=\"description\" content=\"Abbracci virtuali, con il Corona Virus oggi i social garantiscono di comunicare tra noi e consentono di non abbandonare le relazioni in un periodo di isolamento\" \/>\n<meta name=\"robots\" content=\"index, follow, max-snippet:-1, max-image-preview:large, max-video-preview:-1\" \/>\n<link rel=\"canonical\" href=\"https:\/\/www.intoscana.it\/it\/social-corona-virus\/\" \/>\n<meta property=\"og:locale\" content=\"it_IT\" \/>\n<meta property=\"og:type\" content=\"article\" \/>\n<meta property=\"og:title\" content=\"I social diventano i nostri abbracci ai tempi del Corona Virus\" \/>\n<meta property=\"og:description\" content=\"Abbracci virtuali, con il Corona Virus oggi i social garantiscono di comunicare tra noi e consentono di non abbandonare le relazioni in un periodo di isolamento\" \/>\n<meta property=\"og:url\" content=\"https:\/\/www.intoscana.it\/it\/social-corona-virus\/\" \/>\n<meta property=\"og:site_name\" content=\"intoscana\" \/>\n<meta property=\"article:publisher\" content=\"https:\/\/www.facebook.com\/intoscana.it\" \/>\n<meta property=\"article:published_time\" content=\"2020-03-11T10:07:53+00:00\" \/>\n<meta property=\"article:modified_time\" content=\"2020-07-02T09:50:06+00:00\" \/>\n<meta property=\"og:image\" content=\"https:\/\/www.intoscana.it\/wp-content\/uploads\/infermiera-stremata-foto-elena-pagliarini.jpg\" \/>\n\t<meta property=\"og:image:width\" content=\"656\" \/>\n\t<meta property=\"og:image:height\" content=\"492\" \/>\n\t<meta property=\"og:image:type\" content=\"image\/jpeg\" \/>\n<meta name=\"author\" content=\"Simona Bellocci\" \/>\n<meta name=\"twitter:card\" content=\"summary_large_image\" \/>\n<meta name=\"twitter:creator\" content=\"@intoscana\" \/>\n<meta name=\"twitter:site\" content=\"@intoscana\" \/>\n<meta name=\"twitter:label1\" content=\"Written by\" \/>\n\t<meta name=\"twitter:data1\" content=\"Simona Bellocci\" \/>\n\t<meta name=\"twitter:label2\" content=\"Est. reading time\" \/>\n\t<meta name=\"twitter:data2\" content=\"3 minuti\" \/>\n<script type=\"application\/ld+json\" class=\"yoast-schema-graph\">{\"@context\":\"https:\/\/schema.org\",\"@graph\":[{\"@type\":\"WebPage\",\"@id\":\"https:\/\/www.intoscana.it\/it\/social-corona-virus\/\",\"url\":\"https:\/\/www.intoscana.it\/it\/social-corona-virus\/\",\"name\":\"I social diventano i nostri abbracci ai tempi del Corona Virus - intoscana\",\"isPartOf\":{\"@id\":\"https:\/\/www.intoscana.it\/it\/#website\"},\"primaryImageOfPage\":{\"@id\":\"https:\/\/www.intoscana.it\/it\/social-corona-virus\/#primaryimage\"},\"image\":{\"@id\":\"https:\/\/www.intoscana.it\/it\/social-corona-virus\/#primaryimage\"},\"thumbnailUrl\":\"https:\/\/www.intoscana.it\/wp-content\/uploads\/infermiera-stremata-foto-elena-pagliarini.jpg\",\"datePublished\":\"2020-03-11T10:07:53+00:00\",\"dateModified\":\"2020-07-02T09:50:06+00:00\",\"author\":{\"@id\":\"https:\/\/www.intoscana.it\/it\/#\/schema\/person\/43a95334a6f068317e0b7acba24f9e87\"},\"description\":\"Abbracci virtuali, con il Corona Virus oggi i social garantiscono di comunicare tra noi e consentono di non abbandonare le relazioni in un periodo di isolamento\",\"breadcrumb\":{\"@id\":\"https:\/\/www.intoscana.it\/it\/social-corona-virus\/#breadcrumb\"},\"inLanguage\":\"it-IT\",\"potentialAction\":[{\"@type\":\"ReadAction\",\"target\":[\"https:\/\/www.intoscana.it\/it\/social-corona-virus\/\"]}]},{\"@type\":\"ImageObject\",\"inLanguage\":\"it-IT\",\"@id\":\"https:\/\/www.intoscana.it\/it\/social-corona-virus\/#primaryimage\",\"url\":\"https:\/\/www.intoscana.it\/wp-content\/uploads\/infermiera-stremata-foto-elena-pagliarini.jpg\",\"contentUrl\":\"https:\/\/www.intoscana.it\/wp-content\/uploads\/infermiera-stremata-foto-elena-pagliarini.jpg\",\"width\":656,\"height\":492,\"caption\":\"I nostri abbracci ai tempi del Corona Virus, ecco come i social ci aiutano oggi a comunicare.\"},{\"@type\":\"BreadcrumbList\",\"@id\":\"https:\/\/www.intoscana.it\/it\/social-corona-virus\/#breadcrumb\",\"itemListElement\":[{\"@type\":\"ListItem\",\"position\":1,\"name\":\"Home\",\"item\":\"https:\/\/www.intoscana.it\/it\/\"},{\"@type\":\"ListItem\",\"position\":2,\"name\":\"I social diventano i nostri abbracci ai tempi del Corona Virus\"}]},{\"@type\":\"WebSite\",\"@id\":\"https:\/\/www.intoscana.it\/it\/#website\",\"url\":\"https:\/\/www.intoscana.it\/it\/\",\"name\":\"intoscana\",\"description\":\"\",\"potentialAction\":[{\"@type\":\"SearchAction\",\"target\":{\"@type\":\"EntryPoint\",\"urlTemplate\":\"https:\/\/www.intoscana.it\/it\/?s={search_term_string}\"},\"query-input\":{\"@type\":\"PropertyValueSpecification\",\"valueRequired\":true,\"valueName\":\"search_term_string\"}}],\"inLanguage\":\"it-IT\"},{\"@type\":\"Person\",\"@id\":\"https:\/\/www.intoscana.it\/it\/#\/schema\/person\/43a95334a6f068317e0b7acba24f9e87\",\"name\":\"Simona Bellocci\",\"url\":\"https:\/\/www.intoscana.it\/it\/author\/simona-bellocci\/\"}]}<\/script>\n<!-- \/ Yoast SEO Premium plugin. -->","yoast_head_json":{"title":"I social diventano i nostri abbracci ai tempi del Corona Virus - intoscana","description":"Abbracci virtuali, con il Corona Virus oggi i social garantiscono di comunicare tra noi e consentono di non abbandonare le relazioni in un periodo di isolamento","robots":{"index":"index","follow":"follow","max-snippet":"max-snippet:-1","max-image-preview":"max-image-preview:large","max-video-preview":"max-video-preview:-1"},"canonical":"https:\/\/www.intoscana.it\/it\/social-corona-virus\/","og_locale":"it_IT","og_type":"article","og_title":"I social diventano i nostri abbracci ai tempi del Corona Virus","og_description":"Abbracci virtuali, con il Corona Virus oggi i social garantiscono di comunicare tra noi e consentono di non abbandonare le relazioni in un periodo di isolamento","og_url":"https:\/\/www.intoscana.it\/it\/social-corona-virus\/","og_site_name":"intoscana","article_publisher":"https:\/\/www.facebook.com\/intoscana.it","article_published_time":"2020-03-11T10:07:53+00:00","article_modified_time":"2020-07-02T09:50:06+00:00","og_image":[{"width":656,"height":492,"url":"https:\/\/www.intoscana.it\/wp-content\/uploads\/infermiera-stremata-foto-elena-pagliarini.jpg","type":"image\/jpeg"}],"author":"Simona Bellocci","twitter_card":"summary_large_image","twitter_creator":"@intoscana","twitter_site":"@intoscana","twitter_misc":{"Written by":"Simona Bellocci","Est. reading time":"3 minuti"},"schema":{"@context":"https:\/\/schema.org","@graph":[{"@type":"WebPage","@id":"https:\/\/www.intoscana.it\/it\/social-corona-virus\/","url":"https:\/\/www.intoscana.it\/it\/social-corona-virus\/","name":"I social diventano i nostri abbracci ai tempi del Corona Virus - intoscana","isPartOf":{"@id":"https:\/\/www.intoscana.it\/it\/#website"},"primaryImageOfPage":{"@id":"https:\/\/www.intoscana.it\/it\/social-corona-virus\/#primaryimage"},"image":{"@id":"https:\/\/www.intoscana.it\/it\/social-corona-virus\/#primaryimage"},"thumbnailUrl":"https:\/\/www.intoscana.it\/wp-content\/uploads\/infermiera-stremata-foto-elena-pagliarini.jpg","datePublished":"2020-03-11T10:07:53+00:00","dateModified":"2020-07-02T09:50:06+00:00","author":{"@id":"https:\/\/www.intoscana.it\/it\/#\/schema\/person\/43a95334a6f068317e0b7acba24f9e87"},"description":"Abbracci virtuali, con il Corona Virus oggi i social garantiscono di comunicare tra noi e consentono di non abbandonare le relazioni in un periodo di isolamento","breadcrumb":{"@id":"https:\/\/www.intoscana.it\/it\/social-corona-virus\/#breadcrumb"},"inLanguage":"it-IT","potentialAction":[{"@type":"ReadAction","target":["https:\/\/www.intoscana.it\/it\/social-corona-virus\/"]}]},{"@type":"ImageObject","inLanguage":"it-IT","@id":"https:\/\/www.intoscana.it\/it\/social-corona-virus\/#primaryimage","url":"https:\/\/www.intoscana.it\/wp-content\/uploads\/infermiera-stremata-foto-elena-pagliarini.jpg","contentUrl":"https:\/\/www.intoscana.it\/wp-content\/uploads\/infermiera-stremata-foto-elena-pagliarini.jpg","width":656,"height":492,"caption":"I nostri abbracci ai tempi del Corona Virus, ecco come i social ci aiutano oggi a comunicare."},{"@type":"BreadcrumbList","@id":"https:\/\/www.intoscana.it\/it\/social-corona-virus\/#breadcrumb","itemListElement":[{"@type":"ListItem","position":1,"name":"Home","item":"https:\/\/www.intoscana.it\/it\/"},{"@type":"ListItem","position":2,"name":"I social diventano i nostri abbracci ai tempi del Corona Virus"}]},{"@type":"WebSite","@id":"https:\/\/www.intoscana.it\/it\/#website","url":"https:\/\/www.intoscana.it\/it\/","name":"intoscana","description":"","potentialAction":[{"@type":"SearchAction","target":{"@type":"EntryPoint","urlTemplate":"https:\/\/www.intoscana.it\/it\/?s={search_term_string}"},"query-input":{"@type":"PropertyValueSpecification","valueRequired":true,"valueName":"search_term_string"}}],"inLanguage":"it-IT"},{"@type":"Person","@id":"https:\/\/www.intoscana.it\/it\/#\/schema\/person\/43a95334a6f068317e0b7acba24f9e87","name":"Simona Bellocci","url":"https:\/\/www.intoscana.it\/it\/author\/simona-bellocci\/"}]}},"_links":{"self":[{"href":"https:\/\/www.intoscana.it\/it\/wp-json\/wp\/v2\/posts\/66741","targetHints":{"allow":["GET"]}}],"collection":[{"href":"https:\/\/www.intoscana.it\/it\/wp-json\/wp\/v2\/posts"}],"about":[{"href":"https:\/\/www.intoscana.it\/it\/wp-json\/wp\/v2\/types\/post"}],"author":[{"embeddable":true,"href":"https:\/\/www.intoscana.it\/it\/wp-json\/wp\/v2\/users\/513"}],"replies":[{"embeddable":true,"href":"https:\/\/www.intoscana.it\/it\/wp-json\/wp\/v2\/comments?post=66741"}],"version-history":[{"count":0,"href":"https:\/\/www.intoscana.it\/it\/wp-json\/wp\/v2\/posts\/66741\/revisions"}],"wp:featuredmedia":[{"embeddable":true,"href":"https:\/\/www.intoscana.it\/it\/wp-json\/wp\/v2\/media\/104275"}],"wp:attachment":[{"href":"https:\/\/www.intoscana.it\/it\/wp-json\/wp\/v2\/media?parent=66741"}],"wp:term":[{"taxonomy":"category","embeddable":true,"href":"https:\/\/www.intoscana.it\/it\/wp-json\/wp\/v2\/categories?post=66741"},{"taxonomy":"post_tag","embeddable":true,"href":"https:\/\/www.intoscana.it\/it\/wp-json\/wp\/v2\/tags?post=66741"}],"curies":[{"name":"wp","href":"https:\/\/api.w.org\/{rel}","templated":true}]}}