{"id":66745,"date":"2020-02-20T09:02:52","date_gmt":"2020-02-20T09:02:52","guid":{"rendered":"http:\/\/www.intoscana.it\/neuroprotesi-e-robotica-al-servizio-della-riabilitazione-post-ictus\/"},"modified":"2020-05-19T16:04:49","modified_gmt":"2020-05-19T14:04:49","slug":"robotica-ictus-riabilitazione","status":"publish","type":"post","link":"https:\/\/www.intoscana.it\/it\/robotica-ictus-riabilitazione\/","title":{"rendered":"Neuroprotesi e robotica al servizio della riabilitazione post-ictus"},"content":{"rendered":"<p>L\u2019utilizzo di soluzioni tecnologiche avanzate, che sfruttano <strong>sistemi robotici intelligenti ed elettrodi in grado di stimolare il sistema nervoso<\/strong>, pu\u00f2 aumentare l\u2019efficacia della<strong> riabilitazione post-ictus e favorire un possibile ripristino della funzione motoria<\/strong> nei pazienti. Ma perch\u00e9 ci\u00f2 sia davvero possibile \u00e8 necessario comprendere meglio i meccanismi con i quali il sistema nervoso compie o ri-apprende i vari tipi di movimenti.<\/p>\n<p>\u00c8 questa la tesi proposta nell\u2019articolo <em><strong>\u201cAdvanced neurotechnologies for the restoration of motor function\u201d<\/strong><\/em> pubblicato sulla rivista Neuron da un gruppo di scienziati internazionali: <strong>Silvestro Micera, professore dell\u2019Istituto di BioRobotica della Scuola Superiore Sant\u2019Anna di Pisa<\/strong> e dell\u2019\u00c9cole polytechnique f\u00e9d\u00e9rale de Lausanne (EPFL), <strong>Matteo Caleo,<\/strong> professore presso il Dipartimento di Scienze Biomediche dell\u2019Universit\u00e0 di Padova e presso l\u2019Istituto di Neuroscienze del CNR di Pisa, <strong>Carmelo Chisari,<\/strong> professore presso il Dipartimento di Ricerca Traslazionale e delle Nuove Tecnologie in Medicina e Chirurgia dell\u2019Universit\u00e0 di Pisa, <strong>Friedhelm C. Hummel<\/strong>, professore dell\u2019\u00c9cole polytechnique f\u00e9d\u00e9rale de Lausanne (EPFL), e <strong>Alessandra Pedrocchi,<\/strong> professore del Dipartimento di Elettronica, Informazione e Bioingegneria del Politecnico di Milano.<\/p>\n<p>Alla base dell\u2019articolo vi \u00e8 l\u2019idea che attraverso<strong> la combinazione tra riabilitazione classica, riabilitazione robotica e soluzioni avanzate di neurotecnologia, sia possibile migliorare i risultati clinici<\/strong> della riabilitazione post-ictus, compiendo di fatto un notevole passo in avanti rispetto alle terapie tradizionali.<\/p>\n<p><strong>L\u2019ictus \u00e8 la principale causa di disabilit\u00e0 nei paesi occidentale e la seconda causa di morte a livello mondiale<\/strong>. in Europa, pi\u00f9 di <strong>3,7 milioni di pazienti soffrono di sintomi correlati all&#8217;ictus,<\/strong> e solo una piccola parte dei pazienti \u00e8 in grado di ristabilirsi e tornare a una vita normale, senza problematicit\u00e0. Recenti studi hanno infatti dimostrato l\u2019importanza delle tecniche di neurostimolazione e robotiche che possono affiancare e potenziare i trattamenti gi\u00e0 esistenti. Tutto questo pu\u00f2 portare a un nuovo approccio riabilitativo, in grado di personalizzare la terapia a seconda delle necessit\u00e0 del paziente, con <strong>robot indossabili e modulabili: una frontiera innovativa<\/strong> che potrebbe essere valida non solo in pazienti colpiti da ictus, ma anche nella riabilitazione di persone affette da disturbi neurologici.<\/p>\n<p>Tuttavia, per imprimere una svolta ai trattamenti riabilitativi, <strong>occorre favorire un cambiamento, l\u2019adozione di un nuovo paradigma<\/strong> in grado di comprendere a fondo i meccanismi che regolano la riabilitazione. <\/p>\n<p><strong>\u201c\u00c8 necessario aumentare in modo consistente<\/strong> \u2013 afferma il Professor Micera \u2013 <strong>la conoscenza dei meccanismi neurali che regolano il controllo motorio e la plasticit\u00e0 neurale<\/strong> attraverso nuovi studi neuroscientifici e modelli computazionali avanzati per permettere di personalizzare e rendere pi\u00f9 efficace l\u2019approccio neuro-riabilitativo basato sull\u2019uso di tecnologie innovative\u201d.<\/p>\n","protected":false},"excerpt":{"rendered":"<p>Pubblicata sulla rivista Neuron una review coordinata da Silvestro Micera, professore dell\u2019Istituto di BioRobotica della Scuola Superiore Sant\u2019Anna e dell\u2019\u00c9cole polytechnique f\u00e9d\u00e9rale de Lausanne<\/p>\n","protected":false},"author":525,"featured_media":104279,"comment_status":"open","ping_status":"open","sticky":false,"template":"","format":"standard","meta":{"_acf_changed":false,"footnotes":""},"categories":[475,15],"tags":[383],"class_list":["post-66745","post","type-post","status-publish","format-standard","has-post-thumbnail","hentry","category-innovazione","category-tecnologia","tag-robotica"],"acf":[],"yoast_head":"<!-- This site is optimized with the Yoast SEO Premium plugin v24.2 (Yoast SEO v25.6) - https:\/\/yoast.com\/wordpress\/plugins\/seo\/ -->\n<title>Neuroprotesi e robotica al servizio della riabilitazione post-ictus - intoscana<\/title>\n<meta name=\"robots\" content=\"index, follow, max-snippet:-1, max-image-preview:large, max-video-preview:-1\" \/>\n<link rel=\"canonical\" href=\"https:\/\/www.intoscana.it\/it\/robotica-ictus-riabilitazione\/\" \/>\n<meta property=\"og:locale\" content=\"it_IT\" \/>\n<meta property=\"og:type\" content=\"article\" \/>\n<meta property=\"og:title\" content=\"Neuroprotesi e robotica al servizio della riabilitazione post-ictus\" \/>\n<meta property=\"og:description\" content=\"Pubblicata sulla rivista Neuron una review coordinata da Silvestro Micera, professore dell\u2019Istituto di BioRobotica della Scuola Superiore Sant\u2019Anna e dell\u2019\u00c9cole polytechnique f\u00e9d\u00e9rale de Lausanne\" \/>\n<meta property=\"og:url\" content=\"https:\/\/www.intoscana.it\/it\/robotica-ictus-riabilitazione\/\" \/>\n<meta property=\"og:site_name\" content=\"intoscana\" \/>\n<meta property=\"article:publisher\" content=\"https:\/\/www.facebook.com\/intoscana.it\" \/>\n<meta property=\"article:published_time\" content=\"2020-02-20T09:02:52+00:00\" \/>\n<meta property=\"article:modified_time\" content=\"2020-05-19T14:04:49+00:00\" \/>\n<meta property=\"og:image\" content=\"https:\/\/www.intoscana.it\/wp-content\/uploads\/robot-alex-credits-wearable-robotics.jpg\" \/>\n\t<meta property=\"og:image:width\" content=\"2000\" \/>\n\t<meta property=\"og:image:height\" content=\"1070\" \/>\n\t<meta property=\"og:image:type\" content=\"image\/jpeg\" \/>\n<meta name=\"author\" content=\"Redazione\" \/>\n<meta name=\"twitter:card\" content=\"summary_large_image\" \/>\n<meta name=\"twitter:creator\" content=\"@intoscana\" \/>\n<meta name=\"twitter:site\" content=\"@intoscana\" \/>\n<meta name=\"twitter:label1\" content=\"Written by\" \/>\n\t<meta name=\"twitter:data1\" content=\"Redazione\" \/>\n\t<meta name=\"twitter:label2\" content=\"Est. reading time\" \/>\n\t<meta name=\"twitter:data2\" content=\"2 minuti\" \/>\n<script type=\"application\/ld+json\" class=\"yoast-schema-graph\">{\"@context\":\"https:\/\/schema.org\",\"@graph\":[{\"@type\":\"WebPage\",\"@id\":\"https:\/\/www.intoscana.it\/it\/robotica-ictus-riabilitazione\/\",\"url\":\"https:\/\/www.intoscana.it\/it\/robotica-ictus-riabilitazione\/\",\"name\":\"Neuroprotesi e robotica al servizio della riabilitazione post-ictus - intoscana\",\"isPartOf\":{\"@id\":\"https:\/\/www.intoscana.it\/it\/#website\"},\"primaryImageOfPage\":{\"@id\":\"https:\/\/www.intoscana.it\/it\/robotica-ictus-riabilitazione\/#primaryimage\"},\"image\":{\"@id\":\"https:\/\/www.intoscana.it\/it\/robotica-ictus-riabilitazione\/#primaryimage\"},\"thumbnailUrl\":\"https:\/\/www.intoscana.it\/wp-content\/uploads\/robot-alex-credits-wearable-robotics.jpg\",\"datePublished\":\"2020-02-20T09:02:52+00:00\",\"dateModified\":\"2020-05-19T14:04:49+00:00\",\"author\":{\"@id\":\"https:\/\/www.intoscana.it\/it\/#\/schema\/person\/9223810753230f20bd670fdd322661f8\"},\"breadcrumb\":{\"@id\":\"https:\/\/www.intoscana.it\/it\/robotica-ictus-riabilitazione\/#breadcrumb\"},\"inLanguage\":\"it-IT\",\"potentialAction\":[{\"@type\":\"ReadAction\",\"target\":[\"https:\/\/www.intoscana.it\/it\/robotica-ictus-riabilitazione\/\"]}]},{\"@type\":\"ImageObject\",\"inLanguage\":\"it-IT\",\"@id\":\"https:\/\/www.intoscana.it\/it\/robotica-ictus-riabilitazione\/#primaryimage\",\"url\":\"https:\/\/www.intoscana.it\/wp-content\/uploads\/robot-alex-credits-wearable-robotics.jpg\",\"contentUrl\":\"https:\/\/www.intoscana.it\/wp-content\/uploads\/robot-alex-credits-wearable-robotics.jpg\",\"width\":2000,\"height\":1070,\"caption\":\"Robot Alex \u2013 Wearable Robotics\"},{\"@type\":\"BreadcrumbList\",\"@id\":\"https:\/\/www.intoscana.it\/it\/robotica-ictus-riabilitazione\/#breadcrumb\",\"itemListElement\":[{\"@type\":\"ListItem\",\"position\":1,\"name\":\"Home\",\"item\":\"https:\/\/www.intoscana.it\/it\/\"},{\"@type\":\"ListItem\",\"position\":2,\"name\":\"Neuroprotesi e robotica al servizio della riabilitazione post-ictus\"}]},{\"@type\":\"WebSite\",\"@id\":\"https:\/\/www.intoscana.it\/it\/#website\",\"url\":\"https:\/\/www.intoscana.it\/it\/\",\"name\":\"intoscana\",\"description\":\"\",\"potentialAction\":[{\"@type\":\"SearchAction\",\"target\":{\"@type\":\"EntryPoint\",\"urlTemplate\":\"https:\/\/www.intoscana.it\/it\/?s={search_term_string}\"},\"query-input\":{\"@type\":\"PropertyValueSpecification\",\"valueRequired\":true,\"valueName\":\"search_term_string\"}}],\"inLanguage\":\"it-IT\"},{\"@type\":\"Person\",\"@id\":\"https:\/\/www.intoscana.it\/it\/#\/schema\/person\/9223810753230f20bd670fdd322661f8\",\"name\":\"Redazione\",\"url\":\"https:\/\/www.intoscana.it\/it\/author\/redazione\/\"}]}<\/script>\n<!-- \/ Yoast SEO Premium plugin. -->","yoast_head_json":{"title":"Neuroprotesi e robotica al servizio della riabilitazione post-ictus - intoscana","robots":{"index":"index","follow":"follow","max-snippet":"max-snippet:-1","max-image-preview":"max-image-preview:large","max-video-preview":"max-video-preview:-1"},"canonical":"https:\/\/www.intoscana.it\/it\/robotica-ictus-riabilitazione\/","og_locale":"it_IT","og_type":"article","og_title":"Neuroprotesi e robotica al servizio della riabilitazione post-ictus","og_description":"Pubblicata sulla rivista Neuron una review coordinata da Silvestro Micera, professore dell\u2019Istituto di BioRobotica della Scuola Superiore Sant\u2019Anna e dell\u2019\u00c9cole polytechnique f\u00e9d\u00e9rale de Lausanne","og_url":"https:\/\/www.intoscana.it\/it\/robotica-ictus-riabilitazione\/","og_site_name":"intoscana","article_publisher":"https:\/\/www.facebook.com\/intoscana.it","article_published_time":"2020-02-20T09:02:52+00:00","article_modified_time":"2020-05-19T14:04:49+00:00","og_image":[{"width":2000,"height":1070,"url":"https:\/\/www.intoscana.it\/wp-content\/uploads\/robot-alex-credits-wearable-robotics.jpg","type":"image\/jpeg"}],"author":"Redazione","twitter_card":"summary_large_image","twitter_creator":"@intoscana","twitter_site":"@intoscana","twitter_misc":{"Written by":"Redazione","Est. reading time":"2 minuti"},"schema":{"@context":"https:\/\/schema.org","@graph":[{"@type":"WebPage","@id":"https:\/\/www.intoscana.it\/it\/robotica-ictus-riabilitazione\/","url":"https:\/\/www.intoscana.it\/it\/robotica-ictus-riabilitazione\/","name":"Neuroprotesi e robotica al servizio della riabilitazione post-ictus - intoscana","isPartOf":{"@id":"https:\/\/www.intoscana.it\/it\/#website"},"primaryImageOfPage":{"@id":"https:\/\/www.intoscana.it\/it\/robotica-ictus-riabilitazione\/#primaryimage"},"image":{"@id":"https:\/\/www.intoscana.it\/it\/robotica-ictus-riabilitazione\/#primaryimage"},"thumbnailUrl":"https:\/\/www.intoscana.it\/wp-content\/uploads\/robot-alex-credits-wearable-robotics.jpg","datePublished":"2020-02-20T09:02:52+00:00","dateModified":"2020-05-19T14:04:49+00:00","author":{"@id":"https:\/\/www.intoscana.it\/it\/#\/schema\/person\/9223810753230f20bd670fdd322661f8"},"breadcrumb":{"@id":"https:\/\/www.intoscana.it\/it\/robotica-ictus-riabilitazione\/#breadcrumb"},"inLanguage":"it-IT","potentialAction":[{"@type":"ReadAction","target":["https:\/\/www.intoscana.it\/it\/robotica-ictus-riabilitazione\/"]}]},{"@type":"ImageObject","inLanguage":"it-IT","@id":"https:\/\/www.intoscana.it\/it\/robotica-ictus-riabilitazione\/#primaryimage","url":"https:\/\/www.intoscana.it\/wp-content\/uploads\/robot-alex-credits-wearable-robotics.jpg","contentUrl":"https:\/\/www.intoscana.it\/wp-content\/uploads\/robot-alex-credits-wearable-robotics.jpg","width":2000,"height":1070,"caption":"Robot Alex \u2013 Wearable Robotics"},{"@type":"BreadcrumbList","@id":"https:\/\/www.intoscana.it\/it\/robotica-ictus-riabilitazione\/#breadcrumb","itemListElement":[{"@type":"ListItem","position":1,"name":"Home","item":"https:\/\/www.intoscana.it\/it\/"},{"@type":"ListItem","position":2,"name":"Neuroprotesi e robotica al servizio della riabilitazione post-ictus"}]},{"@type":"WebSite","@id":"https:\/\/www.intoscana.it\/it\/#website","url":"https:\/\/www.intoscana.it\/it\/","name":"intoscana","description":"","potentialAction":[{"@type":"SearchAction","target":{"@type":"EntryPoint","urlTemplate":"https:\/\/www.intoscana.it\/it\/?s={search_term_string}"},"query-input":{"@type":"PropertyValueSpecification","valueRequired":true,"valueName":"search_term_string"}}],"inLanguage":"it-IT"},{"@type":"Person","@id":"https:\/\/www.intoscana.it\/it\/#\/schema\/person\/9223810753230f20bd670fdd322661f8","name":"Redazione","url":"https:\/\/www.intoscana.it\/it\/author\/redazione\/"}]}},"_links":{"self":[{"href":"https:\/\/www.intoscana.it\/it\/wp-json\/wp\/v2\/posts\/66745","targetHints":{"allow":["GET"]}}],"collection":[{"href":"https:\/\/www.intoscana.it\/it\/wp-json\/wp\/v2\/posts"}],"about":[{"href":"https:\/\/www.intoscana.it\/it\/wp-json\/wp\/v2\/types\/post"}],"author":[{"embeddable":true,"href":"https:\/\/www.intoscana.it\/it\/wp-json\/wp\/v2\/users\/525"}],"replies":[{"embeddable":true,"href":"https:\/\/www.intoscana.it\/it\/wp-json\/wp\/v2\/comments?post=66745"}],"version-history":[{"count":0,"href":"https:\/\/www.intoscana.it\/it\/wp-json\/wp\/v2\/posts\/66745\/revisions"}],"wp:featuredmedia":[{"embeddable":true,"href":"https:\/\/www.intoscana.it\/it\/wp-json\/wp\/v2\/media\/104279"}],"wp:attachment":[{"href":"https:\/\/www.intoscana.it\/it\/wp-json\/wp\/v2\/media?parent=66745"}],"wp:term":[{"taxonomy":"category","embeddable":true,"href":"https:\/\/www.intoscana.it\/it\/wp-json\/wp\/v2\/categories?post=66745"},{"taxonomy":"post_tag","embeddable":true,"href":"https:\/\/www.intoscana.it\/it\/wp-json\/wp\/v2\/tags?post=66745"}],"curies":[{"name":"wp","href":"https:\/\/api.w.org\/{rel}","templated":true}]}}