{"id":66747,"date":"2020-02-17T14:29:29","date_gmt":"2020-02-17T14:29:29","guid":{"rendered":"http:\/\/www.intoscana.it\/challenge-internazionale-robotica-i-droni-della-santanna-in-gara\/"},"modified":"2020-05-19T16:04:50","modified_gmt":"2020-05-19T14:04:50","slug":"santanna-robotica-gara","status":"publish","type":"post","link":"https:\/\/www.intoscana.it\/it\/santanna-robotica-gara\/","title":{"rendered":"Challenge internazionale robotica: i droni della Sant&#8217;Anna in gara"},"content":{"rendered":"<p><strong>La Scuola Superiore Sant&#8217;Anna di Pisa, con il suo Istituto di Biorobotica, \u00e8 tra le 20 universit\u00e0 selezionate per contendersi la seconda edizione di Mbzirc,<\/strong> competizione internazionale di robotica organizzata dalla Khalifa University e in programma ad Abu Dhabi dal 23 al 25 febbraio. L&#8217;appuntamento \u00e8 tra <strong>le pi\u00f9 prestigiose competizioni internazionali di robotica e droni destinata al mondo della ricerca universitaria<\/strong>: prevede l&#8217;impiego di droni e robot di terra in grado di realizzare alcuni compiti in totale autonomia, senza intervento dei piloti.<\/p>\n<p>Il team della Sant&#8217;Anna, coordinato da Stefano Roccella, \u00e8 formato da 13 persone, tra i quali 7 allievi della Scuola Superiore e il pilota Claudio Lattanzi, della Fondazione Toscana Gabriele Monasterio. <strong>La prima sfida riguarda la realizzazione di droni in grado di afferrare oggetti, sia in movimento che in posizioni fisse: il gruppo pisano ha sviluppato da zero i sistemi robotici volanti,<\/strong> progettando le configurazioni con metodi finalizzati all&#8217;ottimizzazione delle prestazioni e alla massimizzazione delle autonomie di volo.<\/p>\n<p><img decoding=\"async\" alt=\"droni Sant'Anna\" style=\"width: 600px;\" title=\"droni Sant'Anna\" src=\"https:\/\/www.intoscana.it\/shared\/intoscana\/immagini\/20200108_174011.jpg\" height=\"451\" \/><\/p>\n<p><strong>I sistemi dispongono anche di algoritmi di intelligenza artificiale<\/strong> basati sulla visione che, ispirandosi al volo degli uccelli, sono in grado di favorire il riconoscimento degli oggetti e l&#8217;interazione con essi.<br \/>Le macchine sono state messe a punto durante alcune sperimentazioni effettuate presso campi di volo attrezzati, con la collaborazione di piloti professionisti per la valutazione delle prestazioni e a garanzia della sicurezza.<\/p>\n<p><strong>\u201cLa sfida sar\u00e0 altamente competitiva &#8211; spiega Stefano Roccella &#8211; e metter\u00e0 alla prova le capacit\u00e0 strategiche, progettuali, tecniche e tecnologiche delle varie squadre.<\/strong> In particolare sar\u00e0 una rilevante esperienza educativa e formativa per gli allievi partecipanti e permetter\u00e0 all\u2019Istituto di intraprendere una nuova linea di ricerca nel settore dei sistemi robotici volanti\u201d.<\/p>\n","protected":false},"excerpt":{"rendered":"<p>La competizione si svolger\u00e0 ad Abu Dhabi dal 23 al 25 febbraio e vedr\u00e0 in gara venti team universitari da tutto il mondo<\/p>\n","protected":false},"author":525,"featured_media":104281,"comment_status":"open","ping_status":"open","sticky":false,"template":"","format":"standard","meta":{"_acf_changed":false,"footnotes":""},"categories":[475,15],"tags":[383],"class_list":["post-66747","post","type-post","status-publish","format-standard","has-post-thumbnail","hentry","category-innovazione","category-tecnologia","tag-robotica"],"acf":[],"yoast_head":"<!-- This site is optimized with the Yoast SEO Premium plugin v24.2 (Yoast SEO v25.6) - https:\/\/yoast.com\/wordpress\/plugins\/seo\/ -->\n<title>Challenge internazionale robotica: i droni della Sant&#039;Anna in gara - intoscana<\/title>\n<meta name=\"robots\" content=\"index, follow, max-snippet:-1, max-image-preview:large, max-video-preview:-1\" \/>\n<link rel=\"canonical\" href=\"https:\/\/www.intoscana.it\/it\/santanna-robotica-gara\/\" \/>\n<meta property=\"og:locale\" content=\"it_IT\" \/>\n<meta property=\"og:type\" content=\"article\" \/>\n<meta property=\"og:title\" content=\"Challenge internazionale robotica: i droni della Sant&#039;Anna in gara\" \/>\n<meta property=\"og:description\" content=\"La competizione si svolger\u00e0 ad Abu Dhabi dal 23 al 25 febbraio e vedr\u00e0 in gara venti team universitari da tutto il mondo\" \/>\n<meta property=\"og:url\" content=\"https:\/\/www.intoscana.it\/it\/santanna-robotica-gara\/\" \/>\n<meta property=\"og:site_name\" content=\"intoscana\" \/>\n<meta property=\"article:publisher\" content=\"https:\/\/www.facebook.com\/intoscana.it\" \/>\n<meta property=\"article:published_time\" content=\"2020-02-17T14:29:29+00:00\" \/>\n<meta property=\"article:modified_time\" content=\"2020-05-19T14:04:50+00:00\" \/>\n<meta property=\"og:image\" content=\"https:\/\/www.intoscana.it\/wp-content\/uploads\/img_4424.jpg\" \/>\n\t<meta property=\"og:image:width\" content=\"2000\" \/>\n\t<meta property=\"og:image:height\" content=\"1494\" \/>\n\t<meta property=\"og:image:type\" content=\"image\/jpeg\" \/>\n<meta name=\"author\" content=\"Redazione\" \/>\n<meta name=\"twitter:card\" content=\"summary_large_image\" \/>\n<meta name=\"twitter:creator\" content=\"@intoscana\" \/>\n<meta name=\"twitter:site\" content=\"@intoscana\" \/>\n<meta name=\"twitter:label1\" content=\"Written by\" \/>\n\t<meta name=\"twitter:data1\" content=\"Redazione\" \/>\n\t<meta name=\"twitter:label2\" content=\"Est. reading time\" \/>\n\t<meta name=\"twitter:data2\" content=\"1 minuto\" \/>\n<script type=\"application\/ld+json\" class=\"yoast-schema-graph\">{\"@context\":\"https:\/\/schema.org\",\"@graph\":[{\"@type\":\"WebPage\",\"@id\":\"https:\/\/www.intoscana.it\/it\/santanna-robotica-gara\/\",\"url\":\"https:\/\/www.intoscana.it\/it\/santanna-robotica-gara\/\",\"name\":\"Challenge internazionale robotica: i droni della Sant'Anna in gara - intoscana\",\"isPartOf\":{\"@id\":\"https:\/\/www.intoscana.it\/it\/#website\"},\"primaryImageOfPage\":{\"@id\":\"https:\/\/www.intoscana.it\/it\/santanna-robotica-gara\/#primaryimage\"},\"image\":{\"@id\":\"https:\/\/www.intoscana.it\/it\/santanna-robotica-gara\/#primaryimage\"},\"thumbnailUrl\":\"https:\/\/www.intoscana.it\/wp-content\/uploads\/img_4424.jpg\",\"datePublished\":\"2020-02-17T14:29:29+00:00\",\"dateModified\":\"2020-05-19T14:04:50+00:00\",\"author\":{\"@id\":\"https:\/\/www.intoscana.it\/it\/#\/schema\/person\/9223810753230f20bd670fdd322661f8\"},\"breadcrumb\":{\"@id\":\"https:\/\/www.intoscana.it\/it\/santanna-robotica-gara\/#breadcrumb\"},\"inLanguage\":\"it-IT\",\"potentialAction\":[{\"@type\":\"ReadAction\",\"target\":[\"https:\/\/www.intoscana.it\/it\/santanna-robotica-gara\/\"]}]},{\"@type\":\"ImageObject\",\"inLanguage\":\"it-IT\",\"@id\":\"https:\/\/www.intoscana.it\/it\/santanna-robotica-gara\/#primaryimage\",\"url\":\"https:\/\/www.intoscana.it\/wp-content\/uploads\/img_4424.jpg\",\"contentUrl\":\"https:\/\/www.intoscana.it\/wp-content\/uploads\/img_4424.jpg\",\"width\":2000,\"height\":1494,\"caption\":\"Droni della Sant'Anna\"},{\"@type\":\"BreadcrumbList\",\"@id\":\"https:\/\/www.intoscana.it\/it\/santanna-robotica-gara\/#breadcrumb\",\"itemListElement\":[{\"@type\":\"ListItem\",\"position\":1,\"name\":\"Home\",\"item\":\"https:\/\/www.intoscana.it\/it\/\"},{\"@type\":\"ListItem\",\"position\":2,\"name\":\"Challenge internazionale robotica: i droni della Sant&#8217;Anna in gara\"}]},{\"@type\":\"WebSite\",\"@id\":\"https:\/\/www.intoscana.it\/it\/#website\",\"url\":\"https:\/\/www.intoscana.it\/it\/\",\"name\":\"intoscana\",\"description\":\"\",\"potentialAction\":[{\"@type\":\"SearchAction\",\"target\":{\"@type\":\"EntryPoint\",\"urlTemplate\":\"https:\/\/www.intoscana.it\/it\/?s={search_term_string}\"},\"query-input\":{\"@type\":\"PropertyValueSpecification\",\"valueRequired\":true,\"valueName\":\"search_term_string\"}}],\"inLanguage\":\"it-IT\"},{\"@type\":\"Person\",\"@id\":\"https:\/\/www.intoscana.it\/it\/#\/schema\/person\/9223810753230f20bd670fdd322661f8\",\"name\":\"Redazione\",\"url\":\"https:\/\/www.intoscana.it\/it\/author\/redazione\/\"}]}<\/script>\n<!-- \/ Yoast SEO Premium plugin. -->","yoast_head_json":{"title":"Challenge internazionale robotica: i droni della Sant'Anna in gara - intoscana","robots":{"index":"index","follow":"follow","max-snippet":"max-snippet:-1","max-image-preview":"max-image-preview:large","max-video-preview":"max-video-preview:-1"},"canonical":"https:\/\/www.intoscana.it\/it\/santanna-robotica-gara\/","og_locale":"it_IT","og_type":"article","og_title":"Challenge internazionale robotica: i droni della Sant'Anna in gara","og_description":"La competizione si svolger\u00e0 ad Abu Dhabi dal 23 al 25 febbraio e vedr\u00e0 in gara venti team universitari da tutto il mondo","og_url":"https:\/\/www.intoscana.it\/it\/santanna-robotica-gara\/","og_site_name":"intoscana","article_publisher":"https:\/\/www.facebook.com\/intoscana.it","article_published_time":"2020-02-17T14:29:29+00:00","article_modified_time":"2020-05-19T14:04:50+00:00","og_image":[{"width":2000,"height":1494,"url":"https:\/\/www.intoscana.it\/wp-content\/uploads\/img_4424.jpg","type":"image\/jpeg"}],"author":"Redazione","twitter_card":"summary_large_image","twitter_creator":"@intoscana","twitter_site":"@intoscana","twitter_misc":{"Written by":"Redazione","Est. reading time":"1 minuto"},"schema":{"@context":"https:\/\/schema.org","@graph":[{"@type":"WebPage","@id":"https:\/\/www.intoscana.it\/it\/santanna-robotica-gara\/","url":"https:\/\/www.intoscana.it\/it\/santanna-robotica-gara\/","name":"Challenge internazionale robotica: i droni della Sant'Anna in gara - intoscana","isPartOf":{"@id":"https:\/\/www.intoscana.it\/it\/#website"},"primaryImageOfPage":{"@id":"https:\/\/www.intoscana.it\/it\/santanna-robotica-gara\/#primaryimage"},"image":{"@id":"https:\/\/www.intoscana.it\/it\/santanna-robotica-gara\/#primaryimage"},"thumbnailUrl":"https:\/\/www.intoscana.it\/wp-content\/uploads\/img_4424.jpg","datePublished":"2020-02-17T14:29:29+00:00","dateModified":"2020-05-19T14:04:50+00:00","author":{"@id":"https:\/\/www.intoscana.it\/it\/#\/schema\/person\/9223810753230f20bd670fdd322661f8"},"breadcrumb":{"@id":"https:\/\/www.intoscana.it\/it\/santanna-robotica-gara\/#breadcrumb"},"inLanguage":"it-IT","potentialAction":[{"@type":"ReadAction","target":["https:\/\/www.intoscana.it\/it\/santanna-robotica-gara\/"]}]},{"@type":"ImageObject","inLanguage":"it-IT","@id":"https:\/\/www.intoscana.it\/it\/santanna-robotica-gara\/#primaryimage","url":"https:\/\/www.intoscana.it\/wp-content\/uploads\/img_4424.jpg","contentUrl":"https:\/\/www.intoscana.it\/wp-content\/uploads\/img_4424.jpg","width":2000,"height":1494,"caption":"Droni della Sant'Anna"},{"@type":"BreadcrumbList","@id":"https:\/\/www.intoscana.it\/it\/santanna-robotica-gara\/#breadcrumb","itemListElement":[{"@type":"ListItem","position":1,"name":"Home","item":"https:\/\/www.intoscana.it\/it\/"},{"@type":"ListItem","position":2,"name":"Challenge internazionale robotica: i droni della Sant&#8217;Anna in gara"}]},{"@type":"WebSite","@id":"https:\/\/www.intoscana.it\/it\/#website","url":"https:\/\/www.intoscana.it\/it\/","name":"intoscana","description":"","potentialAction":[{"@type":"SearchAction","target":{"@type":"EntryPoint","urlTemplate":"https:\/\/www.intoscana.it\/it\/?s={search_term_string}"},"query-input":{"@type":"PropertyValueSpecification","valueRequired":true,"valueName":"search_term_string"}}],"inLanguage":"it-IT"},{"@type":"Person","@id":"https:\/\/www.intoscana.it\/it\/#\/schema\/person\/9223810753230f20bd670fdd322661f8","name":"Redazione","url":"https:\/\/www.intoscana.it\/it\/author\/redazione\/"}]}},"_links":{"self":[{"href":"https:\/\/www.intoscana.it\/it\/wp-json\/wp\/v2\/posts\/66747","targetHints":{"allow":["GET"]}}],"collection":[{"href":"https:\/\/www.intoscana.it\/it\/wp-json\/wp\/v2\/posts"}],"about":[{"href":"https:\/\/www.intoscana.it\/it\/wp-json\/wp\/v2\/types\/post"}],"author":[{"embeddable":true,"href":"https:\/\/www.intoscana.it\/it\/wp-json\/wp\/v2\/users\/525"}],"replies":[{"embeddable":true,"href":"https:\/\/www.intoscana.it\/it\/wp-json\/wp\/v2\/comments?post=66747"}],"version-history":[{"count":0,"href":"https:\/\/www.intoscana.it\/it\/wp-json\/wp\/v2\/posts\/66747\/revisions"}],"wp:featuredmedia":[{"embeddable":true,"href":"https:\/\/www.intoscana.it\/it\/wp-json\/wp\/v2\/media\/104281"}],"wp:attachment":[{"href":"https:\/\/www.intoscana.it\/it\/wp-json\/wp\/v2\/media?parent=66747"}],"wp:term":[{"taxonomy":"category","embeddable":true,"href":"https:\/\/www.intoscana.it\/it\/wp-json\/wp\/v2\/categories?post=66747"},{"taxonomy":"post_tag","embeddable":true,"href":"https:\/\/www.intoscana.it\/it\/wp-json\/wp\/v2\/tags?post=66747"}],"curies":[{"name":"wp","href":"https:\/\/api.w.org\/{rel}","templated":true}]}}