{"id":66856,"date":"2020-01-16T11:02:11","date_gmt":"2020-01-16T11:02:11","guid":{"rendered":"http:\/\/www.intoscana.it\/la-banda-ultralarga-arriva-anche-a-lastra-a-signa-al-via-il-cantiere\/"},"modified":"2020-05-19T16:04:59","modified_gmt":"2020-05-19T14:04:59","slug":"lastra-a-signa-banda-ultralarga","status":"publish","type":"post","link":"https:\/\/www.intoscana.it\/it\/lastra-a-signa-banda-ultralarga\/","title":{"rendered":"La banda ultralarga arriva anche a Lastra a Signa: al via il cantiere"},"content":{"rendered":"<p><strong>A Lastra a Signa si \u00e8 aperto il cantiere<\/strong> che porter\u00e0 internet a <strong>mille megabit al secondo <\/strong>anche nelle<strong> frazioni pi\u00f9 piccole <\/strong>come<strong> Brucianesi, Malmantile, Quattro Strade, La Luna e Belfiore.<\/strong> Il progetto interessa <strong>14529 edifici<\/strong> e i lavori si concluderanno <strong>entro la fine dell\u2019anno.<\/p>\n<p><\/strong><strong>A Lastra a Signa, importo dei lavori 611 mila euro,<\/strong> saranno stesi oltre <strong>26 chilometri di fibra.<\/strong> Ma non ci saranno grandi disagi o strade sventrate. Per ventitr\u00e9 chilometri saranno infatti riutilizzate <strong>canaline e cavidotti che gi\u00e0 ci sono<\/strong>, un po\u2019 come sta succedendo in tutti i cantieri aperti. E se proprio ci sar\u00e0 da scavare, si tratter\u00e0 di minitrincea larga e profonde poche decine di centimetri.<\/p>\n<p>La<strong> Regione Toscana,<\/strong> attraverso l\u2019azienda<strong> Open Fiber&nbsp;<\/strong>porta la fibra ottica nelle cosiddette <strong>aree bianche,<\/strong> dove i gestori, per la presenza magari di <strong>troppi pochi abitanti<\/strong> od attivit\u00e0 economiche, hanno deciso e comunicato di <strong>non voler investir<\/strong>e. Le sole aree dove il pubblico pu\u00f2 intervenire,<strong> senza violare le norme europee sulla concorrenza.<\/strong><\/p>\n<p><strong>In Toscana sono 268 i comuni che soffrono questa criticit\u00e0:<\/strong> praticamente tutti, pure i pi\u00f9 grandi, anche se solo magari in quel caso per qualche borgo o gruppo di case sparse. <strong>La stima, un anno fa quando i lavori sono stati programmati, era di 784 mila cittadini coinvolti.<\/strong> La rete stesa rimarr\u00e0 di propriet\u00e0 della Regione e sar\u00e0 affidata in concessione per venti anni a <strong>Open Fiber,<\/strong> l\u2019azienda che ha vinto l\u2019appalto e che offrir\u00e0 l&#8217;accesso a tutti gli operatori interessati, visto che la societ\u00e0 opera nel solo mercato all&#8217;ingrosso. Cittadini e imprese dovranno dunque contattare i gestori presenti sul loro territorio per attivare la linea.<\/p>\n<p>\u201cLa fibra ottica che stiamo posando \u00e8 l\u2019infrastruttura pi\u00f9 importante che stiamo realizzando, perch\u00e9 raggiunger\u00e0 tutta la Toscana <strong>\u2013 ha spiegato l&#8217;assessore regionale Bugli<\/strong> \u2013 Si tratta di un investimento dove i territori pi\u00f9 piccoli e meno popolati hanno la stessa dignit\u00e0 di quelli grandi\u201d. <strong>\u201cLa Toscana \u2013 ha aggiunto \u2013 \u00e8 una delle Regioni pi\u00f9 avanti in questo processo,<\/strong> se non la prima in assoluto, e se continueremo a marciare veloci senza perdere questo vantaggio vorr\u00e0 dire essere pi\u00f9 concorrenziali e attrattivi rispetto ad altre regioni dove la fibra ottica arriver\u00e0 magari uno o due anni pi\u00f9 tardi. Per questo abbiamo deciso di investire in tutt a la Regione 80 milioni, per una infrastrutture che ne vale duecento\u201d. \u201cPer le aziende \u2013 conclude \u2013 significa essere pi\u00f9 competitive e per la famiglie poter usufruire di servizi migliori. Siamo a buon punto \u2013 traccia un bilancio l\u2019assessore \u2013<strong> Entro il 2021 l\u2019intervento dovrebbe essere completato per tutto il territorio regionale<\/strong>\u201d.<\/p>\n","protected":false},"excerpt":{"rendered":"<p>l progetto interessa 14529 edifici, saranno posati 26 chilometri di fibra, i lavori si concluderanno entro la fine dell\u2019anno<\/p>\n","protected":false},"author":525,"featured_media":104389,"comment_status":"open","ping_status":"open","sticky":false,"template":"","format":"standard","meta":{"_acf_changed":false,"footnotes":""},"categories":[475,15],"tags":[151],"class_list":["post-66856","post","type-post","status-publish","format-standard","has-post-thumbnail","hentry","category-innovazione","category-tecnologia","tag-regione-toscana"],"acf":[],"yoast_head":"<!-- This site is optimized with the Yoast SEO Premium plugin v24.2 (Yoast SEO v25.6) - https:\/\/yoast.com\/wordpress\/plugins\/seo\/ -->\n<title>La banda ultralarga arriva anche a Lastra a Signa: al via il cantiere - intoscana<\/title>\n<meta name=\"robots\" content=\"index, follow, max-snippet:-1, max-image-preview:large, max-video-preview:-1\" \/>\n<link rel=\"canonical\" href=\"https:\/\/www.intoscana.it\/it\/lastra-a-signa-banda-ultralarga\/\" \/>\n<meta property=\"og:locale\" content=\"it_IT\" \/>\n<meta property=\"og:type\" content=\"article\" \/>\n<meta property=\"og:title\" content=\"La banda ultralarga arriva anche a Lastra a Signa: al via il cantiere\" \/>\n<meta property=\"og:description\" content=\"l progetto interessa 14529 edifici, saranno posati 26 chilometri di fibra, i lavori si concluderanno entro la fine dell\u2019anno\" \/>\n<meta property=\"og:url\" content=\"https:\/\/www.intoscana.it\/it\/lastra-a-signa-banda-ultralarga\/\" \/>\n<meta property=\"og:site_name\" content=\"intoscana\" \/>\n<meta property=\"article:publisher\" content=\"https:\/\/www.facebook.com\/intoscana.it\" \/>\n<meta property=\"article:published_time\" content=\"2020-01-16T11:02:11+00:00\" \/>\n<meta property=\"article:modified_time\" content=\"2020-05-19T14:04:59+00:00\" \/>\n<meta property=\"og:image\" content=\"https:\/\/www.intoscana.it\/wp-content\/uploads\/banda_ultralarga.jpg\" \/>\n\t<meta property=\"og:image:width\" content=\"2000\" \/>\n\t<meta property=\"og:image:height\" content=\"1423\" \/>\n\t<meta property=\"og:image:type\" content=\"image\/jpeg\" \/>\n<meta name=\"author\" content=\"Redazione\" \/>\n<meta name=\"twitter:card\" content=\"summary_large_image\" \/>\n<meta name=\"twitter:creator\" content=\"@intoscana\" \/>\n<meta name=\"twitter:site\" content=\"@intoscana\" \/>\n<meta name=\"twitter:label1\" content=\"Written by\" \/>\n\t<meta name=\"twitter:data1\" content=\"Redazione\" \/>\n\t<meta name=\"twitter:label2\" content=\"Est. reading time\" \/>\n\t<meta name=\"twitter:data2\" content=\"2 minuti\" \/>\n<script type=\"application\/ld+json\" class=\"yoast-schema-graph\">{\"@context\":\"https:\/\/schema.org\",\"@graph\":[{\"@type\":\"WebPage\",\"@id\":\"https:\/\/www.intoscana.it\/it\/lastra-a-signa-banda-ultralarga\/\",\"url\":\"https:\/\/www.intoscana.it\/it\/lastra-a-signa-banda-ultralarga\/\",\"name\":\"La banda ultralarga arriva anche a Lastra a Signa: al via il cantiere - intoscana\",\"isPartOf\":{\"@id\":\"https:\/\/www.intoscana.it\/it\/#website\"},\"primaryImageOfPage\":{\"@id\":\"https:\/\/www.intoscana.it\/it\/lastra-a-signa-banda-ultralarga\/#primaryimage\"},\"image\":{\"@id\":\"https:\/\/www.intoscana.it\/it\/lastra-a-signa-banda-ultralarga\/#primaryimage\"},\"thumbnailUrl\":\"https:\/\/www.intoscana.it\/wp-content\/uploads\/banda_ultralarga.jpg\",\"datePublished\":\"2020-01-16T11:02:11+00:00\",\"dateModified\":\"2020-05-19T14:04:59+00:00\",\"author\":{\"@id\":\"https:\/\/www.intoscana.it\/it\/#\/schema\/person\/9223810753230f20bd670fdd322661f8\"},\"breadcrumb\":{\"@id\":\"https:\/\/www.intoscana.it\/it\/lastra-a-signa-banda-ultralarga\/#breadcrumb\"},\"inLanguage\":\"it-IT\",\"potentialAction\":[{\"@type\":\"ReadAction\",\"target\":[\"https:\/\/www.intoscana.it\/it\/lastra-a-signa-banda-ultralarga\/\"]}]},{\"@type\":\"ImageObject\",\"inLanguage\":\"it-IT\",\"@id\":\"https:\/\/www.intoscana.it\/it\/lastra-a-signa-banda-ultralarga\/#primaryimage\",\"url\":\"https:\/\/www.intoscana.it\/wp-content\/uploads\/banda_ultralarga.jpg\",\"contentUrl\":\"https:\/\/www.intoscana.it\/wp-content\/uploads\/banda_ultralarga.jpg\",\"width\":2000,\"height\":1423},{\"@type\":\"BreadcrumbList\",\"@id\":\"https:\/\/www.intoscana.it\/it\/lastra-a-signa-banda-ultralarga\/#breadcrumb\",\"itemListElement\":[{\"@type\":\"ListItem\",\"position\":1,\"name\":\"Home\",\"item\":\"https:\/\/www.intoscana.it\/it\/\"},{\"@type\":\"ListItem\",\"position\":2,\"name\":\"La banda ultralarga arriva anche a Lastra a Signa: al via il cantiere\"}]},{\"@type\":\"WebSite\",\"@id\":\"https:\/\/www.intoscana.it\/it\/#website\",\"url\":\"https:\/\/www.intoscana.it\/it\/\",\"name\":\"intoscana\",\"description\":\"\",\"potentialAction\":[{\"@type\":\"SearchAction\",\"target\":{\"@type\":\"EntryPoint\",\"urlTemplate\":\"https:\/\/www.intoscana.it\/it\/?s={search_term_string}\"},\"query-input\":{\"@type\":\"PropertyValueSpecification\",\"valueRequired\":true,\"valueName\":\"search_term_string\"}}],\"inLanguage\":\"it-IT\"},{\"@type\":\"Person\",\"@id\":\"https:\/\/www.intoscana.it\/it\/#\/schema\/person\/9223810753230f20bd670fdd322661f8\",\"name\":\"Redazione\",\"url\":\"https:\/\/www.intoscana.it\/it\/author\/redazione\/\"}]}<\/script>\n<!-- \/ Yoast SEO Premium plugin. -->","yoast_head_json":{"title":"La banda ultralarga arriva anche a Lastra a Signa: al via il cantiere - intoscana","robots":{"index":"index","follow":"follow","max-snippet":"max-snippet:-1","max-image-preview":"max-image-preview:large","max-video-preview":"max-video-preview:-1"},"canonical":"https:\/\/www.intoscana.it\/it\/lastra-a-signa-banda-ultralarga\/","og_locale":"it_IT","og_type":"article","og_title":"La banda ultralarga arriva anche a Lastra a Signa: al via il cantiere","og_description":"l progetto interessa 14529 edifici, saranno posati 26 chilometri di fibra, i lavori si concluderanno entro la fine dell\u2019anno","og_url":"https:\/\/www.intoscana.it\/it\/lastra-a-signa-banda-ultralarga\/","og_site_name":"intoscana","article_publisher":"https:\/\/www.facebook.com\/intoscana.it","article_published_time":"2020-01-16T11:02:11+00:00","article_modified_time":"2020-05-19T14:04:59+00:00","og_image":[{"width":2000,"height":1423,"url":"https:\/\/www.intoscana.it\/wp-content\/uploads\/banda_ultralarga.jpg","type":"image\/jpeg"}],"author":"Redazione","twitter_card":"summary_large_image","twitter_creator":"@intoscana","twitter_site":"@intoscana","twitter_misc":{"Written by":"Redazione","Est. reading time":"2 minuti"},"schema":{"@context":"https:\/\/schema.org","@graph":[{"@type":"WebPage","@id":"https:\/\/www.intoscana.it\/it\/lastra-a-signa-banda-ultralarga\/","url":"https:\/\/www.intoscana.it\/it\/lastra-a-signa-banda-ultralarga\/","name":"La banda ultralarga arriva anche a Lastra a Signa: al via il cantiere - intoscana","isPartOf":{"@id":"https:\/\/www.intoscana.it\/it\/#website"},"primaryImageOfPage":{"@id":"https:\/\/www.intoscana.it\/it\/lastra-a-signa-banda-ultralarga\/#primaryimage"},"image":{"@id":"https:\/\/www.intoscana.it\/it\/lastra-a-signa-banda-ultralarga\/#primaryimage"},"thumbnailUrl":"https:\/\/www.intoscana.it\/wp-content\/uploads\/banda_ultralarga.jpg","datePublished":"2020-01-16T11:02:11+00:00","dateModified":"2020-05-19T14:04:59+00:00","author":{"@id":"https:\/\/www.intoscana.it\/it\/#\/schema\/person\/9223810753230f20bd670fdd322661f8"},"breadcrumb":{"@id":"https:\/\/www.intoscana.it\/it\/lastra-a-signa-banda-ultralarga\/#breadcrumb"},"inLanguage":"it-IT","potentialAction":[{"@type":"ReadAction","target":["https:\/\/www.intoscana.it\/it\/lastra-a-signa-banda-ultralarga\/"]}]},{"@type":"ImageObject","inLanguage":"it-IT","@id":"https:\/\/www.intoscana.it\/it\/lastra-a-signa-banda-ultralarga\/#primaryimage","url":"https:\/\/www.intoscana.it\/wp-content\/uploads\/banda_ultralarga.jpg","contentUrl":"https:\/\/www.intoscana.it\/wp-content\/uploads\/banda_ultralarga.jpg","width":2000,"height":1423},{"@type":"BreadcrumbList","@id":"https:\/\/www.intoscana.it\/it\/lastra-a-signa-banda-ultralarga\/#breadcrumb","itemListElement":[{"@type":"ListItem","position":1,"name":"Home","item":"https:\/\/www.intoscana.it\/it\/"},{"@type":"ListItem","position":2,"name":"La banda ultralarga arriva anche a Lastra a Signa: al via il cantiere"}]},{"@type":"WebSite","@id":"https:\/\/www.intoscana.it\/it\/#website","url":"https:\/\/www.intoscana.it\/it\/","name":"intoscana","description":"","potentialAction":[{"@type":"SearchAction","target":{"@type":"EntryPoint","urlTemplate":"https:\/\/www.intoscana.it\/it\/?s={search_term_string}"},"query-input":{"@type":"PropertyValueSpecification","valueRequired":true,"valueName":"search_term_string"}}],"inLanguage":"it-IT"},{"@type":"Person","@id":"https:\/\/www.intoscana.it\/it\/#\/schema\/person\/9223810753230f20bd670fdd322661f8","name":"Redazione","url":"https:\/\/www.intoscana.it\/it\/author\/redazione\/"}]}},"_links":{"self":[{"href":"https:\/\/www.intoscana.it\/it\/wp-json\/wp\/v2\/posts\/66856","targetHints":{"allow":["GET"]}}],"collection":[{"href":"https:\/\/www.intoscana.it\/it\/wp-json\/wp\/v2\/posts"}],"about":[{"href":"https:\/\/www.intoscana.it\/it\/wp-json\/wp\/v2\/types\/post"}],"author":[{"embeddable":true,"href":"https:\/\/www.intoscana.it\/it\/wp-json\/wp\/v2\/users\/525"}],"replies":[{"embeddable":true,"href":"https:\/\/www.intoscana.it\/it\/wp-json\/wp\/v2\/comments?post=66856"}],"version-history":[{"count":0,"href":"https:\/\/www.intoscana.it\/it\/wp-json\/wp\/v2\/posts\/66856\/revisions"}],"wp:featuredmedia":[{"embeddable":true,"href":"https:\/\/www.intoscana.it\/it\/wp-json\/wp\/v2\/media\/104389"}],"wp:attachment":[{"href":"https:\/\/www.intoscana.it\/it\/wp-json\/wp\/v2\/media?parent=66856"}],"wp:term":[{"taxonomy":"category","embeddable":true,"href":"https:\/\/www.intoscana.it\/it\/wp-json\/wp\/v2\/categories?post=66856"},{"taxonomy":"post_tag","embeddable":true,"href":"https:\/\/www.intoscana.it\/it\/wp-json\/wp\/v2\/tags?post=66856"}],"curies":[{"name":"wp","href":"https:\/\/api.w.org\/{rel}","templated":true}]}}