{"id":66857,"date":"2020-01-16T10:43:20","date_gmt":"2020-01-16T10:43:20","guid":{"rendered":"http:\/\/www.intoscana.it\/e-record-per-la-barchetta-magica-delluniversita-di-firenze\/"},"modified":"2020-05-19T16:04:59","modified_gmt":"2020-05-19T14:04:59","slug":"barchetta-magica-firenze","status":"publish","type":"post","link":"https:\/\/www.intoscana.it\/it\/barchetta-magica-firenze\/","title":{"rendered":"\u00c8 record per la &#8216;barchetta magica&#8217; dell&#8217;Universit\u00e0 di Firenze"},"content":{"rendered":"<p>\u00c8 stato soprannominato &#8216;<strong>barchetta magica&#8217;<\/strong> ma si tratta di <strong>un drone acquatico costruito da un gruppo di ricercatori e studenti dell&#8217;Universit\u00e0 di Firenze<\/strong> che \u00e8 partito dal&#8221;isola di <strong>Gran Canaria<\/strong> e sta attraversando l&#8217;oceano atlantico per raggiungere i <strong>Caraibi.<\/strong><\/p>\n<p>Non \u00e8 ancora arrivata a destinazione ma <strong>ha gi\u00e0 battuto un record, quello della maggiore distanza in linea d\u2019aria percorsa da un\u2019imbarcazione a guida autonoma<\/strong>. La barchetta infatti ha compiuto pi\u00f9 del 75% del suo avventuroso viaggio, superando in questi giorni i <strong>3.500 km di percorso in linea d\u2019aria. <\/strong>Si tratta della&nbsp;migliore performance a livello mondiale mai raggiunta da <strong>un veicolo marino sotto i 5 metri.<\/strong><\/p>\n<p>Il drone \u2013 ideato dall\u2019<strong>assegnista di ricerca Marco Montagni e realizzato assieme a Enrico Boni e Luca Pugi,<\/strong> rispettivamente ricercatori del <strong>Dipartimento di Ingegneria dell\u2019informazione e del Dipartimento di Ingegneria industriale, e ad Andrea Bertini,<\/strong> studente del corso di laurea in Ingegneria industriale Unifi \u2013 \u00e8 <strong>un natante a vela di 1,8 metri, alimentato da energia solare.<\/strong> Ha uno scafo rinforzato e un sistema automatico di chiusura della vela in caso di vento elevato, progettati per resistere all\u2019affondamento e a fronti d\u2019onda di 5 metri.<\/p>\n<p>La barchetta magica \u00e8 costruita per navigare in completa autonomia, seguendo la rotta preimpostata. Da quando <strong>\u00e8 salpata, il 14 settembre scorso,<\/strong> \u00e8 in costante contatto con i suoi ideatori grazie a <strong>un sistema di comunicazione satellitare<\/strong> che permette ai ricercatori fiorentini di modificare quando necessario la direzione.<\/p>\n<p><strong>La traversata oceanica dovrebbe concludersi attorno alla fine di febbraio;<\/strong> alla linea del traguardo, mancano meno di 1200 km. La missione consente ai ricercatori di testare sulla lunghissima distanza e in un ambiente insidioso le caratteristiche tecniche del prototipo, che <strong>\u00e8 nato per ospitare al suo interno anche attrezzature in grado di compiere in autonomia rilevazioni<\/strong> come quelle relative a <strong>cambiamenti climatici e inquinamento delle acque<\/strong> e potr\u00e0 essere impiegato, fra l\u2019altro, per operazioni di <strong>pattugliamento delle acque.<\/strong><\/p>\n<p>Il veicolo \u2013 costruito con il contributo della <strong>Fondazione Cassa di Risparmio di Firenze<\/strong> (Progetto VELA) e grazie all\u2019aiuto, fra gli altri, dello spin off dell\u2019Ateneo fiorentino AM3 e del <strong>Centro di ricerca interuniversitario di Aerodinamica delle Costruzioni e Ingegneria del Vento Unifi<\/strong> (CRIACIV) \u2013 \u00e8 stato al centro di un percorso di preincubazione dell\u2019Incubatore Universitario Fiorentino.<\/p>\n","protected":false},"excerpt":{"rendered":"<p>Il drone realizzato da un gruppo di ricercatori e studenti fiorentini ha gi\u00e0 un primato, quello dei chilometri in linea d&#8217;aria percorsi<\/p>\n","protected":false},"author":525,"featured_media":104390,"comment_status":"open","ping_status":"open","sticky":false,"template":"","format":"standard","meta":{"_acf_changed":false,"footnotes":""},"categories":[475,15],"tags":[368],"class_list":["post-66857","post","type-post","status-publish","format-standard","has-post-thumbnail","hentry","category-innovazione","category-tecnologia","tag-universita-di-pisa"],"acf":[],"yoast_head":"<!-- This site is optimized with the Yoast SEO Premium plugin v24.2 (Yoast SEO v25.6) - https:\/\/yoast.com\/wordpress\/plugins\/seo\/ -->\n<title>\u00c8 record per la &#039;barchetta magica&#039; dell&#039;Universit\u00e0 di Firenze - intoscana<\/title>\n<meta name=\"robots\" content=\"index, follow, max-snippet:-1, max-image-preview:large, max-video-preview:-1\" \/>\n<link rel=\"canonical\" href=\"https:\/\/www.intoscana.it\/it\/barchetta-magica-firenze\/\" \/>\n<meta property=\"og:locale\" content=\"it_IT\" \/>\n<meta property=\"og:type\" content=\"article\" \/>\n<meta property=\"og:title\" content=\"\u00c8 record per la &#039;barchetta magica&#039; dell&#039;Universit\u00e0 di Firenze\" \/>\n<meta property=\"og:description\" content=\"Il drone realizzato da un gruppo di ricercatori e studenti fiorentini ha gi\u00e0 un primato, quello dei chilometri in linea d&#039;aria percorsi\" \/>\n<meta property=\"og:url\" content=\"https:\/\/www.intoscana.it\/it\/barchetta-magica-firenze\/\" \/>\n<meta property=\"og:site_name\" content=\"intoscana\" \/>\n<meta property=\"article:publisher\" content=\"https:\/\/www.facebook.com\/intoscana.it\" \/>\n<meta property=\"article:published_time\" content=\"2020-01-16T10:43:20+00:00\" \/>\n<meta property=\"article:modified_time\" content=\"2020-05-19T14:04:59+00:00\" \/>\n<meta property=\"og:image\" content=\"https:\/\/www.intoscana.it\/wp-content\/uploads\/barchetta_magica_magazine-770x463-1.jpg\" \/>\n\t<meta property=\"og:image:width\" content=\"770\" \/>\n\t<meta property=\"og:image:height\" content=\"463\" \/>\n\t<meta property=\"og:image:type\" content=\"image\/jpeg\" \/>\n<meta name=\"author\" content=\"Redazione\" \/>\n<meta name=\"twitter:card\" content=\"summary_large_image\" \/>\n<meta name=\"twitter:creator\" content=\"@intoscana\" \/>\n<meta name=\"twitter:site\" content=\"@intoscana\" \/>\n<meta name=\"twitter:label1\" content=\"Written by\" \/>\n\t<meta name=\"twitter:data1\" content=\"Redazione\" \/>\n\t<meta name=\"twitter:label2\" content=\"Est. reading time\" \/>\n\t<meta name=\"twitter:data2\" content=\"2 minuti\" \/>\n<script type=\"application\/ld+json\" class=\"yoast-schema-graph\">{\"@context\":\"https:\/\/schema.org\",\"@graph\":[{\"@type\":\"WebPage\",\"@id\":\"https:\/\/www.intoscana.it\/it\/barchetta-magica-firenze\/\",\"url\":\"https:\/\/www.intoscana.it\/it\/barchetta-magica-firenze\/\",\"name\":\"\u00c8 record per la 'barchetta magica' dell'Universit\u00e0 di Firenze - intoscana\",\"isPartOf\":{\"@id\":\"https:\/\/www.intoscana.it\/it\/#website\"},\"primaryImageOfPage\":{\"@id\":\"https:\/\/www.intoscana.it\/it\/barchetta-magica-firenze\/#primaryimage\"},\"image\":{\"@id\":\"https:\/\/www.intoscana.it\/it\/barchetta-magica-firenze\/#primaryimage\"},\"thumbnailUrl\":\"https:\/\/www.intoscana.it\/wp-content\/uploads\/barchetta_magica_magazine-770x463-1.jpg\",\"datePublished\":\"2020-01-16T10:43:20+00:00\",\"dateModified\":\"2020-05-19T14:04:59+00:00\",\"author\":{\"@id\":\"https:\/\/www.intoscana.it\/it\/#\/schema\/person\/9223810753230f20bd670fdd322661f8\"},\"breadcrumb\":{\"@id\":\"https:\/\/www.intoscana.it\/it\/barchetta-magica-firenze\/#breadcrumb\"},\"inLanguage\":\"it-IT\",\"potentialAction\":[{\"@type\":\"ReadAction\",\"target\":[\"https:\/\/www.intoscana.it\/it\/barchetta-magica-firenze\/\"]}]},{\"@type\":\"ImageObject\",\"inLanguage\":\"it-IT\",\"@id\":\"https:\/\/www.intoscana.it\/it\/barchetta-magica-firenze\/#primaryimage\",\"url\":\"https:\/\/www.intoscana.it\/wp-content\/uploads\/barchetta_magica_magazine-770x463-1.jpg\",\"contentUrl\":\"https:\/\/www.intoscana.it\/wp-content\/uploads\/barchetta_magica_magazine-770x463-1.jpg\",\"width\":770,\"height\":463,\"caption\":\"La 'barchetta magica' dell'Universit\u00e0 di Pisa sta attraversando l'Atlantico\"},{\"@type\":\"BreadcrumbList\",\"@id\":\"https:\/\/www.intoscana.it\/it\/barchetta-magica-firenze\/#breadcrumb\",\"itemListElement\":[{\"@type\":\"ListItem\",\"position\":1,\"name\":\"Home\",\"item\":\"https:\/\/www.intoscana.it\/it\/\"},{\"@type\":\"ListItem\",\"position\":2,\"name\":\"\u00c8 record per la &#8216;barchetta magica&#8217; dell&#8217;Universit\u00e0 di Firenze\"}]},{\"@type\":\"WebSite\",\"@id\":\"https:\/\/www.intoscana.it\/it\/#website\",\"url\":\"https:\/\/www.intoscana.it\/it\/\",\"name\":\"intoscana\",\"description\":\"\",\"potentialAction\":[{\"@type\":\"SearchAction\",\"target\":{\"@type\":\"EntryPoint\",\"urlTemplate\":\"https:\/\/www.intoscana.it\/it\/?s={search_term_string}\"},\"query-input\":{\"@type\":\"PropertyValueSpecification\",\"valueRequired\":true,\"valueName\":\"search_term_string\"}}],\"inLanguage\":\"it-IT\"},{\"@type\":\"Person\",\"@id\":\"https:\/\/www.intoscana.it\/it\/#\/schema\/person\/9223810753230f20bd670fdd322661f8\",\"name\":\"Redazione\",\"url\":\"https:\/\/www.intoscana.it\/it\/author\/redazione\/\"}]}<\/script>\n<!-- \/ Yoast SEO Premium plugin. -->","yoast_head_json":{"title":"\u00c8 record per la 'barchetta magica' dell'Universit\u00e0 di Firenze - intoscana","robots":{"index":"index","follow":"follow","max-snippet":"max-snippet:-1","max-image-preview":"max-image-preview:large","max-video-preview":"max-video-preview:-1"},"canonical":"https:\/\/www.intoscana.it\/it\/barchetta-magica-firenze\/","og_locale":"it_IT","og_type":"article","og_title":"\u00c8 record per la 'barchetta magica' dell'Universit\u00e0 di Firenze","og_description":"Il drone realizzato da un gruppo di ricercatori e studenti fiorentini ha gi\u00e0 un primato, quello dei chilometri in linea d'aria percorsi","og_url":"https:\/\/www.intoscana.it\/it\/barchetta-magica-firenze\/","og_site_name":"intoscana","article_publisher":"https:\/\/www.facebook.com\/intoscana.it","article_published_time":"2020-01-16T10:43:20+00:00","article_modified_time":"2020-05-19T14:04:59+00:00","og_image":[{"width":770,"height":463,"url":"https:\/\/www.intoscana.it\/wp-content\/uploads\/barchetta_magica_magazine-770x463-1.jpg","type":"image\/jpeg"}],"author":"Redazione","twitter_card":"summary_large_image","twitter_creator":"@intoscana","twitter_site":"@intoscana","twitter_misc":{"Written by":"Redazione","Est. reading time":"2 minuti"},"schema":{"@context":"https:\/\/schema.org","@graph":[{"@type":"WebPage","@id":"https:\/\/www.intoscana.it\/it\/barchetta-magica-firenze\/","url":"https:\/\/www.intoscana.it\/it\/barchetta-magica-firenze\/","name":"\u00c8 record per la 'barchetta magica' dell'Universit\u00e0 di Firenze - intoscana","isPartOf":{"@id":"https:\/\/www.intoscana.it\/it\/#website"},"primaryImageOfPage":{"@id":"https:\/\/www.intoscana.it\/it\/barchetta-magica-firenze\/#primaryimage"},"image":{"@id":"https:\/\/www.intoscana.it\/it\/barchetta-magica-firenze\/#primaryimage"},"thumbnailUrl":"https:\/\/www.intoscana.it\/wp-content\/uploads\/barchetta_magica_magazine-770x463-1.jpg","datePublished":"2020-01-16T10:43:20+00:00","dateModified":"2020-05-19T14:04:59+00:00","author":{"@id":"https:\/\/www.intoscana.it\/it\/#\/schema\/person\/9223810753230f20bd670fdd322661f8"},"breadcrumb":{"@id":"https:\/\/www.intoscana.it\/it\/barchetta-magica-firenze\/#breadcrumb"},"inLanguage":"it-IT","potentialAction":[{"@type":"ReadAction","target":["https:\/\/www.intoscana.it\/it\/barchetta-magica-firenze\/"]}]},{"@type":"ImageObject","inLanguage":"it-IT","@id":"https:\/\/www.intoscana.it\/it\/barchetta-magica-firenze\/#primaryimage","url":"https:\/\/www.intoscana.it\/wp-content\/uploads\/barchetta_magica_magazine-770x463-1.jpg","contentUrl":"https:\/\/www.intoscana.it\/wp-content\/uploads\/barchetta_magica_magazine-770x463-1.jpg","width":770,"height":463,"caption":"La 'barchetta magica' dell'Universit\u00e0 di Pisa sta attraversando l'Atlantico"},{"@type":"BreadcrumbList","@id":"https:\/\/www.intoscana.it\/it\/barchetta-magica-firenze\/#breadcrumb","itemListElement":[{"@type":"ListItem","position":1,"name":"Home","item":"https:\/\/www.intoscana.it\/it\/"},{"@type":"ListItem","position":2,"name":"\u00c8 record per la &#8216;barchetta magica&#8217; dell&#8217;Universit\u00e0 di Firenze"}]},{"@type":"WebSite","@id":"https:\/\/www.intoscana.it\/it\/#website","url":"https:\/\/www.intoscana.it\/it\/","name":"intoscana","description":"","potentialAction":[{"@type":"SearchAction","target":{"@type":"EntryPoint","urlTemplate":"https:\/\/www.intoscana.it\/it\/?s={search_term_string}"},"query-input":{"@type":"PropertyValueSpecification","valueRequired":true,"valueName":"search_term_string"}}],"inLanguage":"it-IT"},{"@type":"Person","@id":"https:\/\/www.intoscana.it\/it\/#\/schema\/person\/9223810753230f20bd670fdd322661f8","name":"Redazione","url":"https:\/\/www.intoscana.it\/it\/author\/redazione\/"}]}},"_links":{"self":[{"href":"https:\/\/www.intoscana.it\/it\/wp-json\/wp\/v2\/posts\/66857","targetHints":{"allow":["GET"]}}],"collection":[{"href":"https:\/\/www.intoscana.it\/it\/wp-json\/wp\/v2\/posts"}],"about":[{"href":"https:\/\/www.intoscana.it\/it\/wp-json\/wp\/v2\/types\/post"}],"author":[{"embeddable":true,"href":"https:\/\/www.intoscana.it\/it\/wp-json\/wp\/v2\/users\/525"}],"replies":[{"embeddable":true,"href":"https:\/\/www.intoscana.it\/it\/wp-json\/wp\/v2\/comments?post=66857"}],"version-history":[{"count":0,"href":"https:\/\/www.intoscana.it\/it\/wp-json\/wp\/v2\/posts\/66857\/revisions"}],"wp:featuredmedia":[{"embeddable":true,"href":"https:\/\/www.intoscana.it\/it\/wp-json\/wp\/v2\/media\/104390"}],"wp:attachment":[{"href":"https:\/\/www.intoscana.it\/it\/wp-json\/wp\/v2\/media?parent=66857"}],"wp:term":[{"taxonomy":"category","embeddable":true,"href":"https:\/\/www.intoscana.it\/it\/wp-json\/wp\/v2\/categories?post=66857"},{"taxonomy":"post_tag","embeddable":true,"href":"https:\/\/www.intoscana.it\/it\/wp-json\/wp\/v2\/tags?post=66857"}],"curies":[{"name":"wp","href":"https:\/\/api.w.org\/{rel}","templated":true}]}}