{"id":66859,"date":"2020-01-29T10:35:52","date_gmt":"2020-01-29T10:35:52","guid":{"rendered":"http:\/\/www.intoscana.it\/un-futuro-high-tech-per-gli-anziani-con-il-progetto-phara-on\/"},"modified":"2020-05-19T16:05:00","modified_gmt":"2020-05-19T14:05:00","slug":"pharaon-anziani","status":"publish","type":"post","link":"https:\/\/www.intoscana.it\/it\/pharaon-anziani\/","title":{"rendered":"Un futuro high-tech per gli anziani con il progetto &#8216;Phara-On&#8217;"},"content":{"rendered":"<p>Al via il super progetto <strong>PHARA-ON, finanziato dalla Commissione Europea nell\u2019ambito di Horizon 2020<\/strong> e coordinato dall\u2019Istituto di <strong>BioRobotica della Scuola Superiore Sant\u2019Anna di Pisa,<\/strong> con il gruppo di ricerca di Filippo Cavallo. <strong>Oltre 40 partner, provenienti da 12 paesi europei,<\/strong> per un progetto che prevede un finanziamento complessivo di <strong>21 milioni di euro<\/strong>.<\/p>\n<p>L\u2019obiettivo \u00e8 quello di <strong>favorire un invecchiamento sano e attivo della popolazione,<\/strong> al fine di migliorare la vita e abbassare i costi del sistema sanitario. <strong>Robotica, intelligenza artificiale, Internet of Things (IoT), cloud computing<\/strong> insieme per lo sviluppo di piattaforme integrate e personalizzabili.<\/p>\n<p>Il progetto <strong>PHARA-ON<\/strong> risponde a un\u2019esigenza sociale sempre pi\u00f9 diffusa nella societ\u00e0 europea: si stima infatti che, <strong>entro il 2080 un europeo su tre avr\u00e0 pi\u00f9 di 65 anni.<\/strong> <strong>L\u2019innalzamento dell\u2019et\u00e0 media avr\u00e0 un inevitabile impatto sui sistemi sanitari nazionali,<\/strong> anche a livello di costi e servizi erogati, cos\u00ec come \u00e8 previsto un aumento della <strong>richiesta di eseguire le terapie direttamente a casa,<\/strong> in spazi appositamente attrezzati alla cura e a un controllo remoto.<\/p>\n<p>\u201cPHARA-ON creer\u00e0 una serie di<strong> piattaforme aperte interoperabili altamente personalizzabili<\/strong> \u2013 commenta Filippo Cavallo, responsabile scientifico del progetto &#8211; che integreranno servizi avanzati, dispositivi e strumenti tra cui<strong> IoT, intelligenza artificiale, robotica, cloud computing, dispositivi indossabili intelligenti, big data e analisi intelligenti<\/strong>. Queste soluzioni saranno ampiamente testate e convalidate, con l&#8217;obiettivo di rispondere soprattutto alle esigenze degli anziani e migliorare la loro indipendenza e sicurezza\u201d.<\/p>\n<p>La <strong>presenza di un numero cos\u00ec numeroso di partner sono tra le novit\u00e0 pi\u00f9 significative di PHARA-ON:<\/strong> universit\u00e0, grandi, medie e piccole imprese, organizzazioni di ricerca, autorit\u00e0 nel campo della sanit\u00e0, fornitori di servizi sanitari pubblici e privati, organizzazioni sociali, istituti sanitari, tutti insieme per supportare <strong>una fascia di popolazione fragile e bisognosa di assistenza e di strutture adeguate.<\/strong><\/p>\n<p>Durante <strong>il progetto, della durata di 48 mesi,<\/strong> saranno testate diverse soluzioni digitali in almeno<strong> 5 paesi europei: Spagna<\/strong> (Murcia e Andalusia), <strong>Paesi Bassi<\/strong> (Twente)<strong>, Slovenia<\/strong> (Isola),<strong> Portogallo<\/strong> (Coimbra-Amadora) e <strong>Italia<\/strong>, dove la piattaforma PHARA-ON verr\u00e0 sperimentata con il supporto della <strong>Regione Toscana<\/strong>, attraverso le cooperative della rete Umana Persona, e della Regione Puglia, attraverso l&#8217;IRCSS Casa Sollievo della Sofferenza.<\/p>\n","protected":false},"excerpt":{"rendered":"<p>Oltre 40 partner europei coinvolti nel progetto coordinato dall\u2019Istituto di BioRobotica della Sant&#8217;Anna di Pisa e finanziato dalla Commissione Europea<\/p>\n","protected":false},"author":525,"featured_media":104392,"comment_status":"open","ping_status":"open","sticky":false,"template":"","format":"standard","meta":{"_acf_changed":false,"footnotes":""},"categories":[475,15],"tags":[370],"class_list":["post-66859","post","type-post","status-publish","format-standard","has-post-thumbnail","hentry","category-innovazione","category-tecnologia","tag-anziani"],"acf":[],"yoast_head":"<!-- This site is optimized with the Yoast SEO Premium plugin v24.2 (Yoast SEO v25.6) - https:\/\/yoast.com\/wordpress\/plugins\/seo\/ -->\n<title>Un futuro high-tech per gli anziani con il progetto &#039;Phara-On&#039; - intoscana<\/title>\n<meta name=\"robots\" content=\"index, follow, max-snippet:-1, max-image-preview:large, max-video-preview:-1\" \/>\n<link rel=\"canonical\" href=\"https:\/\/www.intoscana.it\/it\/pharaon-anziani\/\" \/>\n<meta property=\"og:locale\" content=\"it_IT\" \/>\n<meta property=\"og:type\" content=\"article\" \/>\n<meta property=\"og:title\" content=\"Un futuro high-tech per gli anziani con il progetto &#039;Phara-On&#039;\" \/>\n<meta property=\"og:description\" content=\"Oltre 40 partner europei coinvolti nel progetto coordinato dall\u2019Istituto di BioRobotica della Sant&#039;Anna di Pisa e finanziato dalla Commissione Europea\" \/>\n<meta property=\"og:url\" content=\"https:\/\/www.intoscana.it\/it\/pharaon-anziani\/\" \/>\n<meta property=\"og:site_name\" content=\"intoscana\" \/>\n<meta property=\"article:publisher\" content=\"https:\/\/www.facebook.com\/intoscana.it\" \/>\n<meta property=\"article:published_time\" content=\"2020-01-29T10:35:52+00:00\" \/>\n<meta property=\"article:modified_time\" content=\"2020-05-19T14:05:00+00:00\" \/>\n<meta property=\"og:image\" content=\"https:\/\/www.intoscana.it\/wp-content\/uploads\/robot-anziana.jpg\" \/>\n\t<meta property=\"og:image:width\" content=\"2000\" \/>\n\t<meta property=\"og:image:height\" content=\"1333\" \/>\n\t<meta property=\"og:image:type\" content=\"image\/jpeg\" \/>\n<meta name=\"author\" content=\"Redazione\" \/>\n<meta name=\"twitter:card\" content=\"summary_large_image\" \/>\n<meta name=\"twitter:creator\" content=\"@intoscana\" \/>\n<meta name=\"twitter:site\" content=\"@intoscana\" \/>\n<meta name=\"twitter:label1\" content=\"Written by\" \/>\n\t<meta name=\"twitter:data1\" content=\"Redazione\" \/>\n\t<meta name=\"twitter:label2\" content=\"Est. reading time\" \/>\n\t<meta name=\"twitter:data2\" content=\"2 minuti\" \/>\n<script type=\"application\/ld+json\" class=\"yoast-schema-graph\">{\"@context\":\"https:\/\/schema.org\",\"@graph\":[{\"@type\":\"WebPage\",\"@id\":\"https:\/\/www.intoscana.it\/it\/pharaon-anziani\/\",\"url\":\"https:\/\/www.intoscana.it\/it\/pharaon-anziani\/\",\"name\":\"Un futuro high-tech per gli anziani con il progetto 'Phara-On' - intoscana\",\"isPartOf\":{\"@id\":\"https:\/\/www.intoscana.it\/it\/#website\"},\"primaryImageOfPage\":{\"@id\":\"https:\/\/www.intoscana.it\/it\/pharaon-anziani\/#primaryimage\"},\"image\":{\"@id\":\"https:\/\/www.intoscana.it\/it\/pharaon-anziani\/#primaryimage\"},\"thumbnailUrl\":\"https:\/\/www.intoscana.it\/wp-content\/uploads\/robot-anziana.jpg\",\"datePublished\":\"2020-01-29T10:35:52+00:00\",\"dateModified\":\"2020-05-19T14:05:00+00:00\",\"author\":{\"@id\":\"https:\/\/www.intoscana.it\/it\/#\/schema\/person\/9223810753230f20bd670fdd322661f8\"},\"breadcrumb\":{\"@id\":\"https:\/\/www.intoscana.it\/it\/pharaon-anziani\/#breadcrumb\"},\"inLanguage\":\"it-IT\",\"potentialAction\":[{\"@type\":\"ReadAction\",\"target\":[\"https:\/\/www.intoscana.it\/it\/pharaon-anziani\/\"]}]},{\"@type\":\"ImageObject\",\"inLanguage\":\"it-IT\",\"@id\":\"https:\/\/www.intoscana.it\/it\/pharaon-anziani\/#primaryimage\",\"url\":\"https:\/\/www.intoscana.it\/wp-content\/uploads\/robot-anziana.jpg\",\"contentUrl\":\"https:\/\/www.intoscana.it\/wp-content\/uploads\/robot-anziana.jpg\",\"width\":2000,\"height\":1333,\"caption\":\"Un futuro high-tech per gli anziani con il progetto europeo 'Phara-On'\"},{\"@type\":\"BreadcrumbList\",\"@id\":\"https:\/\/www.intoscana.it\/it\/pharaon-anziani\/#breadcrumb\",\"itemListElement\":[{\"@type\":\"ListItem\",\"position\":1,\"name\":\"Home\",\"item\":\"https:\/\/www.intoscana.it\/it\/\"},{\"@type\":\"ListItem\",\"position\":2,\"name\":\"Un futuro high-tech per gli anziani con il progetto &#8216;Phara-On&#8217;\"}]},{\"@type\":\"WebSite\",\"@id\":\"https:\/\/www.intoscana.it\/it\/#website\",\"url\":\"https:\/\/www.intoscana.it\/it\/\",\"name\":\"intoscana\",\"description\":\"\",\"potentialAction\":[{\"@type\":\"SearchAction\",\"target\":{\"@type\":\"EntryPoint\",\"urlTemplate\":\"https:\/\/www.intoscana.it\/it\/?s={search_term_string}\"},\"query-input\":{\"@type\":\"PropertyValueSpecification\",\"valueRequired\":true,\"valueName\":\"search_term_string\"}}],\"inLanguage\":\"it-IT\"},{\"@type\":\"Person\",\"@id\":\"https:\/\/www.intoscana.it\/it\/#\/schema\/person\/9223810753230f20bd670fdd322661f8\",\"name\":\"Redazione\",\"url\":\"https:\/\/www.intoscana.it\/it\/author\/redazione\/\"}]}<\/script>\n<!-- \/ Yoast SEO Premium plugin. -->","yoast_head_json":{"title":"Un futuro high-tech per gli anziani con il progetto 'Phara-On' - intoscana","robots":{"index":"index","follow":"follow","max-snippet":"max-snippet:-1","max-image-preview":"max-image-preview:large","max-video-preview":"max-video-preview:-1"},"canonical":"https:\/\/www.intoscana.it\/it\/pharaon-anziani\/","og_locale":"it_IT","og_type":"article","og_title":"Un futuro high-tech per gli anziani con il progetto 'Phara-On'","og_description":"Oltre 40 partner europei coinvolti nel progetto coordinato dall\u2019Istituto di BioRobotica della Sant'Anna di Pisa e finanziato dalla Commissione Europea","og_url":"https:\/\/www.intoscana.it\/it\/pharaon-anziani\/","og_site_name":"intoscana","article_publisher":"https:\/\/www.facebook.com\/intoscana.it","article_published_time":"2020-01-29T10:35:52+00:00","article_modified_time":"2020-05-19T14:05:00+00:00","og_image":[{"width":2000,"height":1333,"url":"https:\/\/www.intoscana.it\/wp-content\/uploads\/robot-anziana.jpg","type":"image\/jpeg"}],"author":"Redazione","twitter_card":"summary_large_image","twitter_creator":"@intoscana","twitter_site":"@intoscana","twitter_misc":{"Written by":"Redazione","Est. reading time":"2 minuti"},"schema":{"@context":"https:\/\/schema.org","@graph":[{"@type":"WebPage","@id":"https:\/\/www.intoscana.it\/it\/pharaon-anziani\/","url":"https:\/\/www.intoscana.it\/it\/pharaon-anziani\/","name":"Un futuro high-tech per gli anziani con il progetto 'Phara-On' - intoscana","isPartOf":{"@id":"https:\/\/www.intoscana.it\/it\/#website"},"primaryImageOfPage":{"@id":"https:\/\/www.intoscana.it\/it\/pharaon-anziani\/#primaryimage"},"image":{"@id":"https:\/\/www.intoscana.it\/it\/pharaon-anziani\/#primaryimage"},"thumbnailUrl":"https:\/\/www.intoscana.it\/wp-content\/uploads\/robot-anziana.jpg","datePublished":"2020-01-29T10:35:52+00:00","dateModified":"2020-05-19T14:05:00+00:00","author":{"@id":"https:\/\/www.intoscana.it\/it\/#\/schema\/person\/9223810753230f20bd670fdd322661f8"},"breadcrumb":{"@id":"https:\/\/www.intoscana.it\/it\/pharaon-anziani\/#breadcrumb"},"inLanguage":"it-IT","potentialAction":[{"@type":"ReadAction","target":["https:\/\/www.intoscana.it\/it\/pharaon-anziani\/"]}]},{"@type":"ImageObject","inLanguage":"it-IT","@id":"https:\/\/www.intoscana.it\/it\/pharaon-anziani\/#primaryimage","url":"https:\/\/www.intoscana.it\/wp-content\/uploads\/robot-anziana.jpg","contentUrl":"https:\/\/www.intoscana.it\/wp-content\/uploads\/robot-anziana.jpg","width":2000,"height":1333,"caption":"Un futuro high-tech per gli anziani con il progetto europeo 'Phara-On'"},{"@type":"BreadcrumbList","@id":"https:\/\/www.intoscana.it\/it\/pharaon-anziani\/#breadcrumb","itemListElement":[{"@type":"ListItem","position":1,"name":"Home","item":"https:\/\/www.intoscana.it\/it\/"},{"@type":"ListItem","position":2,"name":"Un futuro high-tech per gli anziani con il progetto &#8216;Phara-On&#8217;"}]},{"@type":"WebSite","@id":"https:\/\/www.intoscana.it\/it\/#website","url":"https:\/\/www.intoscana.it\/it\/","name":"intoscana","description":"","potentialAction":[{"@type":"SearchAction","target":{"@type":"EntryPoint","urlTemplate":"https:\/\/www.intoscana.it\/it\/?s={search_term_string}"},"query-input":{"@type":"PropertyValueSpecification","valueRequired":true,"valueName":"search_term_string"}}],"inLanguage":"it-IT"},{"@type":"Person","@id":"https:\/\/www.intoscana.it\/it\/#\/schema\/person\/9223810753230f20bd670fdd322661f8","name":"Redazione","url":"https:\/\/www.intoscana.it\/it\/author\/redazione\/"}]}},"_links":{"self":[{"href":"https:\/\/www.intoscana.it\/it\/wp-json\/wp\/v2\/posts\/66859","targetHints":{"allow":["GET"]}}],"collection":[{"href":"https:\/\/www.intoscana.it\/it\/wp-json\/wp\/v2\/posts"}],"about":[{"href":"https:\/\/www.intoscana.it\/it\/wp-json\/wp\/v2\/types\/post"}],"author":[{"embeddable":true,"href":"https:\/\/www.intoscana.it\/it\/wp-json\/wp\/v2\/users\/525"}],"replies":[{"embeddable":true,"href":"https:\/\/www.intoscana.it\/it\/wp-json\/wp\/v2\/comments?post=66859"}],"version-history":[{"count":0,"href":"https:\/\/www.intoscana.it\/it\/wp-json\/wp\/v2\/posts\/66859\/revisions"}],"wp:featuredmedia":[{"embeddable":true,"href":"https:\/\/www.intoscana.it\/it\/wp-json\/wp\/v2\/media\/104392"}],"wp:attachment":[{"href":"https:\/\/www.intoscana.it\/it\/wp-json\/wp\/v2\/media?parent=66859"}],"wp:term":[{"taxonomy":"category","embeddable":true,"href":"https:\/\/www.intoscana.it\/it\/wp-json\/wp\/v2\/categories?post=66859"},{"taxonomy":"post_tag","embeddable":true,"href":"https:\/\/www.intoscana.it\/it\/wp-json\/wp\/v2\/tags?post=66859"}],"curies":[{"name":"wp","href":"https:\/\/api.w.org\/{rel}","templated":true}]}}