{"id":66860,"date":"2020-01-25T10:57:17","date_gmt":"2020-01-25T10:57:17","guid":{"rendered":"http:\/\/www.intoscana.it\/domotica-a-empoli-una-smart-home-per-persone-con-disabilita\/"},"modified":"2020-05-19T16:05:00","modified_gmt":"2020-05-19T14:05:00","slug":"smart-house-empoli","status":"publish","type":"post","link":"https:\/\/www.intoscana.it\/it\/smart-house-empoli\/","title":{"rendered":"Domotica: a Empoli una smart home per persone con disabilit\u00e0"},"content":{"rendered":"<p><strong>Una smart house, ovvero una casa intelligente, \u00e8 in arrivo a Empoli: l&#8217;appartamento domitico sar\u00e0 pensato per essere utilizzato da persone con disabilit\u00e0 dai 18 anni<\/strong> in su e nascer\u00e0 grazie al protocollo firmato ieri tra Regione Toscana, Asl centro, Societ\u00e0 della Salute Empolese Valdarno-Valdelsa e<strong> l&#8217;associazione &#8220;Vorreiprendereiltreno&#8221; onlus di Jacopo Melio.<\/strong><\/p>\n<p><strong>&#8220;Tutti hanno diritto a una vita indipendente e a tutti dobbiamo garantire certe opportunit\u00e0, utilizzando al meglio le nuove tecnologie<\/strong>. Mi auguro che presto in Toscana possano esserci altre esperienze analoghe a quelle che presentiamo questo pomeriggio a Empoli, insieme a Jacopo Melio, che con le sue idee riesce a sensibilizzare l&#8217;opinione pubblica su questioni importanti&#8221; ha commentato il presidente della Toscana Enrico Rossi in occasione della firma dell&#8217;intesa.&nbsp;<\/p>\n<p><strong>&#8220;Questa iniziativa onora l&#8217;articolo 3 della nostra Costituzione che evidenzia quanto tutti i cittadini abbiano pari dignit\u00e0 sociale e siano eguali davanti alla legge,<\/strong> senza distinzione di sesso, di razza, di lingua, di religione, di opinioni politiche, di condizioni personali e sociali. Tutti hanno il diritto di accedere all&#8217;innovazione e alle straordinarie possibilit\u00e0 che offrono&#8221; ha aggiunto il presidente Rossi.<\/p>\n<p><strong>&#8220;Il progetto di un appartamento domotico, che andremo a sperimentare, potr\u00e0 diventare un modello da esportare nel resto della Toscana e fa gi\u00e0 parte di una serie di idee sull&#8217;accessibilit\u00e0<\/strong> sulle quali stiamo lavorando da tempo, come ad esempio il progetto Pass, il primo in Italia per il pronto soccorso con percorsi specifici per persone con disabilit\u00e0 &#8211; ha sottolineato l&#8217;assessore al diritto alla salute, al welfare e all&#8217;integrazione sociosanitaria Stefania Saccardi &#8211; il progetto smart home \u00e8 uno dei primi per persone con disabilit\u00e0 motoria, perch\u00e9 possano svolgere una vita normale e in autonomia&#8221;.<\/p>\n<p><strong> Il progetto \u00e8, infatti, finalizzato alla preparazione alla vita autonoma delle persone con disabilit\u00e0 motoria,<\/strong> e in grado di esprimere la propria volont\u00e0, tramite l&#8217;attivazione di un appartamento dove poter trascorrere in autonomia un periodo della vita utilizzando e testando dispositivi e accorgimenti idonei ad annullare, in parte o totalmente, le limitazioni che le persone disabili.<\/p>\n","protected":false},"excerpt":{"rendered":"<p>Firmato il protocollo tra la Regione Toscana e l&#8217;associazione Vorreiprendereiltreno di Jacopo Melio per realizzare una casa intelligente&nbsp;<\/p>\n","protected":false},"author":525,"featured_media":104393,"comment_status":"open","ping_status":"open","sticky":false,"template":"","format":"standard","meta":{"_acf_changed":false,"footnotes":""},"categories":[475,15],"tags":[406],"class_list":["post-66860","post","type-post","status-publish","format-standard","has-post-thumbnail","hentry","category-innovazione","category-tecnologia","tag-disabilita"],"acf":[],"yoast_head":"<!-- This site is optimized with the Yoast SEO Premium plugin v24.2 (Yoast SEO v25.6) - https:\/\/yoast.com\/wordpress\/plugins\/seo\/ -->\n<title>Domotica: a Empoli una smart home per persone con disabilit\u00e0 - intoscana<\/title>\n<meta name=\"robots\" content=\"index, follow, max-snippet:-1, max-image-preview:large, max-video-preview:-1\" \/>\n<link rel=\"canonical\" href=\"https:\/\/www.intoscana.it\/it\/smart-house-empoli\/\" \/>\n<meta property=\"og:locale\" content=\"it_IT\" \/>\n<meta property=\"og:type\" content=\"article\" \/>\n<meta property=\"og:title\" content=\"Domotica: a Empoli una smart home per persone con disabilit\u00e0\" \/>\n<meta property=\"og:description\" content=\"Firmato il protocollo tra la Regione Toscana e l&#039;associazione Vorreiprendereiltreno di Jacopo Melio per realizzare una casa intelligente&nbsp;\" \/>\n<meta property=\"og:url\" content=\"https:\/\/www.intoscana.it\/it\/smart-house-empoli\/\" \/>\n<meta property=\"og:site_name\" content=\"intoscana\" \/>\n<meta property=\"article:publisher\" content=\"https:\/\/www.facebook.com\/intoscana.it\" \/>\n<meta property=\"article:published_time\" content=\"2020-01-25T10:57:17+00:00\" \/>\n<meta property=\"article:modified_time\" content=\"2020-05-19T14:05:00+00:00\" \/>\n<meta property=\"og:image\" content=\"https:\/\/www.intoscana.it\/wp-content\/uploads\/smart-house-empoli.jpeg\" \/>\n\t<meta property=\"og:image:width\" content=\"1837\" \/>\n\t<meta property=\"og:image:height\" content=\"995\" \/>\n\t<meta property=\"og:image:type\" content=\"image\/jpeg\" \/>\n<meta name=\"author\" content=\"Redazione\" \/>\n<meta name=\"twitter:card\" content=\"summary_large_image\" \/>\n<meta name=\"twitter:creator\" content=\"@intoscana\" \/>\n<meta name=\"twitter:site\" content=\"@intoscana\" \/>\n<meta name=\"twitter:label1\" content=\"Written by\" \/>\n\t<meta name=\"twitter:data1\" content=\"Redazione\" \/>\n\t<meta name=\"twitter:label2\" content=\"Est. reading time\" \/>\n\t<meta name=\"twitter:data2\" content=\"2 minuti\" \/>\n<script type=\"application\/ld+json\" class=\"yoast-schema-graph\">{\"@context\":\"https:\/\/schema.org\",\"@graph\":[{\"@type\":\"WebPage\",\"@id\":\"https:\/\/www.intoscana.it\/it\/smart-house-empoli\/\",\"url\":\"https:\/\/www.intoscana.it\/it\/smart-house-empoli\/\",\"name\":\"Domotica: a Empoli una smart home per persone con disabilit\u00e0 - intoscana\",\"isPartOf\":{\"@id\":\"https:\/\/www.intoscana.it\/it\/#website\"},\"primaryImageOfPage\":{\"@id\":\"https:\/\/www.intoscana.it\/it\/smart-house-empoli\/#primaryimage\"},\"image\":{\"@id\":\"https:\/\/www.intoscana.it\/it\/smart-house-empoli\/#primaryimage\"},\"thumbnailUrl\":\"https:\/\/www.intoscana.it\/wp-content\/uploads\/smart-house-empoli.jpeg\",\"datePublished\":\"2020-01-25T10:57:17+00:00\",\"dateModified\":\"2020-05-19T14:05:00+00:00\",\"author\":{\"@id\":\"https:\/\/www.intoscana.it\/it\/#\/schema\/person\/9223810753230f20bd670fdd322661f8\"},\"breadcrumb\":{\"@id\":\"https:\/\/www.intoscana.it\/it\/smart-house-empoli\/#breadcrumb\"},\"inLanguage\":\"it-IT\",\"potentialAction\":[{\"@type\":\"ReadAction\",\"target\":[\"https:\/\/www.intoscana.it\/it\/smart-house-empoli\/\"]}]},{\"@type\":\"ImageObject\",\"inLanguage\":\"it-IT\",\"@id\":\"https:\/\/www.intoscana.it\/it\/smart-house-empoli\/#primaryimage\",\"url\":\"https:\/\/www.intoscana.it\/wp-content\/uploads\/smart-house-empoli.jpeg\",\"contentUrl\":\"https:\/\/www.intoscana.it\/wp-content\/uploads\/smart-house-empoli.jpeg\",\"width\":1837,\"height\":995,\"caption\":\"La firma del protocollo per la smart house di Empoli\"},{\"@type\":\"BreadcrumbList\",\"@id\":\"https:\/\/www.intoscana.it\/it\/smart-house-empoli\/#breadcrumb\",\"itemListElement\":[{\"@type\":\"ListItem\",\"position\":1,\"name\":\"Home\",\"item\":\"https:\/\/www.intoscana.it\/it\/\"},{\"@type\":\"ListItem\",\"position\":2,\"name\":\"Domotica: a Empoli una smart home per persone con disabilit\u00e0\"}]},{\"@type\":\"WebSite\",\"@id\":\"https:\/\/www.intoscana.it\/it\/#website\",\"url\":\"https:\/\/www.intoscana.it\/it\/\",\"name\":\"intoscana\",\"description\":\"\",\"potentialAction\":[{\"@type\":\"SearchAction\",\"target\":{\"@type\":\"EntryPoint\",\"urlTemplate\":\"https:\/\/www.intoscana.it\/it\/?s={search_term_string}\"},\"query-input\":{\"@type\":\"PropertyValueSpecification\",\"valueRequired\":true,\"valueName\":\"search_term_string\"}}],\"inLanguage\":\"it-IT\"},{\"@type\":\"Person\",\"@id\":\"https:\/\/www.intoscana.it\/it\/#\/schema\/person\/9223810753230f20bd670fdd322661f8\",\"name\":\"Redazione\",\"url\":\"https:\/\/www.intoscana.it\/it\/author\/redazione\/\"}]}<\/script>\n<!-- \/ Yoast SEO Premium plugin. -->","yoast_head_json":{"title":"Domotica: a Empoli una smart home per persone con disabilit\u00e0 - intoscana","robots":{"index":"index","follow":"follow","max-snippet":"max-snippet:-1","max-image-preview":"max-image-preview:large","max-video-preview":"max-video-preview:-1"},"canonical":"https:\/\/www.intoscana.it\/it\/smart-house-empoli\/","og_locale":"it_IT","og_type":"article","og_title":"Domotica: a Empoli una smart home per persone con disabilit\u00e0","og_description":"Firmato il protocollo tra la Regione Toscana e l'associazione Vorreiprendereiltreno di Jacopo Melio per realizzare una casa intelligente&nbsp;","og_url":"https:\/\/www.intoscana.it\/it\/smart-house-empoli\/","og_site_name":"intoscana","article_publisher":"https:\/\/www.facebook.com\/intoscana.it","article_published_time":"2020-01-25T10:57:17+00:00","article_modified_time":"2020-05-19T14:05:00+00:00","og_image":[{"width":1837,"height":995,"url":"https:\/\/www.intoscana.it\/wp-content\/uploads\/smart-house-empoli.jpeg","type":"image\/jpeg"}],"author":"Redazione","twitter_card":"summary_large_image","twitter_creator":"@intoscana","twitter_site":"@intoscana","twitter_misc":{"Written by":"Redazione","Est. reading time":"2 minuti"},"schema":{"@context":"https:\/\/schema.org","@graph":[{"@type":"WebPage","@id":"https:\/\/www.intoscana.it\/it\/smart-house-empoli\/","url":"https:\/\/www.intoscana.it\/it\/smart-house-empoli\/","name":"Domotica: a Empoli una smart home per persone con disabilit\u00e0 - intoscana","isPartOf":{"@id":"https:\/\/www.intoscana.it\/it\/#website"},"primaryImageOfPage":{"@id":"https:\/\/www.intoscana.it\/it\/smart-house-empoli\/#primaryimage"},"image":{"@id":"https:\/\/www.intoscana.it\/it\/smart-house-empoli\/#primaryimage"},"thumbnailUrl":"https:\/\/www.intoscana.it\/wp-content\/uploads\/smart-house-empoli.jpeg","datePublished":"2020-01-25T10:57:17+00:00","dateModified":"2020-05-19T14:05:00+00:00","author":{"@id":"https:\/\/www.intoscana.it\/it\/#\/schema\/person\/9223810753230f20bd670fdd322661f8"},"breadcrumb":{"@id":"https:\/\/www.intoscana.it\/it\/smart-house-empoli\/#breadcrumb"},"inLanguage":"it-IT","potentialAction":[{"@type":"ReadAction","target":["https:\/\/www.intoscana.it\/it\/smart-house-empoli\/"]}]},{"@type":"ImageObject","inLanguage":"it-IT","@id":"https:\/\/www.intoscana.it\/it\/smart-house-empoli\/#primaryimage","url":"https:\/\/www.intoscana.it\/wp-content\/uploads\/smart-house-empoli.jpeg","contentUrl":"https:\/\/www.intoscana.it\/wp-content\/uploads\/smart-house-empoli.jpeg","width":1837,"height":995,"caption":"La firma del protocollo per la smart house di Empoli"},{"@type":"BreadcrumbList","@id":"https:\/\/www.intoscana.it\/it\/smart-house-empoli\/#breadcrumb","itemListElement":[{"@type":"ListItem","position":1,"name":"Home","item":"https:\/\/www.intoscana.it\/it\/"},{"@type":"ListItem","position":2,"name":"Domotica: a Empoli una smart home per persone con disabilit\u00e0"}]},{"@type":"WebSite","@id":"https:\/\/www.intoscana.it\/it\/#website","url":"https:\/\/www.intoscana.it\/it\/","name":"intoscana","description":"","potentialAction":[{"@type":"SearchAction","target":{"@type":"EntryPoint","urlTemplate":"https:\/\/www.intoscana.it\/it\/?s={search_term_string}"},"query-input":{"@type":"PropertyValueSpecification","valueRequired":true,"valueName":"search_term_string"}}],"inLanguage":"it-IT"},{"@type":"Person","@id":"https:\/\/www.intoscana.it\/it\/#\/schema\/person\/9223810753230f20bd670fdd322661f8","name":"Redazione","url":"https:\/\/www.intoscana.it\/it\/author\/redazione\/"}]}},"_links":{"self":[{"href":"https:\/\/www.intoscana.it\/it\/wp-json\/wp\/v2\/posts\/66860","targetHints":{"allow":["GET"]}}],"collection":[{"href":"https:\/\/www.intoscana.it\/it\/wp-json\/wp\/v2\/posts"}],"about":[{"href":"https:\/\/www.intoscana.it\/it\/wp-json\/wp\/v2\/types\/post"}],"author":[{"embeddable":true,"href":"https:\/\/www.intoscana.it\/it\/wp-json\/wp\/v2\/users\/525"}],"replies":[{"embeddable":true,"href":"https:\/\/www.intoscana.it\/it\/wp-json\/wp\/v2\/comments?post=66860"}],"version-history":[{"count":0,"href":"https:\/\/www.intoscana.it\/it\/wp-json\/wp\/v2\/posts\/66860\/revisions"}],"wp:featuredmedia":[{"embeddable":true,"href":"https:\/\/www.intoscana.it\/it\/wp-json\/wp\/v2\/media\/104393"}],"wp:attachment":[{"href":"https:\/\/www.intoscana.it\/it\/wp-json\/wp\/v2\/media?parent=66860"}],"wp:term":[{"taxonomy":"category","embeddable":true,"href":"https:\/\/www.intoscana.it\/it\/wp-json\/wp\/v2\/categories?post=66860"},{"taxonomy":"post_tag","embeddable":true,"href":"https:\/\/www.intoscana.it\/it\/wp-json\/wp\/v2\/tags?post=66860"}],"curies":[{"name":"wp","href":"https:\/\/api.w.org\/{rel}","templated":true}]}}