{"id":67059,"date":"2019-11-16T09:12:08","date_gmt":"2019-11-16T09:12:08","guid":{"rendered":"http:\/\/www.intoscana.it\/arriva-a-siena-drone-box-laeroporto-mobile-per-droni-volanti\/"},"modified":"2020-05-19T16:05:01","modified_gmt":"2020-05-19T14:05:01","slug":"drone-box-siena","status":"publish","type":"post","link":"https:\/\/www.intoscana.it\/it\/drone-box-siena\/","title":{"rendered":"Arriva a Siena &#8216;Drone Box&#8217;: l\u2019aeroporto mobile per droni volanti"},"content":{"rendered":"<p><strong>Garantire la sicurezza delle aree sensibili della rete ferroviaria italiana,<\/strong> dalle quali dipende l\u2019alimentazione delle linee o che sono a rischio terroristico, e <strong>controllare anche gli accessi a quelle zone remote, sparse per il Paese,<\/strong> nelle quali la societ\u00e0 Rete Ferroviaria Italiana (Gruppo FS Italiane) stocca materiale di valore. \u00c8 questo il compito della innovativa <strong>Drone Box, un aeroporto mobile e completamente automatizzato per droni volanti<\/strong>, unica nel suo genere nel panorama europeo, <strong>brevetto del Gruppo FS Italiane,<\/strong> progettata e realizzata nell&#8217;ambito della collaborazione tra il <strong>Dipartimento di Ingegneria dell\u2019informazione e Scienze matematiche dell\u2019Universit\u00e0 di Siena e RFI.<\/strong><\/p>\n<a class=\"fotogallery\" href=\"#modalgallery\" rel=\"modal:open\">sfoglia la gallery <i class=\"fas fa-chevron-right\"><\/i><\/a>\n    <div class=\"modal\" id=\"modalgallery\">\n        <div class=\"gallery\">\n          <div class=\"galleryimg\">\n            <div class=\"slidegallerybig\"> <div class=\"itemimg\">\n            <div class=\"wrapimg\">\n            <img decoding=\"async\" src=\"https:\/\/www.intoscana.it\/wp-content\/uploads\/rettore-drone-box.jpg\">\n            <\/div>\n            <\/div> <div class=\"itemimg\">\n            <div class=\"wrapimg\">\n            <img decoding=\"async\" src=\"https:\/\/www.intoscana.it\/wp-content\/uploads\/drone-box-2.jpg\">\n            <\/div>\n            <\/div> <div class=\"itemimg\">\n            <div class=\"wrapimg\">\n            <img decoding=\"async\" src=\"https:\/\/www.intoscana.it\/wp-content\/uploads\/da-sx-fiumara-e-mecocci.jpg\">\n            <\/div>\n            <\/div>\n            <\/div>\n          <\/div>\n          <div class=\"asidemenu\">\n            <div class=\"action\">\n              <div class=\"countlidegallery\"><\/div>\n              <div class=\"closegallery\" href=\"#modalgallery\" rel=\"modal:close\"><i class=\"far fa-times\"><\/i><\/div>\n            <\/div>\n            <div class=\"title\">\n              <h2>Arriva a Siena 'Drone Box': l\u2019aeroporto mobile per droni volanti<\/h2>\n              <div class=\"socialarticolo\"> \n            <div class=\"contsocialico\">\n              <ul>\n                <li><a target=\"_blank\" href=\"https:\/\/www.facebook.com\/sharer\/sharer.php?u=https:\/\/www.intoscana.it\/it\/drone-box-siena\/\"> <i class=\"fab fa-facebook-f\"><\/i><\/a><\/li>\n                <li><a target=\"_blank\" href=\"https:\/\/twitter.com\/home?status=https:\/\/www.intoscana.it\/it\/drone-box-siena\/\"> <i class=\"fab fa-twitter\"><\/i><\/a><\/li>\n                <li>\n                  <div class=\"shareall\" target=\"_blank\" href=\"\"> <i class=\"fas fa-share-alt\"><\/i><\/div>\n                  <div class=\"sharemore\">\n                    <ul>\n                      <li><a target=\"_blank\" href=\"https:\/\/www.linkedin.com\/shareArticle?url=https:\/\/www.intoscana.it\/it\/drone-box-siena\/\"> <i class=\"fab fa-linkedin\"><\/i><\/a><\/li>\n                      <li><a target=\"_blank\" href=\"http:\/\/www.pinterest.com\/pin\/create\/bookmarklet\/?url=https:\/\/www.intoscana.it\/it\/drone-box-siena\/\"> <i class=\"fab fa-pinterest\"><\/i><\/a><\/li>\n                      <li><a target=\"_blank\" href=\"mailto?subject=Arriva a Siena &#039;Drone Box&#039;: l\u2019aeroporto mobile per droni volanti&body=https:\/\/www.intoscana.it\/it\/drone-box-siena\/\"> <i class=\"fas fa-envelope\"><\/i><\/a><\/li>\n                    <\/ul>\n                    <div class=\"closesharemore\">\n                    <i class=\"fas fa-times\"><\/i>\n                    <\/div>\n                  <\/div>\n                <\/li>\n              <\/ul>\n            <\/div>\n          <\/div>\n        <\/div>\n          <\/div>\n        <\/div>\n      <\/div>\n<p>La <strong>Drone Box<\/strong> risponde a <strong>un\u2019esigenza operativa individuata dalla Direzione Centrale Protezione Aziendale del Gruppo FS Italiane,<\/strong> su commissione della quale \u00e8 nata una sinergia per attivit\u00e0 di trasferimento tecnologico tra il Dipartimento di Ingegneria dell\u2019informazione dell\u2019Ateneo senese, rappresentato dal <strong>VISLAb (VIsion and Smart sensors Laboratory),<\/strong> sotto la supervisione del professor <strong>Alessandro Mecocci, e dal LEEME (Laboratorio di elettronica, elettrotecnica e misure elettroniche),<\/strong> sotto la supervisione del professor <strong>Valerio Vignoli, e Rete Ferroviaria Italiana &#8211; Ricerca e Sviluppo.<\/strong> <\/p>\n<p><strong>Il macchinario, controllabile anche da remoto<\/strong>, ad esempio dalla Sala Situazioni Sicurezza di RFI a Roma, <strong>pu\u00f2 funzionare per alcuni mesi senza alcun presidio umano<\/strong> svolgendo missioni ispettive in completa autonomia, registrando i video di ciascuna missione e inviandoli alla sala di controllo, generando allarmi automatici e attivando specifici voli per verificare chi o cosa ha generato l\u2019evento. <strong>La Drone Box \u00e8 mobile e pu\u00f2 essere spostata da un luogo a un altro e riprogrammata, sempre da remoto<\/strong>, per svolgere il controllo automatizzato di ogni nuova area.<\/p>\n<p>\u201cLa <strong>Drone Box<\/strong>&nbsp; \u2013 ha detto il rettore dell\u2019Universit\u00e0 di Siena, Francesco Frati &#8211; <strong>\u00e8 la migliore dimostrazione della capacit\u00e0 della ricerca universitaria di contribuire all\u2019innovazione del Paese<\/strong> e l\u2019interesse di RFI, che ci onora e che ringrazio, \u00e8 un esempio di come i risultati di tali ricerche possano essere efficacemente trasferiti al sistema produttivo&#8221;.<\/p>\n<p><strong>\u201cIl sistema sviluppato \u00e8 estremamente avanzato<\/strong> \u2013 ha spiegato il professor Alessandro Mecocci \u2013 e rispetto alle altre piattaforme commerciali attualmente esistenti in Europa presenta soluzioni innovative, maggiore flessibilit\u00e0 operativa e prestazioni superiori. Inoltre, <strong>il volo del drone \u00e8 controllato sia tramite Gps sia tramite visione artificiale<\/strong>. La centralit\u00e0 di questo tipo di realizzazione \u2013 ha aggiunto Mecocci \u2013 deriva anche dal fatto che<strong> i droni volanti sono in procinto di cambiare completamente lo scenario tecnologico contemporaneo,<\/strong> introducendo un vero e proprio stravolgimento del modo di fare in moltissimi ambiti della nostra vita futura. Ad esempio, si pensi alle <strong>operazioni di supporto all\u2019individuazione delle persone durante le operazioni di salvataggio<\/strong> a seguito di emergenze, alla valutazione dei danni prodotti da catastrofi di origine naturale e non, al<strong> trasporto di medicinali in zone difficilmente raggiungibili via terra<\/strong> e a tante altre applicazioni, in agricoltura, edilizia, nella comunicazione\u201d.<\/p>\n","protected":false},"excerpt":{"rendered":"<p>Il progetto unico nel panorama europeo, brevetto del Gruppo FS Italiane, \u00e8 stato progettato e realizzato nell&#8217;ambito della collaborazione tra il Dipartimento di Ingegneria dell\u2019informazione dell\u2019Universit\u00e0 di Siena e Rete Ferroviaria Italiana<\/p>\n","protected":false},"author":525,"featured_media":104583,"comment_status":"open","ping_status":"open","sticky":false,"template":"","format":"standard","meta":{"_acf_changed":false,"footnotes":""},"categories":[475,15],"tags":[],"class_list":["post-67059","post","type-post","status-publish","format-standard","has-post-thumbnail","hentry","category-innovazione","category-tecnologia"],"acf":[],"yoast_head":"<!-- This site is optimized with the Yoast SEO Premium plugin v24.2 (Yoast SEO v25.6) - https:\/\/yoast.com\/wordpress\/plugins\/seo\/ -->\n<title>Arriva a Siena &#039;Drone Box&#039;: l\u2019aeroporto mobile per droni volanti - intoscana<\/title>\n<meta name=\"robots\" content=\"index, follow, max-snippet:-1, max-image-preview:large, max-video-preview:-1\" \/>\n<link rel=\"canonical\" href=\"https:\/\/www.intoscana.it\/it\/drone-box-siena\/\" \/>\n<meta property=\"og:locale\" content=\"it_IT\" \/>\n<meta property=\"og:type\" content=\"article\" \/>\n<meta property=\"og:title\" content=\"Arriva a Siena &#039;Drone Box&#039;: l\u2019aeroporto mobile per droni volanti\" \/>\n<meta property=\"og:description\" content=\"Il progetto unico nel panorama europeo, brevetto del Gruppo FS Italiane, \u00e8 stato progettato e realizzato nell&#039;ambito della collaborazione tra il Dipartimento di Ingegneria dell\u2019informazione dell\u2019Universit\u00e0 di Siena e Rete Ferroviaria Italiana\" \/>\n<meta property=\"og:url\" content=\"https:\/\/www.intoscana.it\/it\/drone-box-siena\/\" \/>\n<meta property=\"og:site_name\" content=\"intoscana\" \/>\n<meta property=\"article:publisher\" content=\"https:\/\/www.facebook.com\/intoscana.it\" \/>\n<meta property=\"article:published_time\" content=\"2019-11-16T09:12:08+00:00\" \/>\n<meta property=\"article:modified_time\" content=\"2020-05-19T14:05:01+00:00\" \/>\n<meta property=\"og:image\" content=\"https:\/\/www.intoscana.it\/wp-content\/uploads\/drone-674238_1920-3.jpg\" \/>\n\t<meta property=\"og:image:width\" content=\"1000\" \/>\n\t<meta property=\"og:image:height\" content=\"667\" \/>\n\t<meta property=\"og:image:type\" content=\"image\/jpeg\" \/>\n<meta name=\"author\" content=\"Redazione\" \/>\n<meta name=\"twitter:card\" content=\"summary_large_image\" \/>\n<meta name=\"twitter:creator\" content=\"@intoscana\" \/>\n<meta name=\"twitter:site\" content=\"@intoscana\" \/>\n<meta name=\"twitter:label1\" content=\"Written by\" \/>\n\t<meta name=\"twitter:data1\" content=\"Redazione\" \/>\n\t<meta name=\"twitter:label2\" content=\"Est. reading time\" \/>\n\t<meta name=\"twitter:data2\" content=\"2 minuti\" \/>\n<script type=\"application\/ld+json\" class=\"yoast-schema-graph\">{\"@context\":\"https:\/\/schema.org\",\"@graph\":[{\"@type\":\"WebPage\",\"@id\":\"https:\/\/www.intoscana.it\/it\/drone-box-siena\/\",\"url\":\"https:\/\/www.intoscana.it\/it\/drone-box-siena\/\",\"name\":\"Arriva a Siena 'Drone Box': l\u2019aeroporto mobile per droni volanti - intoscana\",\"isPartOf\":{\"@id\":\"https:\/\/www.intoscana.it\/it\/#website\"},\"primaryImageOfPage\":{\"@id\":\"https:\/\/www.intoscana.it\/it\/drone-box-siena\/#primaryimage\"},\"image\":{\"@id\":\"https:\/\/www.intoscana.it\/it\/drone-box-siena\/#primaryimage\"},\"thumbnailUrl\":\"https:\/\/www.intoscana.it\/wp-content\/uploads\/drone-674238_1920-3.jpg\",\"datePublished\":\"2019-11-16T09:12:08+00:00\",\"dateModified\":\"2020-05-19T14:05:01+00:00\",\"author\":{\"@id\":\"https:\/\/www.intoscana.it\/it\/#\/schema\/person\/9223810753230f20bd670fdd322661f8\"},\"breadcrumb\":{\"@id\":\"https:\/\/www.intoscana.it\/it\/drone-box-siena\/#breadcrumb\"},\"inLanguage\":\"it-IT\",\"potentialAction\":[{\"@type\":\"ReadAction\",\"target\":[\"https:\/\/www.intoscana.it\/it\/drone-box-siena\/\"]}]},{\"@type\":\"ImageObject\",\"inLanguage\":\"it-IT\",\"@id\":\"https:\/\/www.intoscana.it\/it\/drone-box-siena\/#primaryimage\",\"url\":\"https:\/\/www.intoscana.it\/wp-content\/uploads\/drone-674238_1920-3.jpg\",\"contentUrl\":\"https:\/\/www.intoscana.it\/wp-content\/uploads\/drone-674238_1920-3.jpg\",\"width\":1000,\"height\":667,\"caption\":\"Presentato a Siena Drone Box: l\u2019aeroporto mobile per droni volanti\"},{\"@type\":\"BreadcrumbList\",\"@id\":\"https:\/\/www.intoscana.it\/it\/drone-box-siena\/#breadcrumb\",\"itemListElement\":[{\"@type\":\"ListItem\",\"position\":1,\"name\":\"Home\",\"item\":\"https:\/\/www.intoscana.it\/it\/\"},{\"@type\":\"ListItem\",\"position\":2,\"name\":\"Arriva a Siena &#8216;Drone Box&#8217;: l\u2019aeroporto mobile per droni volanti\"}]},{\"@type\":\"WebSite\",\"@id\":\"https:\/\/www.intoscana.it\/it\/#website\",\"url\":\"https:\/\/www.intoscana.it\/it\/\",\"name\":\"intoscana\",\"description\":\"\",\"potentialAction\":[{\"@type\":\"SearchAction\",\"target\":{\"@type\":\"EntryPoint\",\"urlTemplate\":\"https:\/\/www.intoscana.it\/it\/?s={search_term_string}\"},\"query-input\":{\"@type\":\"PropertyValueSpecification\",\"valueRequired\":true,\"valueName\":\"search_term_string\"}}],\"inLanguage\":\"it-IT\"},{\"@type\":\"Person\",\"@id\":\"https:\/\/www.intoscana.it\/it\/#\/schema\/person\/9223810753230f20bd670fdd322661f8\",\"name\":\"Redazione\",\"url\":\"https:\/\/www.intoscana.it\/it\/author\/redazione\/\"}]}<\/script>\n<!-- \/ Yoast SEO Premium plugin. -->","yoast_head_json":{"title":"Arriva a Siena 'Drone Box': l\u2019aeroporto mobile per droni volanti - intoscana","robots":{"index":"index","follow":"follow","max-snippet":"max-snippet:-1","max-image-preview":"max-image-preview:large","max-video-preview":"max-video-preview:-1"},"canonical":"https:\/\/www.intoscana.it\/it\/drone-box-siena\/","og_locale":"it_IT","og_type":"article","og_title":"Arriva a Siena 'Drone Box': l\u2019aeroporto mobile per droni volanti","og_description":"Il progetto unico nel panorama europeo, brevetto del Gruppo FS Italiane, \u00e8 stato progettato e realizzato nell'ambito della collaborazione tra il Dipartimento di Ingegneria dell\u2019informazione dell\u2019Universit\u00e0 di Siena e Rete Ferroviaria Italiana","og_url":"https:\/\/www.intoscana.it\/it\/drone-box-siena\/","og_site_name":"intoscana","article_publisher":"https:\/\/www.facebook.com\/intoscana.it","article_published_time":"2019-11-16T09:12:08+00:00","article_modified_time":"2020-05-19T14:05:01+00:00","og_image":[{"width":1000,"height":667,"url":"https:\/\/www.intoscana.it\/wp-content\/uploads\/drone-674238_1920-3.jpg","type":"image\/jpeg"}],"author":"Redazione","twitter_card":"summary_large_image","twitter_creator":"@intoscana","twitter_site":"@intoscana","twitter_misc":{"Written by":"Redazione","Est. reading time":"2 minuti"},"schema":{"@context":"https:\/\/schema.org","@graph":[{"@type":"WebPage","@id":"https:\/\/www.intoscana.it\/it\/drone-box-siena\/","url":"https:\/\/www.intoscana.it\/it\/drone-box-siena\/","name":"Arriva a Siena 'Drone Box': l\u2019aeroporto mobile per droni volanti - intoscana","isPartOf":{"@id":"https:\/\/www.intoscana.it\/it\/#website"},"primaryImageOfPage":{"@id":"https:\/\/www.intoscana.it\/it\/drone-box-siena\/#primaryimage"},"image":{"@id":"https:\/\/www.intoscana.it\/it\/drone-box-siena\/#primaryimage"},"thumbnailUrl":"https:\/\/www.intoscana.it\/wp-content\/uploads\/drone-674238_1920-3.jpg","datePublished":"2019-11-16T09:12:08+00:00","dateModified":"2020-05-19T14:05:01+00:00","author":{"@id":"https:\/\/www.intoscana.it\/it\/#\/schema\/person\/9223810753230f20bd670fdd322661f8"},"breadcrumb":{"@id":"https:\/\/www.intoscana.it\/it\/drone-box-siena\/#breadcrumb"},"inLanguage":"it-IT","potentialAction":[{"@type":"ReadAction","target":["https:\/\/www.intoscana.it\/it\/drone-box-siena\/"]}]},{"@type":"ImageObject","inLanguage":"it-IT","@id":"https:\/\/www.intoscana.it\/it\/drone-box-siena\/#primaryimage","url":"https:\/\/www.intoscana.it\/wp-content\/uploads\/drone-674238_1920-3.jpg","contentUrl":"https:\/\/www.intoscana.it\/wp-content\/uploads\/drone-674238_1920-3.jpg","width":1000,"height":667,"caption":"Presentato a Siena Drone Box: l\u2019aeroporto mobile per droni volanti"},{"@type":"BreadcrumbList","@id":"https:\/\/www.intoscana.it\/it\/drone-box-siena\/#breadcrumb","itemListElement":[{"@type":"ListItem","position":1,"name":"Home","item":"https:\/\/www.intoscana.it\/it\/"},{"@type":"ListItem","position":2,"name":"Arriva a Siena &#8216;Drone Box&#8217;: l\u2019aeroporto mobile per droni volanti"}]},{"@type":"WebSite","@id":"https:\/\/www.intoscana.it\/it\/#website","url":"https:\/\/www.intoscana.it\/it\/","name":"intoscana","description":"","potentialAction":[{"@type":"SearchAction","target":{"@type":"EntryPoint","urlTemplate":"https:\/\/www.intoscana.it\/it\/?s={search_term_string}"},"query-input":{"@type":"PropertyValueSpecification","valueRequired":true,"valueName":"search_term_string"}}],"inLanguage":"it-IT"},{"@type":"Person","@id":"https:\/\/www.intoscana.it\/it\/#\/schema\/person\/9223810753230f20bd670fdd322661f8","name":"Redazione","url":"https:\/\/www.intoscana.it\/it\/author\/redazione\/"}]}},"_links":{"self":[{"href":"https:\/\/www.intoscana.it\/it\/wp-json\/wp\/v2\/posts\/67059","targetHints":{"allow":["GET"]}}],"collection":[{"href":"https:\/\/www.intoscana.it\/it\/wp-json\/wp\/v2\/posts"}],"about":[{"href":"https:\/\/www.intoscana.it\/it\/wp-json\/wp\/v2\/types\/post"}],"author":[{"embeddable":true,"href":"https:\/\/www.intoscana.it\/it\/wp-json\/wp\/v2\/users\/525"}],"replies":[{"embeddable":true,"href":"https:\/\/www.intoscana.it\/it\/wp-json\/wp\/v2\/comments?post=67059"}],"version-history":[{"count":0,"href":"https:\/\/www.intoscana.it\/it\/wp-json\/wp\/v2\/posts\/67059\/revisions"}],"wp:featuredmedia":[{"embeddable":true,"href":"https:\/\/www.intoscana.it\/it\/wp-json\/wp\/v2\/media\/104583"}],"wp:attachment":[{"href":"https:\/\/www.intoscana.it\/it\/wp-json\/wp\/v2\/media?parent=67059"}],"wp:term":[{"taxonomy":"category","embeddable":true,"href":"https:\/\/www.intoscana.it\/it\/wp-json\/wp\/v2\/categories?post=67059"},{"taxonomy":"post_tag","embeddable":true,"href":"https:\/\/www.intoscana.it\/it\/wp-json\/wp\/v2\/tags?post=67059"}],"curies":[{"name":"wp","href":"https:\/\/api.w.org\/{rel}","templated":true}]}}