{"id":67060,"date":"2019-10-12T12:37:01","date_gmt":"2019-10-12T12:37:01","guid":{"rendered":"http:\/\/www.intoscana.it\/fake-news-e-democrazia-solo-leducazione-digitale-ci-salvera\/"},"modified":"2020-05-19T16:05:01","modified_gmt":"2020-05-19T14:05:01","slug":"fake-news","status":"publish","type":"post","link":"https:\/\/www.intoscana.it\/it\/fake-news\/","title":{"rendered":"Fake news e democrazia: solo l&#8217;educazione digitale ci salver\u00e0"},"content":{"rendered":"<p><strong>La proliferazione delle fake news e il loro impatto sui processi democratici \u00e8 stato il tema al centro di \u201cDemocrazia, partecipazione e informazione\u201d<\/strong> che oggi in occasione di Internet Festival ha riunito alla Scuola Sant\u2019Anna di Pisa esperti della comunicazione che si sono addentrati nel mondo sfuggente della disinformazione partendo da un presupposto non cos\u00ec scontato: <strong>le bufale nella storia sono sempre esistite, ora hanno solo trovato un megafono pi\u00f9 grande con cui diffondersi.<\/strong><br \/>Ad esempio la celebre frase \u201cse non hanno pane che mangino le brioche\u201d attribuita a Maria Antonietta \u00e8 una fake news, cos\u00ec come anche il Protocollo dei Savi di Sion sul complotto ebraico per dominare il mondo che tanto ha contribuito a disseminare l\u2019odio razziale.<br \/>\u201cLe fake news sono sempre esistite nella storia, <strong>il problema \u00e8 il modo in cui funzionano, perch\u00e9 vanno a confermare i nostri bias cognitivi, ovvero i pregiudizi che abbiamo gi\u00e0\u201d<\/strong> spiega l\u2019hacker ed esperto in digital reputation Matteo Flora.<\/p>\n<p><strong>La moltiplicazione delle fake news \u00e8 dovuta anche ai social bot, ovvero gli account fasulli e automatizzati<\/strong> che diffondono velocemente e a livello capillare le bufale, contribuendo a inquinare il dibattito pubblico anche in occasione di importanti decisioni politiche come ad esempio il referendum sulla Brexit o la campagna elettorale per elezioni statunitensi del 2016.<br \/>Al di l\u00e0 delle fake news poi c\u2019\u00e8 un problema di disinformazione pi\u00f9 ampio che colpisce anche i media tradizionali.<br \/>\u201cLa decontestualizzazione \u00e8 alla base di molti di questi processi a livello mediatico e politico \u2013 sottolinea Carola Frediani \u2013 come ad esempio quando vengono hackerate le email di un politico, ne vengono estrapolati alcuni brani e poi manipolati. <strong>Solo avendo chiaro il contesto ci si pu\u00f2 avvicinare alla verit\u00e0 e quindi sviluppare quel fiuto che ci fa capire quando una notizia \u00e8 falsa.\u201d<\/strong><\/p>\n<p>Per combattere questi fenomeni il fact checking, ovvero la verifica puntuale delle fonti da cui arriva una notizia, \u00e8 essenziale e deve essere compiuto dai media, ma non basta. <strong>Serve una cultura digitale pi\u00f9 diffusa, un\u2019alfabetizzazione che deve iniziare sin dalle scuole e diffondersi nella societ\u00e0 come un anticorpo<\/strong> che metta le persone in grado di comprendere da sole quando un\u2019informazione \u00e8 stata falsata o manipolata.<\/p>\n\n","protected":false},"excerpt":{"rendered":"<p>A Internet Festival esperti di comunicazione a confronto sul fenomeno delle bufale e sulla disinformazione, che inquina l&#8217;opinione pubblica e inficia anche i processi democratici<\/p>\n","protected":false},"author":502,"featured_media":104584,"comment_status":"open","ping_status":"open","sticky":false,"template":"","format":"standard","meta":{"_acf_changed":false,"footnotes":""},"categories":[494,7],"tags":[],"class_list":["post-67060","post","type-post","status-publish","format-standard","has-post-thumbnail","hentry","category-attualita","category-societa"],"acf":[],"yoast_head":"<!-- This site is optimized with the Yoast SEO Premium plugin v24.2 (Yoast SEO v25.6) - https:\/\/yoast.com\/wordpress\/plugins\/seo\/ -->\n<title>Fake news e democrazia: solo l&#039;educazione digitale ci salver\u00e0 - intoscana<\/title>\n<meta name=\"robots\" content=\"index, follow, max-snippet:-1, max-image-preview:large, max-video-preview:-1\" \/>\n<link rel=\"canonical\" href=\"https:\/\/www.intoscana.it\/it\/fake-news\/\" \/>\n<meta property=\"og:locale\" content=\"it_IT\" \/>\n<meta property=\"og:type\" content=\"article\" \/>\n<meta property=\"og:title\" content=\"Fake news e democrazia: solo l&#039;educazione digitale ci salver\u00e0\" \/>\n<meta property=\"og:description\" content=\"A Internet Festival esperti di comunicazione a confronto sul fenomeno delle bufale e sulla disinformazione, che inquina l&#039;opinione pubblica e inficia anche i processi democratici\" \/>\n<meta property=\"og:url\" content=\"https:\/\/www.intoscana.it\/it\/fake-news\/\" \/>\n<meta property=\"og:site_name\" content=\"intoscana\" \/>\n<meta property=\"article:publisher\" content=\"https:\/\/www.facebook.com\/intoscana.it\" \/>\n<meta property=\"article:published_time\" content=\"2019-10-12T12:37:01+00:00\" \/>\n<meta property=\"article:modified_time\" content=\"2020-05-19T14:05:01+00:00\" \/>\n<meta property=\"og:image\" content=\"https:\/\/www.intoscana.it\/wp-content\/uploads\/cdcfd37a029996f8006f7c7792892075-14.jpg\" \/>\n\t<meta property=\"og:image:width\" content=\"599\" \/>\n\t<meta property=\"og:image:height\" content=\"337\" \/>\n\t<meta property=\"og:image:type\" content=\"image\/jpeg\" \/>\n<meta name=\"author\" content=\"Ilaria Giannini\" \/>\n<meta name=\"twitter:card\" content=\"summary_large_image\" \/>\n<meta name=\"twitter:creator\" content=\"@i.giannini@fst.it\" \/>\n<meta name=\"twitter:site\" content=\"@intoscana\" \/>\n<meta name=\"twitter:label1\" content=\"Written by\" \/>\n\t<meta name=\"twitter:data1\" content=\"Ilaria Giannini\" \/>\n\t<meta name=\"twitter:label2\" content=\"Est. reading time\" \/>\n\t<meta name=\"twitter:data2\" content=\"2 minuti\" \/>\n<script type=\"application\/ld+json\" class=\"yoast-schema-graph\">{\"@context\":\"https:\/\/schema.org\",\"@graph\":[{\"@type\":\"WebPage\",\"@id\":\"https:\/\/www.intoscana.it\/it\/fake-news\/\",\"url\":\"https:\/\/www.intoscana.it\/it\/fake-news\/\",\"name\":\"Fake news e democrazia: solo l'educazione digitale ci salver\u00e0 - intoscana\",\"isPartOf\":{\"@id\":\"https:\/\/www.intoscana.it\/it\/#website\"},\"primaryImageOfPage\":{\"@id\":\"https:\/\/www.intoscana.it\/it\/fake-news\/#primaryimage\"},\"image\":{\"@id\":\"https:\/\/www.intoscana.it\/it\/fake-news\/#primaryimage\"},\"thumbnailUrl\":\"https:\/\/www.intoscana.it\/wp-content\/uploads\/cdcfd37a029996f8006f7c7792892075-14.jpg\",\"datePublished\":\"2019-10-12T12:37:01+00:00\",\"dateModified\":\"2020-05-19T14:05:01+00:00\",\"author\":{\"@id\":\"https:\/\/www.intoscana.it\/it\/#\/schema\/person\/de95e1ed2c1c8c30a6922bbba3a90185\"},\"breadcrumb\":{\"@id\":\"https:\/\/www.intoscana.it\/it\/fake-news\/#breadcrumb\"},\"inLanguage\":\"it-IT\",\"potentialAction\":[{\"@type\":\"ReadAction\",\"target\":[\"https:\/\/www.intoscana.it\/it\/fake-news\/\"]}]},{\"@type\":\"ImageObject\",\"inLanguage\":\"it-IT\",\"@id\":\"https:\/\/www.intoscana.it\/it\/fake-news\/#primaryimage\",\"url\":\"https:\/\/www.intoscana.it\/wp-content\/uploads\/cdcfd37a029996f8006f7c7792892075-14.jpg\",\"contentUrl\":\"https:\/\/www.intoscana.it\/wp-content\/uploads\/cdcfd37a029996f8006f7c7792892075-14.jpg\",\"width\":599,\"height\":337,\"caption\":\"Computer\"},{\"@type\":\"BreadcrumbList\",\"@id\":\"https:\/\/www.intoscana.it\/it\/fake-news\/#breadcrumb\",\"itemListElement\":[{\"@type\":\"ListItem\",\"position\":1,\"name\":\"Home\",\"item\":\"https:\/\/www.intoscana.it\/it\/\"},{\"@type\":\"ListItem\",\"position\":2,\"name\":\"Fake news e democrazia: solo l&#8217;educazione digitale ci salver\u00e0\"}]},{\"@type\":\"WebSite\",\"@id\":\"https:\/\/www.intoscana.it\/it\/#website\",\"url\":\"https:\/\/www.intoscana.it\/it\/\",\"name\":\"intoscana\",\"description\":\"\",\"potentialAction\":[{\"@type\":\"SearchAction\",\"target\":{\"@type\":\"EntryPoint\",\"urlTemplate\":\"https:\/\/www.intoscana.it\/it\/?s={search_term_string}\"},\"query-input\":{\"@type\":\"PropertyValueSpecification\",\"valueRequired\":true,\"valueName\":\"search_term_string\"}}],\"inLanguage\":\"it-IT\"},{\"@type\":\"Person\",\"@id\":\"https:\/\/www.intoscana.it\/it\/#\/schema\/person\/de95e1ed2c1c8c30a6922bbba3a90185\",\"name\":\"Ilaria Giannini\",\"sameAs\":[\"https:\/\/x.com\/i.giannini@fst.it\"],\"url\":\"https:\/\/www.intoscana.it\/it\/author\/ilaria-giannini\/\"}]}<\/script>\n<!-- \/ Yoast SEO Premium plugin. -->","yoast_head_json":{"title":"Fake news e democrazia: solo l'educazione digitale ci salver\u00e0 - intoscana","robots":{"index":"index","follow":"follow","max-snippet":"max-snippet:-1","max-image-preview":"max-image-preview:large","max-video-preview":"max-video-preview:-1"},"canonical":"https:\/\/www.intoscana.it\/it\/fake-news\/","og_locale":"it_IT","og_type":"article","og_title":"Fake news e democrazia: solo l'educazione digitale ci salver\u00e0","og_description":"A Internet Festival esperti di comunicazione a confronto sul fenomeno delle bufale e sulla disinformazione, che inquina l'opinione pubblica e inficia anche i processi democratici","og_url":"https:\/\/www.intoscana.it\/it\/fake-news\/","og_site_name":"intoscana","article_publisher":"https:\/\/www.facebook.com\/intoscana.it","article_published_time":"2019-10-12T12:37:01+00:00","article_modified_time":"2020-05-19T14:05:01+00:00","og_image":[{"width":599,"height":337,"url":"https:\/\/www.intoscana.it\/wp-content\/uploads\/cdcfd37a029996f8006f7c7792892075-14.jpg","type":"image\/jpeg"}],"author":"Ilaria Giannini","twitter_card":"summary_large_image","twitter_creator":"@i.giannini@fst.it","twitter_site":"@intoscana","twitter_misc":{"Written by":"Ilaria Giannini","Est. reading time":"2 minuti"},"schema":{"@context":"https:\/\/schema.org","@graph":[{"@type":"WebPage","@id":"https:\/\/www.intoscana.it\/it\/fake-news\/","url":"https:\/\/www.intoscana.it\/it\/fake-news\/","name":"Fake news e democrazia: solo l'educazione digitale ci salver\u00e0 - intoscana","isPartOf":{"@id":"https:\/\/www.intoscana.it\/it\/#website"},"primaryImageOfPage":{"@id":"https:\/\/www.intoscana.it\/it\/fake-news\/#primaryimage"},"image":{"@id":"https:\/\/www.intoscana.it\/it\/fake-news\/#primaryimage"},"thumbnailUrl":"https:\/\/www.intoscana.it\/wp-content\/uploads\/cdcfd37a029996f8006f7c7792892075-14.jpg","datePublished":"2019-10-12T12:37:01+00:00","dateModified":"2020-05-19T14:05:01+00:00","author":{"@id":"https:\/\/www.intoscana.it\/it\/#\/schema\/person\/de95e1ed2c1c8c30a6922bbba3a90185"},"breadcrumb":{"@id":"https:\/\/www.intoscana.it\/it\/fake-news\/#breadcrumb"},"inLanguage":"it-IT","potentialAction":[{"@type":"ReadAction","target":["https:\/\/www.intoscana.it\/it\/fake-news\/"]}]},{"@type":"ImageObject","inLanguage":"it-IT","@id":"https:\/\/www.intoscana.it\/it\/fake-news\/#primaryimage","url":"https:\/\/www.intoscana.it\/wp-content\/uploads\/cdcfd37a029996f8006f7c7792892075-14.jpg","contentUrl":"https:\/\/www.intoscana.it\/wp-content\/uploads\/cdcfd37a029996f8006f7c7792892075-14.jpg","width":599,"height":337,"caption":"Computer"},{"@type":"BreadcrumbList","@id":"https:\/\/www.intoscana.it\/it\/fake-news\/#breadcrumb","itemListElement":[{"@type":"ListItem","position":1,"name":"Home","item":"https:\/\/www.intoscana.it\/it\/"},{"@type":"ListItem","position":2,"name":"Fake news e democrazia: solo l&#8217;educazione digitale ci salver\u00e0"}]},{"@type":"WebSite","@id":"https:\/\/www.intoscana.it\/it\/#website","url":"https:\/\/www.intoscana.it\/it\/","name":"intoscana","description":"","potentialAction":[{"@type":"SearchAction","target":{"@type":"EntryPoint","urlTemplate":"https:\/\/www.intoscana.it\/it\/?s={search_term_string}"},"query-input":{"@type":"PropertyValueSpecification","valueRequired":true,"valueName":"search_term_string"}}],"inLanguage":"it-IT"},{"@type":"Person","@id":"https:\/\/www.intoscana.it\/it\/#\/schema\/person\/de95e1ed2c1c8c30a6922bbba3a90185","name":"Ilaria Giannini","sameAs":["https:\/\/x.com\/i.giannini@fst.it"],"url":"https:\/\/www.intoscana.it\/it\/author\/ilaria-giannini\/"}]}},"_links":{"self":[{"href":"https:\/\/www.intoscana.it\/it\/wp-json\/wp\/v2\/posts\/67060","targetHints":{"allow":["GET"]}}],"collection":[{"href":"https:\/\/www.intoscana.it\/it\/wp-json\/wp\/v2\/posts"}],"about":[{"href":"https:\/\/www.intoscana.it\/it\/wp-json\/wp\/v2\/types\/post"}],"author":[{"embeddable":true,"href":"https:\/\/www.intoscana.it\/it\/wp-json\/wp\/v2\/users\/502"}],"replies":[{"embeddable":true,"href":"https:\/\/www.intoscana.it\/it\/wp-json\/wp\/v2\/comments?post=67060"}],"version-history":[{"count":0,"href":"https:\/\/www.intoscana.it\/it\/wp-json\/wp\/v2\/posts\/67060\/revisions"}],"wp:featuredmedia":[{"embeddable":true,"href":"https:\/\/www.intoscana.it\/it\/wp-json\/wp\/v2\/media\/104584"}],"wp:attachment":[{"href":"https:\/\/www.intoscana.it\/it\/wp-json\/wp\/v2\/media?parent=67060"}],"wp:term":[{"taxonomy":"category","embeddable":true,"href":"https:\/\/www.intoscana.it\/it\/wp-json\/wp\/v2\/categories?post=67060"},{"taxonomy":"post_tag","embeddable":true,"href":"https:\/\/www.intoscana.it\/it\/wp-json\/wp\/v2\/tags?post=67060"}],"curies":[{"name":"wp","href":"https:\/\/api.w.org\/{rel}","templated":true}]}}