{"id":67124,"date":"2020-02-07T10:53:51","date_gmt":"2020-02-07T10:53:51","guid":{"rendered":"http:\/\/www.intoscana.it\/a-pisa-lintelligenza-artificiale-contro-i-cambiamenti-climatici\/"},"modified":"2020-05-18T09:33:46","modified_gmt":"2020-05-18T07:33:46","slug":"a-pisa-lintelligenza-artificiale-contro-i-cambiamenti-climatici","status":"publish","type":"post","link":"https:\/\/www.intoscana.it\/it\/a-pisa-lintelligenza-artificiale-contro-i-cambiamenti-climatici\/","title":{"rendered":"A Pisa l&#8217;intelligenza artificiale contro i cambiamenti climatici"},"content":{"rendered":"<p>Sono aperte le candidature per partecipare alla tappa pisana del <strong>Talent\u2019s Tour di Fondazione Mondo Digitale e Invitalia<\/strong>, dal titolo <strong>&#8220;Artificial Intelligence and robotics for climate change&#8221;,<\/strong> che si terr\u00e0 <strong>venerd\u00ec 14 febbraio al Polo didattico Porta Nuova.<\/strong> Promossa in collaborazione con l<strong>&#8216;Universit\u00e0 di Pisa<\/strong>, la manifestazione \u00e8 <strong>una sfida in cui studenti e ricercatori, giovani talenti e startupper cercheranno di sfruttare le potenzialit\u00e0 dell&#8217;intelligenza artificiale e della robotica<\/strong> nel contrasto al <strong>cambiamento climatico<\/strong>, realizzando idee innovative che mirino a ridurre l\u2019impatto ambientale dell\u2019economia e alla responsabilizzazione dei comportamenti dei cittadini-consumatori, secondo i principi di eco sostenibilit\u00e0 e inclusione. <\/p>\n<p><strong>\u00c8 possibile candidarsi all&#8217;hackathon online all&#8217;indirizzo romecup.org\/hackathon<\/strong>, individualmente o in team, proponendo un\u2019idea di prototipo accompagnata da un modello di business. I partecipanti selezionati avranno otto ore di tempo per sviluppare le idee innovative e il team vincitore avr\u00e0 accesso diretto alla sfida in programma a Roma durante la RomeCup 2020. <\/p>\n<p><strong>Tutti i selezionati si daranno appuntamento a Roma, dal 21 al 24 aprile in occasione della RomeCup 2020,<\/strong> per la sfida finale: ai team vincitori sar\u00e0 riconosciuto un contributo economico e la possibilit\u00e0 di essere accompagnati da Invitalia in un percorso di follow up dell\u2019idea di business.<\/p>\n<p>\u201cQuesto progetto &#8211; sostiene <strong>Alfonso Molina, direttore scientifico della Fondazione Mondo Digitale<\/strong> &#8211; ci sta particolarmente a cuore perch\u00e9 coniuga lo spirito imprenditoriale dei pi\u00f9 giovani e le potenzialit\u00e0 delle nuove tecnologie con le grandi sfide del nostro tempo, come quelle legate all\u2019ambiente e alla sostenibilit\u00e0. Da anni con i nostri programmi ci proponiamo infatti non solo di diffondere le competenze digitali, ma anche di <strong>formare nuove generazioni responsabili e consapevoli del proprio ruolo sociale\u201d.<\/strong><\/p>\n<p>\u201cInvitalia \u00e8 impegnata in tutte le fasi dell\u2019ecosistema innovativo italiano &#8211; commenta <strong>Marco De Guzzis, responsabile Area sviluppo, mercato e servizi di Invitalia &#8211;<\/strong> abbiamo contribuito a far nascere oltre 6.000 nuove imprese tra cui circa 1.000 start up innovative e in partnership con Elite Borsa Italiana ne stiamo accompagnando 100 nella fase di scaleup. Un\u2019attenzione particolare \u00e8 riservata al tema dell\u2019emersione dei talenti e in tal senso siamo orgogliosi di sostenere <strong>il Talent\u2019s Tour che apre nuove prospettive agli startupper con un tutoraggio dedicato alle migliori idee presentate\u201d.<\/strong><\/p>\n","protected":false},"excerpt":{"rendered":"<p>Venerd\u00ec 14 febbraio arriva nella citt\u00e0 toscana al Polo didattico Porta Nuova il Talent&#8217;s Tour di Fondazione Mondo Digitale e Invitalia&nbsp;<\/p>\n","protected":false},"author":525,"featured_media":104648,"comment_status":"open","ping_status":"open","sticky":false,"template":"","format":"standard","meta":{"_acf_changed":false,"footnotes":""},"categories":[475,15],"tags":[],"class_list":["post-67124","post","type-post","status-publish","format-standard","has-post-thumbnail","hentry","category-innovazione","category-tecnologia"],"acf":[],"yoast_head":"<!-- This site is optimized with the Yoast SEO Premium plugin v24.2 (Yoast SEO v25.6) - https:\/\/yoast.com\/wordpress\/plugins\/seo\/ -->\n<title>A Pisa l&#039;intelligenza artificiale contro i cambiamenti climatici - intoscana<\/title>\n<meta name=\"robots\" content=\"index, follow, max-snippet:-1, max-image-preview:large, max-video-preview:-1\" \/>\n<link rel=\"canonical\" href=\"https:\/\/www.intoscana.it\/it\/a-pisa-lintelligenza-artificiale-contro-i-cambiamenti-climatici\/\" \/>\n<meta property=\"og:locale\" content=\"it_IT\" \/>\n<meta property=\"og:type\" content=\"article\" \/>\n<meta property=\"og:title\" content=\"A Pisa l&#039;intelligenza artificiale contro i cambiamenti climatici\" \/>\n<meta property=\"og:description\" content=\"Venerd\u00ec 14 febbraio arriva nella citt\u00e0 toscana al Polo didattico Porta Nuova il Talent&#039;s Tour di Fondazione Mondo Digitale e Invitalia&nbsp;\" \/>\n<meta property=\"og:url\" content=\"https:\/\/www.intoscana.it\/it\/a-pisa-lintelligenza-artificiale-contro-i-cambiamenti-climatici\/\" \/>\n<meta property=\"og:site_name\" content=\"intoscana\" \/>\n<meta property=\"article:publisher\" content=\"https:\/\/www.facebook.com\/intoscana.it\" \/>\n<meta property=\"article:published_time\" content=\"2020-02-07T10:53:51+00:00\" \/>\n<meta property=\"article:modified_time\" content=\"2020-05-18T07:33:46+00:00\" \/>\n<meta property=\"og:image\" content=\"https:\/\/www.intoscana.it\/wp-content\/uploads\/henable1-770x481-4.jpg\" \/>\n\t<meta property=\"og:image:width\" content=\"770\" \/>\n\t<meta property=\"og:image:height\" content=\"481\" \/>\n\t<meta property=\"og:image:type\" content=\"image\/jpeg\" \/>\n<meta name=\"author\" content=\"Redazione\" \/>\n<meta name=\"twitter:card\" content=\"summary_large_image\" \/>\n<meta name=\"twitter:creator\" content=\"@intoscana\" \/>\n<meta name=\"twitter:site\" content=\"@intoscana\" \/>\n<meta name=\"twitter:label1\" content=\"Written by\" \/>\n\t<meta name=\"twitter:data1\" content=\"Redazione\" \/>\n\t<meta name=\"twitter:label2\" content=\"Est. reading time\" \/>\n\t<meta name=\"twitter:data2\" content=\"2 minuti\" \/>\n<script type=\"application\/ld+json\" class=\"yoast-schema-graph\">{\"@context\":\"https:\/\/schema.org\",\"@graph\":[{\"@type\":\"WebPage\",\"@id\":\"https:\/\/www.intoscana.it\/it\/a-pisa-lintelligenza-artificiale-contro-i-cambiamenti-climatici\/\",\"url\":\"https:\/\/www.intoscana.it\/it\/a-pisa-lintelligenza-artificiale-contro-i-cambiamenti-climatici\/\",\"name\":\"A Pisa l'intelligenza artificiale contro i cambiamenti climatici - intoscana\",\"isPartOf\":{\"@id\":\"https:\/\/www.intoscana.it\/it\/#website\"},\"primaryImageOfPage\":{\"@id\":\"https:\/\/www.intoscana.it\/it\/a-pisa-lintelligenza-artificiale-contro-i-cambiamenti-climatici\/#primaryimage\"},\"image\":{\"@id\":\"https:\/\/www.intoscana.it\/it\/a-pisa-lintelligenza-artificiale-contro-i-cambiamenti-climatici\/#primaryimage\"},\"thumbnailUrl\":\"https:\/\/www.intoscana.it\/wp-content\/uploads\/henable1-770x481-4.jpg\",\"datePublished\":\"2020-02-07T10:53:51+00:00\",\"dateModified\":\"2020-05-18T07:33:46+00:00\",\"author\":{\"@id\":\"https:\/\/www.intoscana.it\/it\/#\/schema\/person\/9223810753230f20bd670fdd322661f8\"},\"breadcrumb\":{\"@id\":\"https:\/\/www.intoscana.it\/it\/a-pisa-lintelligenza-artificiale-contro-i-cambiamenti-climatici\/#breadcrumb\"},\"inLanguage\":\"it-IT\",\"potentialAction\":[{\"@type\":\"ReadAction\",\"target\":[\"https:\/\/www.intoscana.it\/it\/a-pisa-lintelligenza-artificiale-contro-i-cambiamenti-climatici\/\"]}]},{\"@type\":\"ImageObject\",\"inLanguage\":\"it-IT\",\"@id\":\"https:\/\/www.intoscana.it\/it\/a-pisa-lintelligenza-artificiale-contro-i-cambiamenti-climatici\/#primaryimage\",\"url\":\"https:\/\/www.intoscana.it\/wp-content\/uploads\/henable1-770x481-4.jpg\",\"contentUrl\":\"https:\/\/www.intoscana.it\/wp-content\/uploads\/henable1-770x481-4.jpg\",\"width\":770,\"height\":481,\"caption\":\"L'intelligenza artificiale\"},{\"@type\":\"BreadcrumbList\",\"@id\":\"https:\/\/www.intoscana.it\/it\/a-pisa-lintelligenza-artificiale-contro-i-cambiamenti-climatici\/#breadcrumb\",\"itemListElement\":[{\"@type\":\"ListItem\",\"position\":1,\"name\":\"Home\",\"item\":\"https:\/\/www.intoscana.it\/it\/\"},{\"@type\":\"ListItem\",\"position\":2,\"name\":\"A Pisa l&#8217;intelligenza artificiale contro i cambiamenti climatici\"}]},{\"@type\":\"WebSite\",\"@id\":\"https:\/\/www.intoscana.it\/it\/#website\",\"url\":\"https:\/\/www.intoscana.it\/it\/\",\"name\":\"intoscana\",\"description\":\"\",\"potentialAction\":[{\"@type\":\"SearchAction\",\"target\":{\"@type\":\"EntryPoint\",\"urlTemplate\":\"https:\/\/www.intoscana.it\/it\/?s={search_term_string}\"},\"query-input\":{\"@type\":\"PropertyValueSpecification\",\"valueRequired\":true,\"valueName\":\"search_term_string\"}}],\"inLanguage\":\"it-IT\"},{\"@type\":\"Person\",\"@id\":\"https:\/\/www.intoscana.it\/it\/#\/schema\/person\/9223810753230f20bd670fdd322661f8\",\"name\":\"Redazione\",\"url\":\"https:\/\/www.intoscana.it\/it\/author\/redazione\/\"}]}<\/script>\n<!-- \/ Yoast SEO Premium plugin. -->","yoast_head_json":{"title":"A Pisa l'intelligenza artificiale contro i cambiamenti climatici - intoscana","robots":{"index":"index","follow":"follow","max-snippet":"max-snippet:-1","max-image-preview":"max-image-preview:large","max-video-preview":"max-video-preview:-1"},"canonical":"https:\/\/www.intoscana.it\/it\/a-pisa-lintelligenza-artificiale-contro-i-cambiamenti-climatici\/","og_locale":"it_IT","og_type":"article","og_title":"A Pisa l'intelligenza artificiale contro i cambiamenti climatici","og_description":"Venerd\u00ec 14 febbraio arriva nella citt\u00e0 toscana al Polo didattico Porta Nuova il Talent's Tour di Fondazione Mondo Digitale e Invitalia&nbsp;","og_url":"https:\/\/www.intoscana.it\/it\/a-pisa-lintelligenza-artificiale-contro-i-cambiamenti-climatici\/","og_site_name":"intoscana","article_publisher":"https:\/\/www.facebook.com\/intoscana.it","article_published_time":"2020-02-07T10:53:51+00:00","article_modified_time":"2020-05-18T07:33:46+00:00","og_image":[{"width":770,"height":481,"url":"https:\/\/www.intoscana.it\/wp-content\/uploads\/henable1-770x481-4.jpg","type":"image\/jpeg"}],"author":"Redazione","twitter_card":"summary_large_image","twitter_creator":"@intoscana","twitter_site":"@intoscana","twitter_misc":{"Written by":"Redazione","Est. reading time":"2 minuti"},"schema":{"@context":"https:\/\/schema.org","@graph":[{"@type":"WebPage","@id":"https:\/\/www.intoscana.it\/it\/a-pisa-lintelligenza-artificiale-contro-i-cambiamenti-climatici\/","url":"https:\/\/www.intoscana.it\/it\/a-pisa-lintelligenza-artificiale-contro-i-cambiamenti-climatici\/","name":"A Pisa l'intelligenza artificiale contro i cambiamenti climatici - intoscana","isPartOf":{"@id":"https:\/\/www.intoscana.it\/it\/#website"},"primaryImageOfPage":{"@id":"https:\/\/www.intoscana.it\/it\/a-pisa-lintelligenza-artificiale-contro-i-cambiamenti-climatici\/#primaryimage"},"image":{"@id":"https:\/\/www.intoscana.it\/it\/a-pisa-lintelligenza-artificiale-contro-i-cambiamenti-climatici\/#primaryimage"},"thumbnailUrl":"https:\/\/www.intoscana.it\/wp-content\/uploads\/henable1-770x481-4.jpg","datePublished":"2020-02-07T10:53:51+00:00","dateModified":"2020-05-18T07:33:46+00:00","author":{"@id":"https:\/\/www.intoscana.it\/it\/#\/schema\/person\/9223810753230f20bd670fdd322661f8"},"breadcrumb":{"@id":"https:\/\/www.intoscana.it\/it\/a-pisa-lintelligenza-artificiale-contro-i-cambiamenti-climatici\/#breadcrumb"},"inLanguage":"it-IT","potentialAction":[{"@type":"ReadAction","target":["https:\/\/www.intoscana.it\/it\/a-pisa-lintelligenza-artificiale-contro-i-cambiamenti-climatici\/"]}]},{"@type":"ImageObject","inLanguage":"it-IT","@id":"https:\/\/www.intoscana.it\/it\/a-pisa-lintelligenza-artificiale-contro-i-cambiamenti-climatici\/#primaryimage","url":"https:\/\/www.intoscana.it\/wp-content\/uploads\/henable1-770x481-4.jpg","contentUrl":"https:\/\/www.intoscana.it\/wp-content\/uploads\/henable1-770x481-4.jpg","width":770,"height":481,"caption":"L'intelligenza artificiale"},{"@type":"BreadcrumbList","@id":"https:\/\/www.intoscana.it\/it\/a-pisa-lintelligenza-artificiale-contro-i-cambiamenti-climatici\/#breadcrumb","itemListElement":[{"@type":"ListItem","position":1,"name":"Home","item":"https:\/\/www.intoscana.it\/it\/"},{"@type":"ListItem","position":2,"name":"A Pisa l&#8217;intelligenza artificiale contro i cambiamenti climatici"}]},{"@type":"WebSite","@id":"https:\/\/www.intoscana.it\/it\/#website","url":"https:\/\/www.intoscana.it\/it\/","name":"intoscana","description":"","potentialAction":[{"@type":"SearchAction","target":{"@type":"EntryPoint","urlTemplate":"https:\/\/www.intoscana.it\/it\/?s={search_term_string}"},"query-input":{"@type":"PropertyValueSpecification","valueRequired":true,"valueName":"search_term_string"}}],"inLanguage":"it-IT"},{"@type":"Person","@id":"https:\/\/www.intoscana.it\/it\/#\/schema\/person\/9223810753230f20bd670fdd322661f8","name":"Redazione","url":"https:\/\/www.intoscana.it\/it\/author\/redazione\/"}]}},"_links":{"self":[{"href":"https:\/\/www.intoscana.it\/it\/wp-json\/wp\/v2\/posts\/67124","targetHints":{"allow":["GET"]}}],"collection":[{"href":"https:\/\/www.intoscana.it\/it\/wp-json\/wp\/v2\/posts"}],"about":[{"href":"https:\/\/www.intoscana.it\/it\/wp-json\/wp\/v2\/types\/post"}],"author":[{"embeddable":true,"href":"https:\/\/www.intoscana.it\/it\/wp-json\/wp\/v2\/users\/525"}],"replies":[{"embeddable":true,"href":"https:\/\/www.intoscana.it\/it\/wp-json\/wp\/v2\/comments?post=67124"}],"version-history":[{"count":0,"href":"https:\/\/www.intoscana.it\/it\/wp-json\/wp\/v2\/posts\/67124\/revisions"}],"wp:featuredmedia":[{"embeddable":true,"href":"https:\/\/www.intoscana.it\/it\/wp-json\/wp\/v2\/media\/104648"}],"wp:attachment":[{"href":"https:\/\/www.intoscana.it\/it\/wp-json\/wp\/v2\/media?parent=67124"}],"wp:term":[{"taxonomy":"category","embeddable":true,"href":"https:\/\/www.intoscana.it\/it\/wp-json\/wp\/v2\/categories?post=67124"},{"taxonomy":"post_tag","embeddable":true,"href":"https:\/\/www.intoscana.it\/it\/wp-json\/wp\/v2\/tags?post=67124"}],"curies":[{"name":"wp","href":"https:\/\/api.w.org\/{rel}","templated":true}]}}