{"id":67131,"date":"2020-02-07T13:54:05","date_gmt":"2020-02-07T13:54:05","guid":{"rendered":"http:\/\/www.intoscana.it\/la-toscana-nello-spazio-con-la-solar-orbiter-parte-nuova-sfida-europea\/"},"modified":"2020-05-19T16:05:06","modified_gmt":"2020-05-19T14:05:06","slug":"sonda-solar-orbiter","status":"publish","type":"post","link":"https:\/\/www.intoscana.it\/it\/sonda-solar-orbiter\/","title":{"rendered":"La Toscana nello spazio con la Solar Orbiter: parte nuova sfida europea"},"content":{"rendered":"<p>Dopo dieci anni di sviluppo, realizzazione e test,<strong> sta per decollare da Cape Canaveral in Florida \u2013 il lancio \u00e8 previsto per domenica 9 febbraio \u2013 la sonda interplanetaria \u201cSolar Orbiter\u201d<\/strong> per una missione <strong>a caccia dei segreti del Sole<\/strong> realizzata dell\u2019<strong>Agenzia spaziale europea (ESA)<\/strong>, cui ha contribuito in modo significativo la ricerca dell\u2019Universit\u00e0 di Firenze.<\/p>\n<p>Sulla sonda, insieme ad altre strumentazioni scientifiche,<strong> \u00e8 montato il coronografo Metis, cio\u00e8 il telescopio che osserver\u00e0 la corona,<\/strong> la parte pi\u00f9 esterna dell\u2019atmosfera solare: <strong>principal investigator di Metis \u00e8 Marco Romoli, docente di Astrofisica all\u2019Ateneo fiorentino<\/strong> e associato dell\u2019Istituto Nazionale di Astrofisica (INAF).<\/p>\n<p><strong>\u201cIl coronografo<\/strong> \u2013 spiega Romoli &#8211;<strong> crea un\u2019eclisse artificiale, che nasconde il Sole e permette l\u2019osservazione dell\u2019emissione della corona solare,<\/strong> milioni di volte meno intensa di quella del disco solare. Grazie ad un innovativo ed ingegnoso disegno ottico,<strong> M<\/strong>etis \u00e8 il primo coronografo progettato per ottenere immagini della corona solare in luce visibile e ultravioletta.<strong> Le sue osservazioni saranno cruciali per arrivare finalmente a capire i meccanismi di innesco e accelerazione delle eruzioni solari,<\/strong> che causano violente perturbazioni nell\u2019eliosfera, disturbando la magnetosfera terrestre fino a provocare le tempeste geomagnetiche\u201d.<\/p>\n<p><strong>Il coronografo solare \u00e8 un progetto a firma prevalentemente italiana<\/strong>, finanziato dall\u2019Agenzia Spaziale Italiana tramite l\u2019INAF, progettato da ricercatori di vari osservatori e atenei italiani e prodotto da un consorzio di industrie nazionali guidato <strong>da OHB Italia e Thales Alenia Space.<\/strong><\/p>\n<p><strong>Il lancio della Sonda Solar Orbiter,<\/strong> che raggiunger\u00e0 per la prima volta la distanza dal Sole di 0.28 unit\u00e0 astronomiche e l\u2019inclinazione rispetto all\u2019eclittica fino a 35 gradi, <strong>avverr\u00e0 a bordo di un razzo Atlas V.<\/strong><\/p>\n","protected":false},"excerpt":{"rendered":"<p>Porta anche la firma dell\u2019Universit\u00e0 di Firenze la sonda interplanetaria che indagher\u00e0 i segreti del Sole<\/p>\n","protected":false},"author":525,"featured_media":104655,"comment_status":"open","ping_status":"open","sticky":false,"template":"","format":"standard","meta":{"_acf_changed":false,"footnotes":""},"categories":[475,15],"tags":[],"class_list":["post-67131","post","type-post","status-publish","format-standard","has-post-thumbnail","hentry","category-innovazione","category-tecnologia"],"acf":[],"yoast_head":"<!-- This site is optimized with the Yoast SEO Premium plugin v24.2 (Yoast SEO v25.6) - https:\/\/yoast.com\/wordpress\/plugins\/seo\/ -->\n<title>La Toscana nello spazio con la Solar Orbiter: parte nuova sfida europea - intoscana<\/title>\n<meta name=\"robots\" content=\"index, follow, max-snippet:-1, max-image-preview:large, max-video-preview:-1\" \/>\n<link rel=\"canonical\" href=\"https:\/\/www.intoscana.it\/it\/sonda-solar-orbiter\/\" \/>\n<meta property=\"og:locale\" content=\"it_IT\" \/>\n<meta property=\"og:type\" content=\"article\" \/>\n<meta property=\"og:title\" content=\"La Toscana nello spazio con la Solar Orbiter: parte nuova sfida europea\" \/>\n<meta property=\"og:description\" content=\"Porta anche la firma dell\u2019Universit\u00e0 di Firenze la sonda interplanetaria che indagher\u00e0 i segreti del Sole\" \/>\n<meta property=\"og:url\" content=\"https:\/\/www.intoscana.it\/it\/sonda-solar-orbiter\/\" \/>\n<meta property=\"og:site_name\" content=\"intoscana\" \/>\n<meta property=\"article:publisher\" content=\"https:\/\/www.facebook.com\/intoscana.it\" \/>\n<meta property=\"article:published_time\" content=\"2020-02-07T13:54:05+00:00\" \/>\n<meta property=\"article:modified_time\" content=\"2020-05-19T14:05:06+00:00\" \/>\n<meta property=\"og:image\" content=\"https:\/\/www.intoscana.it\/wp-content\/uploads\/la-sonda-solar-orbiter-2.jpg\" \/>\n\t<meta property=\"og:image:width\" content=\"853\" \/>\n\t<meta property=\"og:image:height\" content=\"826\" \/>\n\t<meta property=\"og:image:type\" content=\"image\/jpeg\" \/>\n<meta name=\"author\" content=\"Redazione\" \/>\n<meta name=\"twitter:card\" content=\"summary_large_image\" \/>\n<meta name=\"twitter:creator\" content=\"@intoscana\" \/>\n<meta name=\"twitter:site\" content=\"@intoscana\" \/>\n<meta name=\"twitter:label1\" content=\"Written by\" \/>\n\t<meta name=\"twitter:data1\" content=\"Redazione\" \/>\n\t<meta name=\"twitter:label2\" content=\"Est. reading time\" \/>\n\t<meta name=\"twitter:data2\" content=\"1 minuto\" \/>\n<script type=\"application\/ld+json\" class=\"yoast-schema-graph\">{\"@context\":\"https:\/\/schema.org\",\"@graph\":[{\"@type\":\"WebPage\",\"@id\":\"https:\/\/www.intoscana.it\/it\/sonda-solar-orbiter\/\",\"url\":\"https:\/\/www.intoscana.it\/it\/sonda-solar-orbiter\/\",\"name\":\"La Toscana nello spazio con la Solar Orbiter: parte nuova sfida europea - intoscana\",\"isPartOf\":{\"@id\":\"https:\/\/www.intoscana.it\/it\/#website\"},\"primaryImageOfPage\":{\"@id\":\"https:\/\/www.intoscana.it\/it\/sonda-solar-orbiter\/#primaryimage\"},\"image\":{\"@id\":\"https:\/\/www.intoscana.it\/it\/sonda-solar-orbiter\/#primaryimage\"},\"thumbnailUrl\":\"https:\/\/www.intoscana.it\/wp-content\/uploads\/la-sonda-solar-orbiter-2.jpg\",\"datePublished\":\"2020-02-07T13:54:05+00:00\",\"dateModified\":\"2020-05-19T14:05:06+00:00\",\"author\":{\"@id\":\"https:\/\/www.intoscana.it\/it\/#\/schema\/person\/9223810753230f20bd670fdd322661f8\"},\"breadcrumb\":{\"@id\":\"https:\/\/www.intoscana.it\/it\/sonda-solar-orbiter\/#breadcrumb\"},\"inLanguage\":\"it-IT\",\"potentialAction\":[{\"@type\":\"ReadAction\",\"target\":[\"https:\/\/www.intoscana.it\/it\/sonda-solar-orbiter\/\"]}]},{\"@type\":\"ImageObject\",\"inLanguage\":\"it-IT\",\"@id\":\"https:\/\/www.intoscana.it\/it\/sonda-solar-orbiter\/#primaryimage\",\"url\":\"https:\/\/www.intoscana.it\/wp-content\/uploads\/la-sonda-solar-orbiter-2.jpg\",\"contentUrl\":\"https:\/\/www.intoscana.it\/wp-content\/uploads\/la-sonda-solar-orbiter-2.jpg\",\"width\":853,\"height\":826,\"caption\":\"sonda Solar Orbiter\"},{\"@type\":\"BreadcrumbList\",\"@id\":\"https:\/\/www.intoscana.it\/it\/sonda-solar-orbiter\/#breadcrumb\",\"itemListElement\":[{\"@type\":\"ListItem\",\"position\":1,\"name\":\"Home\",\"item\":\"https:\/\/www.intoscana.it\/it\/\"},{\"@type\":\"ListItem\",\"position\":2,\"name\":\"La Toscana nello spazio con la Solar Orbiter: parte nuova sfida europea\"}]},{\"@type\":\"WebSite\",\"@id\":\"https:\/\/www.intoscana.it\/it\/#website\",\"url\":\"https:\/\/www.intoscana.it\/it\/\",\"name\":\"intoscana\",\"description\":\"\",\"potentialAction\":[{\"@type\":\"SearchAction\",\"target\":{\"@type\":\"EntryPoint\",\"urlTemplate\":\"https:\/\/www.intoscana.it\/it\/?s={search_term_string}\"},\"query-input\":{\"@type\":\"PropertyValueSpecification\",\"valueRequired\":true,\"valueName\":\"search_term_string\"}}],\"inLanguage\":\"it-IT\"},{\"@type\":\"Person\",\"@id\":\"https:\/\/www.intoscana.it\/it\/#\/schema\/person\/9223810753230f20bd670fdd322661f8\",\"name\":\"Redazione\",\"url\":\"https:\/\/www.intoscana.it\/it\/author\/redazione\/\"}]}<\/script>\n<!-- \/ Yoast SEO Premium plugin. -->","yoast_head_json":{"title":"La Toscana nello spazio con la Solar Orbiter: parte nuova sfida europea - intoscana","robots":{"index":"index","follow":"follow","max-snippet":"max-snippet:-1","max-image-preview":"max-image-preview:large","max-video-preview":"max-video-preview:-1"},"canonical":"https:\/\/www.intoscana.it\/it\/sonda-solar-orbiter\/","og_locale":"it_IT","og_type":"article","og_title":"La Toscana nello spazio con la Solar Orbiter: parte nuova sfida europea","og_description":"Porta anche la firma dell\u2019Universit\u00e0 di Firenze la sonda interplanetaria che indagher\u00e0 i segreti del Sole","og_url":"https:\/\/www.intoscana.it\/it\/sonda-solar-orbiter\/","og_site_name":"intoscana","article_publisher":"https:\/\/www.facebook.com\/intoscana.it","article_published_time":"2020-02-07T13:54:05+00:00","article_modified_time":"2020-05-19T14:05:06+00:00","og_image":[{"width":853,"height":826,"url":"https:\/\/www.intoscana.it\/wp-content\/uploads\/la-sonda-solar-orbiter-2.jpg","type":"image\/jpeg"}],"author":"Redazione","twitter_card":"summary_large_image","twitter_creator":"@intoscana","twitter_site":"@intoscana","twitter_misc":{"Written by":"Redazione","Est. reading time":"1 minuto"},"schema":{"@context":"https:\/\/schema.org","@graph":[{"@type":"WebPage","@id":"https:\/\/www.intoscana.it\/it\/sonda-solar-orbiter\/","url":"https:\/\/www.intoscana.it\/it\/sonda-solar-orbiter\/","name":"La Toscana nello spazio con la Solar Orbiter: parte nuova sfida europea - intoscana","isPartOf":{"@id":"https:\/\/www.intoscana.it\/it\/#website"},"primaryImageOfPage":{"@id":"https:\/\/www.intoscana.it\/it\/sonda-solar-orbiter\/#primaryimage"},"image":{"@id":"https:\/\/www.intoscana.it\/it\/sonda-solar-orbiter\/#primaryimage"},"thumbnailUrl":"https:\/\/www.intoscana.it\/wp-content\/uploads\/la-sonda-solar-orbiter-2.jpg","datePublished":"2020-02-07T13:54:05+00:00","dateModified":"2020-05-19T14:05:06+00:00","author":{"@id":"https:\/\/www.intoscana.it\/it\/#\/schema\/person\/9223810753230f20bd670fdd322661f8"},"breadcrumb":{"@id":"https:\/\/www.intoscana.it\/it\/sonda-solar-orbiter\/#breadcrumb"},"inLanguage":"it-IT","potentialAction":[{"@type":"ReadAction","target":["https:\/\/www.intoscana.it\/it\/sonda-solar-orbiter\/"]}]},{"@type":"ImageObject","inLanguage":"it-IT","@id":"https:\/\/www.intoscana.it\/it\/sonda-solar-orbiter\/#primaryimage","url":"https:\/\/www.intoscana.it\/wp-content\/uploads\/la-sonda-solar-orbiter-2.jpg","contentUrl":"https:\/\/www.intoscana.it\/wp-content\/uploads\/la-sonda-solar-orbiter-2.jpg","width":853,"height":826,"caption":"sonda Solar Orbiter"},{"@type":"BreadcrumbList","@id":"https:\/\/www.intoscana.it\/it\/sonda-solar-orbiter\/#breadcrumb","itemListElement":[{"@type":"ListItem","position":1,"name":"Home","item":"https:\/\/www.intoscana.it\/it\/"},{"@type":"ListItem","position":2,"name":"La Toscana nello spazio con la Solar Orbiter: parte nuova sfida europea"}]},{"@type":"WebSite","@id":"https:\/\/www.intoscana.it\/it\/#website","url":"https:\/\/www.intoscana.it\/it\/","name":"intoscana","description":"","potentialAction":[{"@type":"SearchAction","target":{"@type":"EntryPoint","urlTemplate":"https:\/\/www.intoscana.it\/it\/?s={search_term_string}"},"query-input":{"@type":"PropertyValueSpecification","valueRequired":true,"valueName":"search_term_string"}}],"inLanguage":"it-IT"},{"@type":"Person","@id":"https:\/\/www.intoscana.it\/it\/#\/schema\/person\/9223810753230f20bd670fdd322661f8","name":"Redazione","url":"https:\/\/www.intoscana.it\/it\/author\/redazione\/"}]}},"_links":{"self":[{"href":"https:\/\/www.intoscana.it\/it\/wp-json\/wp\/v2\/posts\/67131","targetHints":{"allow":["GET"]}}],"collection":[{"href":"https:\/\/www.intoscana.it\/it\/wp-json\/wp\/v2\/posts"}],"about":[{"href":"https:\/\/www.intoscana.it\/it\/wp-json\/wp\/v2\/types\/post"}],"author":[{"embeddable":true,"href":"https:\/\/www.intoscana.it\/it\/wp-json\/wp\/v2\/users\/525"}],"replies":[{"embeddable":true,"href":"https:\/\/www.intoscana.it\/it\/wp-json\/wp\/v2\/comments?post=67131"}],"version-history":[{"count":0,"href":"https:\/\/www.intoscana.it\/it\/wp-json\/wp\/v2\/posts\/67131\/revisions"}],"wp:featuredmedia":[{"embeddable":true,"href":"https:\/\/www.intoscana.it\/it\/wp-json\/wp\/v2\/media\/104655"}],"wp:attachment":[{"href":"https:\/\/www.intoscana.it\/it\/wp-json\/wp\/v2\/media?parent=67131"}],"wp:term":[{"taxonomy":"category","embeddable":true,"href":"https:\/\/www.intoscana.it\/it\/wp-json\/wp\/v2\/categories?post=67131"},{"taxonomy":"post_tag","embeddable":true,"href":"https:\/\/www.intoscana.it\/it\/wp-json\/wp\/v2\/tags?post=67131"}],"curies":[{"name":"wp","href":"https:\/\/api.w.org\/{rel}","templated":true}]}}