{"id":67242,"date":"2019-06-29T09:39:22","date_gmt":"2019-06-29T09:39:22","guid":{"rendered":"http:\/\/www.intoscana.it\/siena-e-monte-argentario-firmano-un-protocollo-per-il-turismo-nautico\/"},"modified":"2020-05-18T09:34:15","modified_gmt":"2020-05-18T07:34:15","slug":"siena-e-monte-argentario-firmano-un-protocollo-per-il-turismo-nautico","status":"publish","type":"post","link":"https:\/\/www.intoscana.it\/it\/siena-e-monte-argentario-firmano-un-protocollo-per-il-turismo-nautico\/","title":{"rendered":"Siena e Monte Argentario firmano un protocollo per il turismo nautico"},"content":{"rendered":"<p><strong>Fare rete tra i territori per sviluppare le potenzialit\u00e0 del settore del turismo nautico<\/strong>. Questo l\u2019obiettivo del protocollo di intesa, firmato a Porto Santo Stefano, tra il Comune di Siena e il Comune di Monte Argentario, per realizzare <strong>un prodotto turistico omogeneo collegato al progetto PortArgentario.<\/strong> A sottoscriverlo gli assessori al Turismo di Monte Argentario, Francesca Ballini, e Siena, Alberto Tirelli, il direttore tecnico di PortArgentario Fabrizio Palombo, e il presidente dello Yacht Club Santo Stefano, Piero Chiozzi. <\/p>\n<p><strong>Il progetto PortArgentario<\/strong> nasce dalla collaborazione tra <strong>l\u2019Autorit\u00e0 Portuale Regionale Toscana e il Comune di Monte Argentario e interessa i porti di Porto S. Stefano e Porto Ercole<\/strong> con l\u2019obiettivo comune di sviluppare la promozione del turismo nautico legato alle navi da crociera, attraverso una collaborazione tra enti pubblici e privati.<strong> I due porti gi\u00e0 accolgono navi da crociera e superyacht,<\/strong> e grazie alla loro ubicazione, con un porto riparato dai quadranti del nord e l\u2019altro da quelli del sud, possono garantire l\u2019approdo con ogni condizione meteorologica. Una volta attraccati, l\u2019obiettivo \u00e8 quello di proporre ai visitatori <strong>un\u2019offerta omogenea dalla Maremma fino a Siena.<\/strong><\/p>\n<p>Grazie al protocollo <strong>si mettono insieme le potenzialit\u00e0 degli ambiti turistici della Maremma e delle Terre di Siena<\/strong> (che coinvolge 9 amministrazioni e di cui la citt\u00e0 del Palio \u00e8 capofila), che, insieme, possono offrire numerosi elementi di grande richiamo dal punto di vista <strong>ambientale, storico, culturale, enogastronomico, paesaggistico, archeologico e termale. <\/strong>In particolare <strong>Siena avr\u00e0 la possibilit\u00e0 di veicolare la propria offerta turistica e culturale a un&#8217;utenza di particolare valenza economica,<\/strong> come quella legata alle navi da crociera ed ai superyacht, anche attraverso il coinvolgimento dei tour operator e degli operatori economici presenti sul territorio. Al protocollo, che avr\u00e0 una durata di cinque anni, hanno aderito, oltre ai comuni di <strong>Siena e Monte Argentario<\/strong>, quelli di <strong>Grosseto, Orbetello, Isola del Giglio, Capalbio, Castiglione della Pescaia, Manciano, Pitigliano, Roccalbegna, Santa Fiora, Cinigiano e Civitella Paganico.<\/strong><\/p>\n<p>\u201cSono molto orgogliosa di accogliere l\u2019adesione di Siena al progetto PortArgentario, un\u2019iniziativa nata tre anni fa con l\u2019intenzione di valorizzare l\u2019arrivo di navi da crociera medio-piccole e superyacht\u201d, ha esordito Francesca Ballini ringraziando l\u2019amministrazione senese. \u201c<strong>Ad oggi hanno aderito al progetto il Comune di Grosseto e numerose amministrazioni della Maremma toscana,<\/strong> in modo da offrire, in pochi kilometri, <strong>un\u2019offerta turistica ed esperenziale che va dal mare alla montagna, dall\u2019ambiente alle terme<\/strong> e adesso, con la partecipazione di Siena, anche alle bellezze storiche e artistiche di cui la citt\u00e0 \u00e8 cos\u00ec ricca. Possiamo dire che siamo in grado di offrire un pacchetto completo ai turisti&#8221;, ha aggiunto.<\/p>\n<p>\u201cFin dal mio insediamento ho lavorato per allargare le strategie turistiche oltre i confini comunali perch\u00e9 per essere competitivi \u00e8 necessario ragionare con progetti sovracomunali, tanto che adesso abbiamo anche un ufficio dedicato. In questo modo possiamo cogliere occasioni come quella che oggi ci vede protagonisti insieme al Comune di Monte Argentario\u201d, ha commentato Alberto Tirelli, ricordando che proprio ieri il protocollo \u00e8 stato approvato dalla giunta comunale senese. \u201cL\u2019obiettivo di questo accordo \u00e8 quello di sollecitare i turisti a venire a visitare Siena e farli restare il pi\u00f9 possibile sul territorio, oltretutto in questo caso specifico \u2013 ha proseguito \u2013 stiamo parlando di un segmento turistico particolarmente interessante e di qualit\u00e0, per cui vogliamo sfruttare al meglio questa collaborazione cos\u00ec da creare opportunit\u00e0 di sviluppo per tutte le realt\u00e0 coinvolte\u201d. <strong>L\u2019assessore Tirelli ha anche consegnato all\u2019amministrazione di Monte Argentario la card Si You Again<\/strong>, l\u2019innovativo strumento con cui i visitatori possono conoscere l\u2019offerta turistica e gli eventi in programma a Siena. <\/p>\n<p>\u201cStiamo lavorando per incrementare i flussi legati alle piccole e medie navi da crociera e ai superyacht. Si tratta di turisti che cercano sempre nuove e interessanti esperienze, per cui avere Siena \u00e8 un valore aggiunto: \u00e8 una citt\u00e0 conosciuta in tutto il mondo che pu\u00f2 fare da traino per chi sceglie di attraccare da noi\u201d, ha detto Fabrizio Palombo, sottolineando che \u201c<strong>poter offrire proposte turistiche diverse \u00e8 un incentivo per far restare pi\u00f9 giorni e far tornare i visitatori sul nostro territorio\u201d.<\/strong><\/p>\n","protected":false},"excerpt":{"rendered":"<p>Il progetto PortArgentario nasce dalla collaborazione tra l\u2019Autorit\u00e0 Portuale Regionale Toscana e il Comune di Monte Argentario e interessa i porti di Porto S. Stefano e Porto Ercole<\/p>\n","protected":false},"author":525,"featured_media":104765,"comment_status":"open","ping_status":"open","sticky":false,"template":"","format":"standard","meta":{"_acf_changed":false,"footnotes":""},"categories":[6],"tags":[],"class_list":["post-67242","post","type-post","status-publish","format-standard","has-post-thumbnail","hentry","category-viaggi"],"acf":[],"yoast_head":"<!-- This site is optimized with the Yoast SEO Premium plugin v24.2 (Yoast SEO v25.6) - https:\/\/yoast.com\/wordpress\/plugins\/seo\/ -->\n<title>Siena e Monte Argentario firmano un protocollo per il turismo nautico - intoscana<\/title>\n<meta name=\"robots\" content=\"index, follow, max-snippet:-1, max-image-preview:large, max-video-preview:-1\" \/>\n<link rel=\"canonical\" href=\"https:\/\/www.intoscana.it\/it\/siena-e-monte-argentario-firmano-un-protocollo-per-il-turismo-nautico\/\" \/>\n<meta property=\"og:locale\" content=\"it_IT\" \/>\n<meta property=\"og:type\" content=\"article\" \/>\n<meta property=\"og:title\" content=\"Siena e Monte Argentario firmano un protocollo per il turismo nautico\" \/>\n<meta property=\"og:description\" content=\"Il progetto PortArgentario nasce dalla collaborazione tra l\u2019Autorit\u00e0 Portuale Regionale Toscana e il Comune di Monte Argentario e interessa i porti di Porto S. Stefano e Porto Ercole\" \/>\n<meta property=\"og:url\" content=\"https:\/\/www.intoscana.it\/it\/siena-e-monte-argentario-firmano-un-protocollo-per-il-turismo-nautico\/\" \/>\n<meta property=\"og:site_name\" content=\"intoscana\" \/>\n<meta property=\"article:publisher\" content=\"https:\/\/www.facebook.com\/intoscana.it\" \/>\n<meta property=\"article:published_time\" content=\"2019-06-29T09:39:22+00:00\" \/>\n<meta property=\"article:modified_time\" content=\"2020-05-18T07:34:15+00:00\" \/>\n<meta property=\"og:image\" content=\"https:\/\/www.intoscana.it\/wp-content\/uploads\/argentario-4.jpg\" \/>\n\t<meta property=\"og:image:width\" content=\"1200\" \/>\n\t<meta property=\"og:image:height\" content=\"811\" \/>\n\t<meta property=\"og:image:type\" content=\"image\/jpeg\" \/>\n<meta name=\"author\" content=\"Redazione\" \/>\n<meta name=\"twitter:card\" content=\"summary_large_image\" \/>\n<meta name=\"twitter:creator\" content=\"@intoscana\" \/>\n<meta name=\"twitter:site\" content=\"@intoscana\" \/>\n<meta name=\"twitter:label1\" content=\"Written by\" \/>\n\t<meta name=\"twitter:data1\" content=\"Redazione\" \/>\n\t<meta name=\"twitter:label2\" content=\"Est. reading time\" \/>\n\t<meta name=\"twitter:data2\" content=\"3 minuti\" \/>\n<script type=\"application\/ld+json\" class=\"yoast-schema-graph\">{\"@context\":\"https:\/\/schema.org\",\"@graph\":[{\"@type\":\"WebPage\",\"@id\":\"https:\/\/www.intoscana.it\/it\/siena-e-monte-argentario-firmano-un-protocollo-per-il-turismo-nautico\/\",\"url\":\"https:\/\/www.intoscana.it\/it\/siena-e-monte-argentario-firmano-un-protocollo-per-il-turismo-nautico\/\",\"name\":\"Siena e Monte Argentario firmano un protocollo per il turismo nautico - intoscana\",\"isPartOf\":{\"@id\":\"https:\/\/www.intoscana.it\/it\/#website\"},\"primaryImageOfPage\":{\"@id\":\"https:\/\/www.intoscana.it\/it\/siena-e-monte-argentario-firmano-un-protocollo-per-il-turismo-nautico\/#primaryimage\"},\"image\":{\"@id\":\"https:\/\/www.intoscana.it\/it\/siena-e-monte-argentario-firmano-un-protocollo-per-il-turismo-nautico\/#primaryimage\"},\"thumbnailUrl\":\"https:\/\/www.intoscana.it\/wp-content\/uploads\/argentario-4.jpg\",\"datePublished\":\"2019-06-29T09:39:22+00:00\",\"dateModified\":\"2020-05-18T07:34:15+00:00\",\"author\":{\"@id\":\"https:\/\/www.intoscana.it\/it\/#\/schema\/person\/9223810753230f20bd670fdd322661f8\"},\"breadcrumb\":{\"@id\":\"https:\/\/www.intoscana.it\/it\/siena-e-monte-argentario-firmano-un-protocollo-per-il-turismo-nautico\/#breadcrumb\"},\"inLanguage\":\"it-IT\",\"potentialAction\":[{\"@type\":\"ReadAction\",\"target\":[\"https:\/\/www.intoscana.it\/it\/siena-e-monte-argentario-firmano-un-protocollo-per-il-turismo-nautico\/\"]}]},{\"@type\":\"ImageObject\",\"inLanguage\":\"it-IT\",\"@id\":\"https:\/\/www.intoscana.it\/it\/siena-e-monte-argentario-firmano-un-protocollo-per-il-turismo-nautico\/#primaryimage\",\"url\":\"https:\/\/www.intoscana.it\/wp-content\/uploads\/argentario-4.jpg\",\"contentUrl\":\"https:\/\/www.intoscana.it\/wp-content\/uploads\/argentario-4.jpg\",\"width\":1200,\"height\":811},{\"@type\":\"BreadcrumbList\",\"@id\":\"https:\/\/www.intoscana.it\/it\/siena-e-monte-argentario-firmano-un-protocollo-per-il-turismo-nautico\/#breadcrumb\",\"itemListElement\":[{\"@type\":\"ListItem\",\"position\":1,\"name\":\"Home\",\"item\":\"https:\/\/www.intoscana.it\/it\/\"},{\"@type\":\"ListItem\",\"position\":2,\"name\":\"Siena e Monte Argentario firmano un protocollo per il turismo nautico\"}]},{\"@type\":\"WebSite\",\"@id\":\"https:\/\/www.intoscana.it\/it\/#website\",\"url\":\"https:\/\/www.intoscana.it\/it\/\",\"name\":\"intoscana\",\"description\":\"\",\"potentialAction\":[{\"@type\":\"SearchAction\",\"target\":{\"@type\":\"EntryPoint\",\"urlTemplate\":\"https:\/\/www.intoscana.it\/it\/?s={search_term_string}\"},\"query-input\":{\"@type\":\"PropertyValueSpecification\",\"valueRequired\":true,\"valueName\":\"search_term_string\"}}],\"inLanguage\":\"it-IT\"},{\"@type\":\"Person\",\"@id\":\"https:\/\/www.intoscana.it\/it\/#\/schema\/person\/9223810753230f20bd670fdd322661f8\",\"name\":\"Redazione\",\"url\":\"https:\/\/www.intoscana.it\/it\/author\/redazione\/\"}]}<\/script>\n<!-- \/ Yoast SEO Premium plugin. -->","yoast_head_json":{"title":"Siena e Monte Argentario firmano un protocollo per il turismo nautico - intoscana","robots":{"index":"index","follow":"follow","max-snippet":"max-snippet:-1","max-image-preview":"max-image-preview:large","max-video-preview":"max-video-preview:-1"},"canonical":"https:\/\/www.intoscana.it\/it\/siena-e-monte-argentario-firmano-un-protocollo-per-il-turismo-nautico\/","og_locale":"it_IT","og_type":"article","og_title":"Siena e Monte Argentario firmano un protocollo per il turismo nautico","og_description":"Il progetto PortArgentario nasce dalla collaborazione tra l\u2019Autorit\u00e0 Portuale Regionale Toscana e il Comune di Monte Argentario e interessa i porti di Porto S. Stefano e Porto Ercole","og_url":"https:\/\/www.intoscana.it\/it\/siena-e-monte-argentario-firmano-un-protocollo-per-il-turismo-nautico\/","og_site_name":"intoscana","article_publisher":"https:\/\/www.facebook.com\/intoscana.it","article_published_time":"2019-06-29T09:39:22+00:00","article_modified_time":"2020-05-18T07:34:15+00:00","og_image":[{"width":1200,"height":811,"url":"https:\/\/www.intoscana.it\/wp-content\/uploads\/argentario-4.jpg","type":"image\/jpeg"}],"author":"Redazione","twitter_card":"summary_large_image","twitter_creator":"@intoscana","twitter_site":"@intoscana","twitter_misc":{"Written by":"Redazione","Est. reading time":"3 minuti"},"schema":{"@context":"https:\/\/schema.org","@graph":[{"@type":"WebPage","@id":"https:\/\/www.intoscana.it\/it\/siena-e-monte-argentario-firmano-un-protocollo-per-il-turismo-nautico\/","url":"https:\/\/www.intoscana.it\/it\/siena-e-monte-argentario-firmano-un-protocollo-per-il-turismo-nautico\/","name":"Siena e Monte Argentario firmano un protocollo per il turismo nautico - intoscana","isPartOf":{"@id":"https:\/\/www.intoscana.it\/it\/#website"},"primaryImageOfPage":{"@id":"https:\/\/www.intoscana.it\/it\/siena-e-monte-argentario-firmano-un-protocollo-per-il-turismo-nautico\/#primaryimage"},"image":{"@id":"https:\/\/www.intoscana.it\/it\/siena-e-monte-argentario-firmano-un-protocollo-per-il-turismo-nautico\/#primaryimage"},"thumbnailUrl":"https:\/\/www.intoscana.it\/wp-content\/uploads\/argentario-4.jpg","datePublished":"2019-06-29T09:39:22+00:00","dateModified":"2020-05-18T07:34:15+00:00","author":{"@id":"https:\/\/www.intoscana.it\/it\/#\/schema\/person\/9223810753230f20bd670fdd322661f8"},"breadcrumb":{"@id":"https:\/\/www.intoscana.it\/it\/siena-e-monte-argentario-firmano-un-protocollo-per-il-turismo-nautico\/#breadcrumb"},"inLanguage":"it-IT","potentialAction":[{"@type":"ReadAction","target":["https:\/\/www.intoscana.it\/it\/siena-e-monte-argentario-firmano-un-protocollo-per-il-turismo-nautico\/"]}]},{"@type":"ImageObject","inLanguage":"it-IT","@id":"https:\/\/www.intoscana.it\/it\/siena-e-monte-argentario-firmano-un-protocollo-per-il-turismo-nautico\/#primaryimage","url":"https:\/\/www.intoscana.it\/wp-content\/uploads\/argentario-4.jpg","contentUrl":"https:\/\/www.intoscana.it\/wp-content\/uploads\/argentario-4.jpg","width":1200,"height":811},{"@type":"BreadcrumbList","@id":"https:\/\/www.intoscana.it\/it\/siena-e-monte-argentario-firmano-un-protocollo-per-il-turismo-nautico\/#breadcrumb","itemListElement":[{"@type":"ListItem","position":1,"name":"Home","item":"https:\/\/www.intoscana.it\/it\/"},{"@type":"ListItem","position":2,"name":"Siena e Monte Argentario firmano un protocollo per il turismo nautico"}]},{"@type":"WebSite","@id":"https:\/\/www.intoscana.it\/it\/#website","url":"https:\/\/www.intoscana.it\/it\/","name":"intoscana","description":"","potentialAction":[{"@type":"SearchAction","target":{"@type":"EntryPoint","urlTemplate":"https:\/\/www.intoscana.it\/it\/?s={search_term_string}"},"query-input":{"@type":"PropertyValueSpecification","valueRequired":true,"valueName":"search_term_string"}}],"inLanguage":"it-IT"},{"@type":"Person","@id":"https:\/\/www.intoscana.it\/it\/#\/schema\/person\/9223810753230f20bd670fdd322661f8","name":"Redazione","url":"https:\/\/www.intoscana.it\/it\/author\/redazione\/"}]}},"_links":{"self":[{"href":"https:\/\/www.intoscana.it\/it\/wp-json\/wp\/v2\/posts\/67242","targetHints":{"allow":["GET"]}}],"collection":[{"href":"https:\/\/www.intoscana.it\/it\/wp-json\/wp\/v2\/posts"}],"about":[{"href":"https:\/\/www.intoscana.it\/it\/wp-json\/wp\/v2\/types\/post"}],"author":[{"embeddable":true,"href":"https:\/\/www.intoscana.it\/it\/wp-json\/wp\/v2\/users\/525"}],"replies":[{"embeddable":true,"href":"https:\/\/www.intoscana.it\/it\/wp-json\/wp\/v2\/comments?post=67242"}],"version-history":[{"count":0,"href":"https:\/\/www.intoscana.it\/it\/wp-json\/wp\/v2\/posts\/67242\/revisions"}],"wp:featuredmedia":[{"embeddable":true,"href":"https:\/\/www.intoscana.it\/it\/wp-json\/wp\/v2\/media\/104765"}],"wp:attachment":[{"href":"https:\/\/www.intoscana.it\/it\/wp-json\/wp\/v2\/media?parent=67242"}],"wp:term":[{"taxonomy":"category","embeddable":true,"href":"https:\/\/www.intoscana.it\/it\/wp-json\/wp\/v2\/categories?post=67242"},{"taxonomy":"post_tag","embeddable":true,"href":"https:\/\/www.intoscana.it\/it\/wp-json\/wp\/v2\/tags?post=67242"}],"curies":[{"name":"wp","href":"https:\/\/api.w.org\/{rel}","templated":true}]}}