{"id":67250,"date":"2019-11-04T13:42:45","date_gmt":"2019-11-04T13:42:45","guid":{"rendered":"http:\/\/www.intoscana.it\/profumo-di-festa-nellaria-tutti-i-mercatini-di-natale-in-toscana\/"},"modified":"2020-05-19T16:05:17","modified_gmt":"2020-05-19T14:05:17","slug":"mercatini-natale-toscana-2019","status":"publish","type":"post","link":"https:\/\/www.intoscana.it\/it\/mercatini-natale-toscana-2019\/","title":{"rendered":"Profumo di festa nell\u2019aria: tutti i mercatini di Natale in Toscana"},"content":{"rendered":"<p><strong>Citt\u00e0 e borghi risplendono di luci e di eventi<\/strong> in occasione delle festivit\u00e0 natalizie. <strong>Eventi, concerti e rievocazioni:<\/strong> sono solo alcune delle iniziative tradizionali che si svolgono in occasione delle festivit\u00e0 del <strong>Natale.<\/strong> Ogni localit\u00e0 della Toscana organizza il proprio appuntamento. Ecco alcuni <strong>mercatini di Natale in Toscana<\/strong> da non perdere.<\/p>\n<p><strong><u>Firenze e dintorni<\/u><\/strong><\/p>\n<p>Uno dei pi\u00f9 conosciuti mercatini di <strong>Natale a Firenze<\/strong> \u00e8 sicuramente il <strong>Weihnachtsmarkt, <\/strong>l&#8217;appuntamento tradizionale con l&#8217;artigianato e i sapori della Germania. Dal 23 novembre al 22 dicembre, come ogni anno, il mercatino si svolge in <strong>piazza Santa Croce <\/strong>nelle casette di legno addobbate in stile natalizio. l profumo di saporiti wurstel e sostanziosi stinchi di maiale cotti sulla brace, i bretzel, lo strudel e altre prelibatezze pervadono l\u2019aria e invitano i visitatori a cedere alle tentazioni della gola, magari accompagnando il tutto con un bel boccale di birra spillato sul momento.<\/p>\n<p>A Firenze torna un must del Natale che si rinnova da ben 44 anni. La fiera di beneficienza <strong>Christmas Bazaar,<\/strong> organizzata da <strong>AILO<\/strong> &#8211; The American International League of Florence ODV si svolger\u00e0 sabato 30 novembre (dalle 15.00 alle 18.00) e domenica 1 dicembre (dalle 10.00 alle 18.00) al Tepidarium del Roster del Giardino dell\u2019Orticoltura.<\/p>\n<p>A Villa Montalvo e nel centro storico di <strong>Campi Bisenzio <\/strong>tutto pronto per \u2018<strong>Il Mondo di Babbo Natale\u2019 <\/strong>dal 16 novembre al 22 dicembre.<\/p>\n<p><strong>Empoli<\/strong> si tinge di magia con i <strong>mercatini di Natale<\/strong> in piazza della Vittoria. Dal 30 novembre al 24 dicembre in mostra le tipiche casette di legno e prodotti enogastronomici e artigianali italiani.<\/p>\n<p>A<strong> Fucecchio<\/strong> si aprono le magiche porte di \u2018<strong>Natalia<\/strong>\u2019 il magico paese con luci, colori, i suoi banchini, il laboratorio degli elfi, gli squisiti dolci di pasticceria e l\u2019incredibile parata di Babbo Natale sul carro delle renne. Non mancheranno Rudolph, la regina del ghiaccio e tanti personaggi che regaleranno ai pi\u00f9 piccoli tanto divertimento. <strong>Natalia Magic Christmas <\/strong>sar\u00e0 aperto presso il Chiostro dei Frati in piazza La Vergine, nei giorni 1, 8, 15, 22 dicembre 2019 e il 6 gennaio 2020. L\u2019ingresso \u00e8 gratuito.<\/p>\n<p><strong><u>Siena e dintorni<\/u><\/strong><\/p>\n<p>A <strong>Siena<\/strong> sabato 7 e domenica 8 dicembre, torna l&#8217;affascinante <strong>Mercato del Campo.<\/strong> Spazio ai prodotti tipici senesi, ma anche di altre regioni italiane e dall\u2019Europa in oltre 150 banchi, che saranno disposti in Piazza del Campo seguendo le indicazioni date nel XIV secolo dalle autorit\u00e0 comunali. A Siena quest\u2019anno si terr\u00e0 anche dal 16 novembre al 24 dicembre il \u2018<strong>Villaggio di Natale\u2019<\/strong>, la citt\u00e0 del palio si veste di magia per regalare a grandi e piccini un\u2019esperienza indimenticabile. Da Piazza Matteotti alla Lizza si snoder\u00e0 un ricco Mercatino di Natale che ospiter\u00e0 anche gli artigiani del Presepe di San Gregorio Armeno di Napoli.<\/p>\n<p><strong>Abbadia San Salvatore,<\/strong> nel cuore dell\u2019Amiata, si prepara ad una grande festa. Anche quest\u2019anno torna la tradizione delle fiaccole con un ricchissimo cartellone che dai primi di dicembre fino alla vigilia condurr\u00e0 cittadini e visitatori alla scoperta di una montagna diversa, dove si scia, ma non solo. Ogni weekend, infatti, ci saranno mercatini, musiche, laboratori, mostre di presepi e molto altro ancora. I profumi e i sapori del periodo natalizio invaderanno le vie del borgo medievale che vivr\u00e0 il momento clou il 24 dicembre, la celebre Notte delle Fiaccole.<\/p>\n<p><strong>Chianciano Terme<\/strong>, invece, dal 23 novembre al 6 gennaio, si trasforma nel Paese di Babbo Natale. Scenografie fatte di luci, alberi, stelle e proiezioni guideranno i visitatori attraverso un mondo incantato. Anche il trenino turistico \u201cTermalino\u201d si trasformer\u00e0 per l&#8217;occasione per diventare il \u201cPolar Express\u201d e portare grandi e piccini per le vie di tutto il paese. Il clou della manifestazione sar\u00e0 la dimora di Babbo Natale con tante attivit\u00e0 per i pi\u00f9 piccoli e il mercatino all&#8217;esterno.&nbsp;<\/p>\n<p>A <strong>Montepulciano<\/strong>, la festa natalizia inizia il 16 novembre per concludersi il 6 gennaio con il Villaggio di Natale.&nbsp;<\/p>\n<p><span style=\"text-decoration: underline;\"><strong>Pistoia e dintorni<\/strong><\/span><\/p>\n<p>Dal 9 novembre al 6 gennaio <strong>Montecatini Terme<\/strong> diventa la <strong>Citt\u00e0 del Natale<\/strong>, con il mercatino natalizio, la Casa di Babbo Natale, la ruota panoramica, la pista da pattinaggio e tante attrazioni per i pi\u00f9 piccoli.<\/p>\n<p><strong><u>Grosseto e dintorni<\/u><\/strong><\/p>\n<p>Da non perdere nel comune di <strong>Campagnatico i Presepi di Montorsaio, <\/strong>che vengono allestiti dai primi di dicembre al 6 gennaio nelle strade e nelle chiese del piccolo borgo, trasformandolo in un gigantesco presepe, con statue in terracotta e in movimento che danno vita a uno spettacolo davvero suggestivo.<\/p>\n<p><strong><u>Lucca e dintorni<\/u><\/strong><\/p>\n<p>A&nbsp;Lucca&nbsp;nei giorni 30 novembre, 1, 7 e 8 dicembre alla Casa del Boia, arriva <strong>Il Piccolo Regno di Babbo Natale<\/strong>, pensato per grandi e piccini. A Verciano, frazione di Capannori, invece, va in scena <strong>PreGustando il Natale <\/strong>con mercatini di prodotti artigianali e stand gastronomici, nei weekend del 7-8 e 14-15 dicembre.<\/p>\n<p><strong><u>Arezzo e dintorni<\/u><\/strong><\/p>\n<p>Dal 16 novembre al 6 gennaio&nbsp;<strong>Arezzo diventa<\/strong> <strong>Citt\u00e0 del Natale,<\/strong> con tantissimi eventi speciali per grandi e piccini. Al Prato sar\u00e0 allestito il Christmas Village, con una grande ruota panoramica e la pista per pattinare sul ghiaccio, mentre in Piazza Grande tornano i mercatini del Villaggio Tirolese, il pi\u00f9 grande in Italia fuori dai confini del Tirolo, con le sue 34 casette di legno e la baita dove saranno servite birre e squisiti piatti tipici, dai canederli agli spatzle e polenta. All&#8217;interno del Palazzo della Fraternita dei Laici la Casa di Babbo Natale offrir\u00e0 laboratori per bambini e la possibilit\u00e0 di scattarsi una foto con Santa Claus.<\/p>\n<p>A <strong>Lucignano<\/strong>, il romantico borgo dell\u2019Aretino, l\u2019ultimo weekend prima di Natale torna <strong>l&#8217;Antica Fiera del Ceppo<\/strong>. Presepi, giocattoli in legno, bambole di pezza, addobbi natalizi e articoli artigianali in pelle ispirano i regali speciali, mentre i dolci tradizionali del periodo, oltre a tartufi e pecorini, miele e marmellate, allietano i buongustai.<\/p>\n<p><span style=\"text-decoration: underline;\"><strong>Pisa<\/strong><\/span><\/p>\n<p>Il 13, 14 e 15 arriva la <strong>Fabbrica di Babbo Natale <\/strong>agli Arsenali repubblicano in via Bonanno, Pisano, 2.<\/p>\n<p>&nbsp;<\/p>\n","protected":false},"excerpt":{"rendered":"<p>La magia del Natale sta per tornare in Toscana, ogni borgo e ogni citt\u00e0 organizza il suo appuntamento in occasione delle festivit\u00e0, scoprili tutti<\/p>\n","protected":false},"author":525,"featured_media":104773,"comment_status":"open","ping_status":"open","sticky":false,"template":"","format":"standard","meta":{"_acf_changed":false,"footnotes":""},"categories":[6],"tags":[409],"class_list":["post-67250","post","type-post","status-publish","format-standard","has-post-thumbnail","hentry","category-viaggi","tag-natale"],"acf":[],"yoast_head":"<!-- This site is optimized with the Yoast SEO Premium plugin v24.2 (Yoast SEO v25.6) - https:\/\/yoast.com\/wordpress\/plugins\/seo\/ -->\n<title>Profumo di festa nell\u2019aria: tutti i mercatini di Natale in Toscana - intoscana<\/title>\n<meta name=\"robots\" content=\"index, follow, max-snippet:-1, max-image-preview:large, max-video-preview:-1\" \/>\n<link rel=\"canonical\" href=\"https:\/\/www.intoscana.it\/it\/mercatini-natale-toscana-2019\/\" \/>\n<meta property=\"og:locale\" content=\"it_IT\" \/>\n<meta property=\"og:type\" content=\"article\" \/>\n<meta property=\"og:title\" content=\"Profumo di festa nell\u2019aria: tutti i mercatini di Natale in Toscana\" \/>\n<meta property=\"og:description\" content=\"La magia del Natale sta per tornare in Toscana, ogni borgo e ogni citt\u00e0 organizza il suo appuntamento in occasione delle festivit\u00e0, scoprili tutti\" \/>\n<meta property=\"og:url\" content=\"https:\/\/www.intoscana.it\/it\/mercatini-natale-toscana-2019\/\" \/>\n<meta property=\"og:site_name\" content=\"intoscana\" \/>\n<meta property=\"article:publisher\" content=\"https:\/\/www.facebook.com\/intoscana.it\" \/>\n<meta property=\"article:published_time\" content=\"2019-11-04T13:42:45+00:00\" \/>\n<meta property=\"article:modified_time\" content=\"2020-05-19T14:05:17+00:00\" \/>\n<meta property=\"og:image\" content=\"https:\/\/www.intoscana.it\/wp-content\/uploads\/mercatini-di-natale-firenze-parcheggiare-a-firenze-garage-sole.jpg\" \/>\n\t<meta property=\"og:image:width\" content=\"900\" \/>\n\t<meta property=\"og:image:height\" content=\"663\" \/>\n\t<meta property=\"og:image:type\" content=\"image\/jpeg\" \/>\n<meta name=\"author\" content=\"Redazione\" \/>\n<meta name=\"twitter:card\" content=\"summary_large_image\" \/>\n<meta name=\"twitter:creator\" content=\"@intoscana\" \/>\n<meta name=\"twitter:site\" content=\"@intoscana\" \/>\n<meta name=\"twitter:label1\" content=\"Written by\" \/>\n\t<meta name=\"twitter:data1\" content=\"Redazione\" \/>\n\t<meta name=\"twitter:label2\" content=\"Est. reading time\" \/>\n\t<meta name=\"twitter:data2\" content=\"5 minuti\" \/>\n<script type=\"application\/ld+json\" class=\"yoast-schema-graph\">{\"@context\":\"https:\/\/schema.org\",\"@graph\":[{\"@type\":\"WebPage\",\"@id\":\"https:\/\/www.intoscana.it\/it\/mercatini-natale-toscana-2019\/\",\"url\":\"https:\/\/www.intoscana.it\/it\/mercatini-natale-toscana-2019\/\",\"name\":\"Profumo di festa nell\u2019aria: tutti i mercatini di Natale in Toscana - intoscana\",\"isPartOf\":{\"@id\":\"https:\/\/www.intoscana.it\/it\/#website\"},\"primaryImageOfPage\":{\"@id\":\"https:\/\/www.intoscana.it\/it\/mercatini-natale-toscana-2019\/#primaryimage\"},\"image\":{\"@id\":\"https:\/\/www.intoscana.it\/it\/mercatini-natale-toscana-2019\/#primaryimage\"},\"thumbnailUrl\":\"https:\/\/www.intoscana.it\/wp-content\/uploads\/mercatini-di-natale-firenze-parcheggiare-a-firenze-garage-sole.jpg\",\"datePublished\":\"2019-11-04T13:42:45+00:00\",\"dateModified\":\"2020-05-19T14:05:17+00:00\",\"author\":{\"@id\":\"https:\/\/www.intoscana.it\/it\/#\/schema\/person\/9223810753230f20bd670fdd322661f8\"},\"breadcrumb\":{\"@id\":\"https:\/\/www.intoscana.it\/it\/mercatini-natale-toscana-2019\/#breadcrumb\"},\"inLanguage\":\"it-IT\",\"potentialAction\":[{\"@type\":\"ReadAction\",\"target\":[\"https:\/\/www.intoscana.it\/it\/mercatini-natale-toscana-2019\/\"]}]},{\"@type\":\"ImageObject\",\"inLanguage\":\"it-IT\",\"@id\":\"https:\/\/www.intoscana.it\/it\/mercatini-natale-toscana-2019\/#primaryimage\",\"url\":\"https:\/\/www.intoscana.it\/wp-content\/uploads\/mercatini-di-natale-firenze-parcheggiare-a-firenze-garage-sole.jpg\",\"contentUrl\":\"https:\/\/www.intoscana.it\/wp-content\/uploads\/mercatini-di-natale-firenze-parcheggiare-a-firenze-garage-sole.jpg\",\"width\":900,\"height\":663,\"caption\":\"Mercatini di Natale\"},{\"@type\":\"BreadcrumbList\",\"@id\":\"https:\/\/www.intoscana.it\/it\/mercatini-natale-toscana-2019\/#breadcrumb\",\"itemListElement\":[{\"@type\":\"ListItem\",\"position\":1,\"name\":\"Home\",\"item\":\"https:\/\/www.intoscana.it\/it\/\"},{\"@type\":\"ListItem\",\"position\":2,\"name\":\"Profumo di festa nell\u2019aria: tutti i mercatini di Natale in Toscana\"}]},{\"@type\":\"WebSite\",\"@id\":\"https:\/\/www.intoscana.it\/it\/#website\",\"url\":\"https:\/\/www.intoscana.it\/it\/\",\"name\":\"intoscana\",\"description\":\"\",\"potentialAction\":[{\"@type\":\"SearchAction\",\"target\":{\"@type\":\"EntryPoint\",\"urlTemplate\":\"https:\/\/www.intoscana.it\/it\/?s={search_term_string}\"},\"query-input\":{\"@type\":\"PropertyValueSpecification\",\"valueRequired\":true,\"valueName\":\"search_term_string\"}}],\"inLanguage\":\"it-IT\"},{\"@type\":\"Person\",\"@id\":\"https:\/\/www.intoscana.it\/it\/#\/schema\/person\/9223810753230f20bd670fdd322661f8\",\"name\":\"Redazione\",\"url\":\"https:\/\/www.intoscana.it\/it\/author\/redazione\/\"}]}<\/script>\n<!-- \/ Yoast SEO Premium plugin. -->","yoast_head_json":{"title":"Profumo di festa nell\u2019aria: tutti i mercatini di Natale in Toscana - intoscana","robots":{"index":"index","follow":"follow","max-snippet":"max-snippet:-1","max-image-preview":"max-image-preview:large","max-video-preview":"max-video-preview:-1"},"canonical":"https:\/\/www.intoscana.it\/it\/mercatini-natale-toscana-2019\/","og_locale":"it_IT","og_type":"article","og_title":"Profumo di festa nell\u2019aria: tutti i mercatini di Natale in Toscana","og_description":"La magia del Natale sta per tornare in Toscana, ogni borgo e ogni citt\u00e0 organizza il suo appuntamento in occasione delle festivit\u00e0, scoprili tutti","og_url":"https:\/\/www.intoscana.it\/it\/mercatini-natale-toscana-2019\/","og_site_name":"intoscana","article_publisher":"https:\/\/www.facebook.com\/intoscana.it","article_published_time":"2019-11-04T13:42:45+00:00","article_modified_time":"2020-05-19T14:05:17+00:00","og_image":[{"width":900,"height":663,"url":"https:\/\/www.intoscana.it\/wp-content\/uploads\/mercatini-di-natale-firenze-parcheggiare-a-firenze-garage-sole.jpg","type":"image\/jpeg"}],"author":"Redazione","twitter_card":"summary_large_image","twitter_creator":"@intoscana","twitter_site":"@intoscana","twitter_misc":{"Written by":"Redazione","Est. reading time":"5 minuti"},"schema":{"@context":"https:\/\/schema.org","@graph":[{"@type":"WebPage","@id":"https:\/\/www.intoscana.it\/it\/mercatini-natale-toscana-2019\/","url":"https:\/\/www.intoscana.it\/it\/mercatini-natale-toscana-2019\/","name":"Profumo di festa nell\u2019aria: tutti i mercatini di Natale in Toscana - intoscana","isPartOf":{"@id":"https:\/\/www.intoscana.it\/it\/#website"},"primaryImageOfPage":{"@id":"https:\/\/www.intoscana.it\/it\/mercatini-natale-toscana-2019\/#primaryimage"},"image":{"@id":"https:\/\/www.intoscana.it\/it\/mercatini-natale-toscana-2019\/#primaryimage"},"thumbnailUrl":"https:\/\/www.intoscana.it\/wp-content\/uploads\/mercatini-di-natale-firenze-parcheggiare-a-firenze-garage-sole.jpg","datePublished":"2019-11-04T13:42:45+00:00","dateModified":"2020-05-19T14:05:17+00:00","author":{"@id":"https:\/\/www.intoscana.it\/it\/#\/schema\/person\/9223810753230f20bd670fdd322661f8"},"breadcrumb":{"@id":"https:\/\/www.intoscana.it\/it\/mercatini-natale-toscana-2019\/#breadcrumb"},"inLanguage":"it-IT","potentialAction":[{"@type":"ReadAction","target":["https:\/\/www.intoscana.it\/it\/mercatini-natale-toscana-2019\/"]}]},{"@type":"ImageObject","inLanguage":"it-IT","@id":"https:\/\/www.intoscana.it\/it\/mercatini-natale-toscana-2019\/#primaryimage","url":"https:\/\/www.intoscana.it\/wp-content\/uploads\/mercatini-di-natale-firenze-parcheggiare-a-firenze-garage-sole.jpg","contentUrl":"https:\/\/www.intoscana.it\/wp-content\/uploads\/mercatini-di-natale-firenze-parcheggiare-a-firenze-garage-sole.jpg","width":900,"height":663,"caption":"Mercatini di Natale"},{"@type":"BreadcrumbList","@id":"https:\/\/www.intoscana.it\/it\/mercatini-natale-toscana-2019\/#breadcrumb","itemListElement":[{"@type":"ListItem","position":1,"name":"Home","item":"https:\/\/www.intoscana.it\/it\/"},{"@type":"ListItem","position":2,"name":"Profumo di festa nell\u2019aria: tutti i mercatini di Natale in Toscana"}]},{"@type":"WebSite","@id":"https:\/\/www.intoscana.it\/it\/#website","url":"https:\/\/www.intoscana.it\/it\/","name":"intoscana","description":"","potentialAction":[{"@type":"SearchAction","target":{"@type":"EntryPoint","urlTemplate":"https:\/\/www.intoscana.it\/it\/?s={search_term_string}"},"query-input":{"@type":"PropertyValueSpecification","valueRequired":true,"valueName":"search_term_string"}}],"inLanguage":"it-IT"},{"@type":"Person","@id":"https:\/\/www.intoscana.it\/it\/#\/schema\/person\/9223810753230f20bd670fdd322661f8","name":"Redazione","url":"https:\/\/www.intoscana.it\/it\/author\/redazione\/"}]}},"_links":{"self":[{"href":"https:\/\/www.intoscana.it\/it\/wp-json\/wp\/v2\/posts\/67250","targetHints":{"allow":["GET"]}}],"collection":[{"href":"https:\/\/www.intoscana.it\/it\/wp-json\/wp\/v2\/posts"}],"about":[{"href":"https:\/\/www.intoscana.it\/it\/wp-json\/wp\/v2\/types\/post"}],"author":[{"embeddable":true,"href":"https:\/\/www.intoscana.it\/it\/wp-json\/wp\/v2\/users\/525"}],"replies":[{"embeddable":true,"href":"https:\/\/www.intoscana.it\/it\/wp-json\/wp\/v2\/comments?post=67250"}],"version-history":[{"count":0,"href":"https:\/\/www.intoscana.it\/it\/wp-json\/wp\/v2\/posts\/67250\/revisions"}],"wp:featuredmedia":[{"embeddable":true,"href":"https:\/\/www.intoscana.it\/it\/wp-json\/wp\/v2\/media\/104773"}],"wp:attachment":[{"href":"https:\/\/www.intoscana.it\/it\/wp-json\/wp\/v2\/media?parent=67250"}],"wp:term":[{"taxonomy":"category","embeddable":true,"href":"https:\/\/www.intoscana.it\/it\/wp-json\/wp\/v2\/categories?post=67250"},{"taxonomy":"post_tag","embeddable":true,"href":"https:\/\/www.intoscana.it\/it\/wp-json\/wp\/v2\/tags?post=67250"}],"curies":[{"name":"wp","href":"https:\/\/api.w.org\/{rel}","templated":true}]}}