{"id":67278,"date":"2019-07-29T10:39:56","date_gmt":"2019-07-29T08:39:56","guid":{"rendered":"http:\/\/www.intoscana.it\/tuffo-nel-passato-a-pontremoli-con-la-festa-medievalis\/"},"modified":"2021-11-19T16:41:59","modified_gmt":"2021-11-19T15:41:59","slug":"medievalis-pontremoli-2019","status":"publish","type":"post","link":"https:\/\/www.intoscana.it\/it\/medievalis-pontremoli-2019\/","title":{"rendered":"Tuffo nel passato a Pontremoli con la festa &#8216;Medievalis&#8217;"},"content":{"rendered":"<p><strong>Torna a Pontremoli &#8216;Medievalis&#8217;<\/strong> festa che&nbsp; ha il suo cuore nella <strong>rievocazione storica della concessione del diploma di Libero Comune alla Comunit\u00e0 di Pontremoli<\/strong> avvenuta <strong>nel 1226<\/strong> da parte dell\u2019Imperatore <strong>Federico II,<\/strong> che defin\u00ec il borgo <strong>\u201cclavis et ianua\u201d (chiave e porta)<\/strong> delle comunicazioni tra la Lombardia e la Toscana, espressione che sintetizza bene <strong>l\u2019importanza di Pontremoli nel medioevo. <\/strong>Per ricordare tutto questo <strong>Pontremoli si trasforma in una citt\u00e0 d\u2019altri tempi<\/strong>: per cinque giorni <strong>le auto saranno bandite dal centro storico<\/strong> per lasciare spazio a<strong> viandanti, mercanti, carrozze e cavalieri.<\/strong> Tantissimi saranno i figuranti impegnati a rappresentare le classi sociali medievali: <strong>clero, nobilt\u00e0, militari, cortigiani, contadini<\/strong> saranno al centro dell\u2019attenzione di tutti i forestieri e turisti che si troveranno a pontremoli in quei quattro giorni.<\/p>\n<p>Cinque giorni, appunto, dove verranno <strong>rievocate anche le manifestazioni tipiche dell\u2019epoca, con tutti i vizi e virt\u00f9 dell\u2019umanit\u00e0 medievale<\/strong>: <strong>duelli, mostre di falconiere, cene con piatti e bevande dal sapore oggi dimenticato<\/strong>, spettacoli di sbandieratori, danze e coreografie medievali,ma soprattutto la <em><strong>\u201cDisfida della Cortina di Cazzaguerra\u201d:<\/strong><\/em> un torneo giornaliero dove le tre fazioni storiche, Sommoborgo, Immoborgo e Contado, daranno vita alle animosit\u00e0 guerriere sfidandosi sempre in specialit\u00e0 diverse, al termine del quale verr\u00e0 consegnato l\u2019ambito Palio alla contrada vincitrice.<\/p>\n<p><strong>Il Palio di Medievalis detto della \u201cDisfida de Cazzaguerra\u201d<\/strong> realizzato dall\u2019artista pontremolese Luciano Preti, docente di tecniche della scultura all\u2019Accademia delle Belle Arti di Firenze, \u00e8 una scultura in bronzo, fusa a cera persa, che rappresenta la Cortina che Castruccio Castracani degli Antelminelli fece erigere nella nostra citt\u00e0 nel 1322 per sedare le lotte intestine tra le fazioni dei Guelfi e dei Ghibellini.Vi sono rappresentati anche numerosi simboli quali la colomba della pace, la spada rivolta in basso come segno di non belligeranza, il riccio, animale che richiama con il suo difendersi la citt\u00e0 difesa da torri e mura, e i pini marittimi: <strong>segno della via Francigena che passando da Pontremoli apriva le sue porte verso il mare, l\u2019Italia centrale e Roma.<\/strong><\/p>\n<p><strong>Per informazioni:<\/strong><br \/><strong><a href=\"https:\/\/medievalis.org\/\" target=\"_blank\" rel=\"noopener noreferrer\">https:\/\/medievalis.org\/<\/a><\/strong><\/p>\n<p>&nbsp;<\/p>\n","protected":false},"excerpt":{"rendered":"<p>Dal 21 al 25 agosto cinque giorni di danze, musici, mercanti, viandanti, sbandieratori, arcieri, armigeri, corteo storico e molto altro<\/p>\n","protected":false},"author":525,"featured_media":104801,"comment_status":"open","ping_status":"open","sticky":false,"template":"","format":"standard","meta":{"_acf_changed":false,"footnotes":""},"categories":[6],"tags":[4806],"class_list":["post-67278","post","type-post","status-publish","format-standard","has-post-thumbnail","hentry","category-viaggi","tag-pontremoli"],"acf":[],"yoast_head":"<!-- This site is optimized with the Yoast SEO Premium plugin v24.2 (Yoast SEO v25.6) - https:\/\/yoast.com\/wordpress\/plugins\/seo\/ -->\n<title>Tuffo nel passato a Pontremoli con la festa &#039;Medievalis&#039; - intoscana<\/title>\n<meta name=\"description\" content=\"Dal 21 al 25 agosto tuffo nel passato a Pontremoli con la festa Medievalis\" \/>\n<meta name=\"robots\" content=\"index, follow, max-snippet:-1, max-image-preview:large, max-video-preview:-1\" \/>\n<link rel=\"canonical\" href=\"https:\/\/www.intoscana.it\/it\/medievalis-pontremoli-2019\/\" \/>\n<meta property=\"og:locale\" content=\"it_IT\" \/>\n<meta property=\"og:type\" content=\"article\" \/>\n<meta property=\"og:title\" content=\"Tuffo nel passato a Pontremoli con la festa &#039;Medievalis&#039;\" \/>\n<meta property=\"og:description\" content=\"Dal 21 al 25 agosto tuffo nel passato a Pontremoli con la festa Medievalis\" \/>\n<meta property=\"og:url\" content=\"https:\/\/www.intoscana.it\/it\/medievalis-pontremoli-2019\/\" \/>\n<meta property=\"og:site_name\" content=\"intoscana\" \/>\n<meta property=\"article:publisher\" content=\"https:\/\/www.facebook.com\/intoscana.it\" \/>\n<meta property=\"article:published_time\" content=\"2019-07-29T08:39:56+00:00\" \/>\n<meta property=\"article:modified_time\" content=\"2021-11-19T15:41:59+00:00\" \/>\n<meta property=\"og:image\" content=\"https:\/\/www.intoscana.it\/wp-content\/uploads\/20120824t182230026.jpg\" \/>\n\t<meta property=\"og:image:width\" content=\"2000\" \/>\n\t<meta property=\"og:image:height\" content=\"1500\" \/>\n\t<meta property=\"og:image:type\" content=\"image\/jpeg\" \/>\n<meta name=\"author\" content=\"Redazione\" \/>\n<meta name=\"twitter:card\" content=\"summary_large_image\" \/>\n<meta name=\"twitter:creator\" content=\"@intoscana\" \/>\n<meta name=\"twitter:site\" content=\"@intoscana\" \/>\n<meta name=\"twitter:label1\" content=\"Written by\" \/>\n\t<meta name=\"twitter:data1\" content=\"Redazione\" \/>\n\t<meta name=\"twitter:label2\" content=\"Est. reading time\" \/>\n\t<meta name=\"twitter:data2\" content=\"2 minuti\" \/>\n<script type=\"application\/ld+json\" class=\"yoast-schema-graph\">{\"@context\":\"https:\/\/schema.org\",\"@graph\":[{\"@type\":\"WebPage\",\"@id\":\"https:\/\/www.intoscana.it\/it\/medievalis-pontremoli-2019\/\",\"url\":\"https:\/\/www.intoscana.it\/it\/medievalis-pontremoli-2019\/\",\"name\":\"Tuffo nel passato a Pontremoli con la festa 'Medievalis' - intoscana\",\"isPartOf\":{\"@id\":\"https:\/\/www.intoscana.it\/it\/#website\"},\"primaryImageOfPage\":{\"@id\":\"https:\/\/www.intoscana.it\/it\/medievalis-pontremoli-2019\/#primaryimage\"},\"image\":{\"@id\":\"https:\/\/www.intoscana.it\/it\/medievalis-pontremoli-2019\/#primaryimage\"},\"thumbnailUrl\":\"https:\/\/www.intoscana.it\/wp-content\/uploads\/20120824t182230026.jpg\",\"datePublished\":\"2019-07-29T08:39:56+00:00\",\"dateModified\":\"2021-11-19T15:41:59+00:00\",\"author\":{\"@id\":\"https:\/\/www.intoscana.it\/it\/#\/schema\/person\/9223810753230f20bd670fdd322661f8\"},\"description\":\"Dal 21 al 25 agosto tuffo nel passato a Pontremoli con la festa Medievalis\",\"breadcrumb\":{\"@id\":\"https:\/\/www.intoscana.it\/it\/medievalis-pontremoli-2019\/#breadcrumb\"},\"inLanguage\":\"it-IT\",\"potentialAction\":[{\"@type\":\"ReadAction\",\"target\":[\"https:\/\/www.intoscana.it\/it\/medievalis-pontremoli-2019\/\"]}]},{\"@type\":\"ImageObject\",\"inLanguage\":\"it-IT\",\"@id\":\"https:\/\/www.intoscana.it\/it\/medievalis-pontremoli-2019\/#primaryimage\",\"url\":\"https:\/\/www.intoscana.it\/wp-content\/uploads\/20120824t182230026.jpg\",\"contentUrl\":\"https:\/\/www.intoscana.it\/wp-content\/uploads\/20120824t182230026.jpg\",\"width\":2000,\"height\":1500,\"caption\":\"Medievalis a Pontremoli\"},{\"@type\":\"BreadcrumbList\",\"@id\":\"https:\/\/www.intoscana.it\/it\/medievalis-pontremoli-2019\/#breadcrumb\",\"itemListElement\":[{\"@type\":\"ListItem\",\"position\":1,\"name\":\"Home\",\"item\":\"https:\/\/www.intoscana.it\/it\/\"},{\"@type\":\"ListItem\",\"position\":2,\"name\":\"Tuffo nel passato a Pontremoli con la festa &#8216;Medievalis&#8217;\"}]},{\"@type\":\"WebSite\",\"@id\":\"https:\/\/www.intoscana.it\/it\/#website\",\"url\":\"https:\/\/www.intoscana.it\/it\/\",\"name\":\"intoscana\",\"description\":\"\",\"potentialAction\":[{\"@type\":\"SearchAction\",\"target\":{\"@type\":\"EntryPoint\",\"urlTemplate\":\"https:\/\/www.intoscana.it\/it\/?s={search_term_string}\"},\"query-input\":{\"@type\":\"PropertyValueSpecification\",\"valueRequired\":true,\"valueName\":\"search_term_string\"}}],\"inLanguage\":\"it-IT\"},{\"@type\":\"Person\",\"@id\":\"https:\/\/www.intoscana.it\/it\/#\/schema\/person\/9223810753230f20bd670fdd322661f8\",\"name\":\"Redazione\",\"url\":\"https:\/\/www.intoscana.it\/it\/author\/redazione\/\"}]}<\/script>\n<!-- \/ Yoast SEO Premium plugin. -->","yoast_head_json":{"title":"Tuffo nel passato a Pontremoli con la festa 'Medievalis' - intoscana","description":"Dal 21 al 25 agosto tuffo nel passato a Pontremoli con la festa Medievalis","robots":{"index":"index","follow":"follow","max-snippet":"max-snippet:-1","max-image-preview":"max-image-preview:large","max-video-preview":"max-video-preview:-1"},"canonical":"https:\/\/www.intoscana.it\/it\/medievalis-pontremoli-2019\/","og_locale":"it_IT","og_type":"article","og_title":"Tuffo nel passato a Pontremoli con la festa 'Medievalis'","og_description":"Dal 21 al 25 agosto tuffo nel passato a Pontremoli con la festa Medievalis","og_url":"https:\/\/www.intoscana.it\/it\/medievalis-pontremoli-2019\/","og_site_name":"intoscana","article_publisher":"https:\/\/www.facebook.com\/intoscana.it","article_published_time":"2019-07-29T08:39:56+00:00","article_modified_time":"2021-11-19T15:41:59+00:00","og_image":[{"width":2000,"height":1500,"url":"https:\/\/www.intoscana.it\/wp-content\/uploads\/20120824t182230026.jpg","type":"image\/jpeg"}],"author":"Redazione","twitter_card":"summary_large_image","twitter_creator":"@intoscana","twitter_site":"@intoscana","twitter_misc":{"Written by":"Redazione","Est. reading time":"2 minuti"},"schema":{"@context":"https:\/\/schema.org","@graph":[{"@type":"WebPage","@id":"https:\/\/www.intoscana.it\/it\/medievalis-pontremoli-2019\/","url":"https:\/\/www.intoscana.it\/it\/medievalis-pontremoli-2019\/","name":"Tuffo nel passato a Pontremoli con la festa 'Medievalis' - intoscana","isPartOf":{"@id":"https:\/\/www.intoscana.it\/it\/#website"},"primaryImageOfPage":{"@id":"https:\/\/www.intoscana.it\/it\/medievalis-pontremoli-2019\/#primaryimage"},"image":{"@id":"https:\/\/www.intoscana.it\/it\/medievalis-pontremoli-2019\/#primaryimage"},"thumbnailUrl":"https:\/\/www.intoscana.it\/wp-content\/uploads\/20120824t182230026.jpg","datePublished":"2019-07-29T08:39:56+00:00","dateModified":"2021-11-19T15:41:59+00:00","author":{"@id":"https:\/\/www.intoscana.it\/it\/#\/schema\/person\/9223810753230f20bd670fdd322661f8"},"description":"Dal 21 al 25 agosto tuffo nel passato a Pontremoli con la festa Medievalis","breadcrumb":{"@id":"https:\/\/www.intoscana.it\/it\/medievalis-pontremoli-2019\/#breadcrumb"},"inLanguage":"it-IT","potentialAction":[{"@type":"ReadAction","target":["https:\/\/www.intoscana.it\/it\/medievalis-pontremoli-2019\/"]}]},{"@type":"ImageObject","inLanguage":"it-IT","@id":"https:\/\/www.intoscana.it\/it\/medievalis-pontremoli-2019\/#primaryimage","url":"https:\/\/www.intoscana.it\/wp-content\/uploads\/20120824t182230026.jpg","contentUrl":"https:\/\/www.intoscana.it\/wp-content\/uploads\/20120824t182230026.jpg","width":2000,"height":1500,"caption":"Medievalis a Pontremoli"},{"@type":"BreadcrumbList","@id":"https:\/\/www.intoscana.it\/it\/medievalis-pontremoli-2019\/#breadcrumb","itemListElement":[{"@type":"ListItem","position":1,"name":"Home","item":"https:\/\/www.intoscana.it\/it\/"},{"@type":"ListItem","position":2,"name":"Tuffo nel passato a Pontremoli con la festa &#8216;Medievalis&#8217;"}]},{"@type":"WebSite","@id":"https:\/\/www.intoscana.it\/it\/#website","url":"https:\/\/www.intoscana.it\/it\/","name":"intoscana","description":"","potentialAction":[{"@type":"SearchAction","target":{"@type":"EntryPoint","urlTemplate":"https:\/\/www.intoscana.it\/it\/?s={search_term_string}"},"query-input":{"@type":"PropertyValueSpecification","valueRequired":true,"valueName":"search_term_string"}}],"inLanguage":"it-IT"},{"@type":"Person","@id":"https:\/\/www.intoscana.it\/it\/#\/schema\/person\/9223810753230f20bd670fdd322661f8","name":"Redazione","url":"https:\/\/www.intoscana.it\/it\/author\/redazione\/"}]}},"_links":{"self":[{"href":"https:\/\/www.intoscana.it\/it\/wp-json\/wp\/v2\/posts\/67278","targetHints":{"allow":["GET"]}}],"collection":[{"href":"https:\/\/www.intoscana.it\/it\/wp-json\/wp\/v2\/posts"}],"about":[{"href":"https:\/\/www.intoscana.it\/it\/wp-json\/wp\/v2\/types\/post"}],"author":[{"embeddable":true,"href":"https:\/\/www.intoscana.it\/it\/wp-json\/wp\/v2\/users\/525"}],"replies":[{"embeddable":true,"href":"https:\/\/www.intoscana.it\/it\/wp-json\/wp\/v2\/comments?post=67278"}],"version-history":[{"count":0,"href":"https:\/\/www.intoscana.it\/it\/wp-json\/wp\/v2\/posts\/67278\/revisions"}],"wp:featuredmedia":[{"embeddable":true,"href":"https:\/\/www.intoscana.it\/it\/wp-json\/wp\/v2\/media\/104801"}],"wp:attachment":[{"href":"https:\/\/www.intoscana.it\/it\/wp-json\/wp\/v2\/media?parent=67278"}],"wp:term":[{"taxonomy":"category","embeddable":true,"href":"https:\/\/www.intoscana.it\/it\/wp-json\/wp\/v2\/categories?post=67278"},{"taxonomy":"post_tag","embeddable":true,"href":"https:\/\/www.intoscana.it\/it\/wp-json\/wp\/v2\/tags?post=67278"}],"curies":[{"name":"wp","href":"https:\/\/api.w.org\/{rel}","templated":true}]}}