{"id":67288,"date":"2019-09-24T10:39:06","date_gmt":"2019-09-24T10:39:06","guid":{"rendered":"http:\/\/www.intoscana.it\/firenze-nella-top-5-delle-destinazioni-per-una-fuga-fuori-stagione\/"},"modified":"2020-05-18T09:34:26","modified_gmt":"2020-05-18T07:34:26","slug":"firenze-nella-top-5-delle-destinazioni-per-una-fuga-fuori-stagione","status":"publish","type":"post","link":"https:\/\/www.intoscana.it\/it\/firenze-nella-top-5-delle-destinazioni-per-una-fuga-fuori-stagione\/","title":{"rendered":"Firenze nella top 5 delle destinazioni per una &#8216;fuga&#8217; fuori stagione"},"content":{"rendered":"<p>Lasciata ormai l\u2019estate alle spalle,<strong> i viaggiatori di tutta Italia stanno gi\u00e0 pianificando piccole vacanze rigeneranti per i mesi autunnali,<\/strong> sebbene quest\u2019anno i mesi di <strong>settembre, ottobre e novembre non offrano speciali ponti lunghi.<\/strong> Per chi vuole concedersi <strong>nuove fughe, brevi ma intense, anche fuori stagione,<\/strong> ed \u00e8 in cerca di ispirazione senza allontanarsi troppo da casa, <strong>momondo.it,&nbsp;<\/strong>la piattaforma digitale per la ricerca di voli e hotel, ha stilato la classifica delle<strong> 15 destinazioni italiane pi\u00f9 amate dai connazionali.<\/strong><\/p>\n<p>Secondo i dati momondo, quest\u2019anno si registrer\u00e0 un aumento di ricerche sulle mete domestiche pi\u00f9 popolari e si spender\u00e0 anche meno rispetto all\u2019anno passato: <strong>nove delle citt\u00e0 in classifica segnalano, infatti, una diminuzione dei prezzi medi a notte fino al 25% rispetto allo scorso anno<\/strong>. Inoltre, questo autunno, gli italiani che decideranno di partire alla scoperta del Bel Paese, opteranno soprattutto per<strong> soggiorni medio brevi<\/strong>: il 60% delle destinazioni in classifica registra, infatti, una diminuzione della durata del soggiorno, da una fino a cinque notti in meno rispetto al 2018.<\/p>\n<p>Che gli italiani amassero <strong>Roma<\/strong>, non \u00e8 mai stato un segreto, ma sul podio, quest\u2019anno la capitale cede il posto da<strong> capolista alla vivace e attiva Milano,<\/strong> perfetta per i viaggiatori pi\u00f9 glam che non badano a spese per vivere gli eventi della metropoli lombarda.<strong> Terzo posto per la colorata isola vulcanica del Golfo di Napoli, Ischia<\/strong>.<\/p>\n<p>Gli italiani confermano la <strong>passione per l\u2019arte e la cultura nostrana<\/strong>. Nella top 10 infatti si classificano altre tre citt\u00e0 famose in tutto il mondo per i loro musei e le grandi opere architettoniche: <strong>Firenze, Napoli e Venezia<\/strong>, rispettivamente al <strong>4\u00b0, 5\u00b0 e 6\u00b0 posto, <\/strong>segue in classifica<strong> Bologna, la vivace citt\u00e0 universitaria.&nbsp;<\/strong><\/p>\n<p>Confidando negli ultimi raggi di sole e nel tepore autunnale, non mancano in agenda le destinazioni balneari, che mettono d\u2019accordo tutti gli italiani. <strong>L\u2019Emilia Romagna trionfa in classifica con ben 3 destinazioni tra le prime 10<\/strong>: <strong>Riccione<\/strong> (9\u00b0), <strong>Rimini<\/strong> (11\u00b0) e <strong>Bellaria-Igea Marina<\/strong> (14\u00b0). Le lunghe spiagge sabbiose della Riviera romagnola sono anche tra le mete pi\u00f9 economiche per una vacanza autunnale formato famiglia.<\/p>\n<p>Seguono a ruota la <strong>Sicilia<\/strong> con due destinazioni in classifica,<strong> San Vito Lo Capo<\/strong> in 8\u00b0 posizione e <strong>Lampedusa<\/strong> che chiude la top 10, e il <strong>Veneto<\/strong>, con <strong>Jesolo<\/strong> in 7\u00b0 posizione.&nbsp;Fanalino di coda la <strong>Puglia,<\/strong> che chiude la classifica con <strong>Vieste al 15\u00b0 posto<\/strong>.&nbsp;<\/p>\n<p>\u201cL\u2019Italia \u00e8 in grado di attrarre e affascinare <strong>qualunque tipo di viaggiatore che voglia concedersi momenti di scoperta anche al di fuori dei canonici periodi dedicati alle ferie,<\/strong> per rilassarsi al mare o ammirare le meraviglie architettoniche del proprio Paese. Per questo vogliamo supportarli con strumenti che possano rispondere al meglio alle loro esigenze. Il nostro obiettivo \u00e8 quello di fornire consigli, spunti di ispirazione e tool utili per organizzare al meglio qualunque itinerario di viaggio\u201d commenta <strong>Cristina Oliosi, spokesperson per<a href=\"http:\/\/%20www.momondo.it\" target=\"_blank\" rel=\"noopener noreferrer\"> momondo.it<\/a>.<\/strong><\/p>\n","protected":false},"excerpt":{"rendered":"<p>Momondo ha stilato la classifica delle 15 localit\u00e0 pi\u00f9 amate dai viaggiatori &#8216;autunnali&#8217; di tutta Italia<\/p>\n","protected":false},"author":525,"featured_media":104811,"comment_status":"open","ping_status":"open","sticky":false,"template":"","format":"standard","meta":{"_acf_changed":false,"footnotes":""},"categories":[6],"tags":[202,143],"class_list":["post-67288","post","type-post","status-publish","format-standard","has-post-thumbnail","hentry","category-viaggi","tag-firenze","tag-turismo"],"acf":[],"yoast_head":"<!-- This site is optimized with the Yoast SEO Premium plugin v24.2 (Yoast SEO v25.6) - https:\/\/yoast.com\/wordpress\/plugins\/seo\/ -->\n<title>Firenze nella top 5 delle destinazioni per una &#039;fuga&#039; fuori stagione - intoscana<\/title>\n<meta name=\"robots\" content=\"index, follow, max-snippet:-1, max-image-preview:large, max-video-preview:-1\" \/>\n<link rel=\"canonical\" href=\"https:\/\/www.intoscana.it\/it\/firenze-nella-top-5-delle-destinazioni-per-una-fuga-fuori-stagione\/\" \/>\n<meta property=\"og:locale\" content=\"it_IT\" \/>\n<meta property=\"og:type\" content=\"article\" \/>\n<meta property=\"og:title\" content=\"Firenze nella top 5 delle destinazioni per una &#039;fuga&#039; fuori stagione\" \/>\n<meta property=\"og:description\" content=\"Momondo ha stilato la classifica delle 15 localit\u00e0 pi\u00f9 amate dai viaggiatori &#039;autunnali&#039; di tutta Italia\" \/>\n<meta property=\"og:url\" content=\"https:\/\/www.intoscana.it\/it\/firenze-nella-top-5-delle-destinazioni-per-una-fuga-fuori-stagione\/\" \/>\n<meta property=\"og:site_name\" content=\"intoscana\" \/>\n<meta property=\"article:publisher\" content=\"https:\/\/www.facebook.com\/intoscana.it\" \/>\n<meta property=\"article:published_time\" content=\"2019-09-24T10:39:06+00:00\" \/>\n<meta property=\"article:modified_time\" content=\"2020-05-18T07:34:26+00:00\" \/>\n<meta property=\"og:image\" content=\"https:\/\/www.intoscana.it\/wp-content\/uploads\/dest_italy_florence_gettyimages-492581136_universal_within-usage-period_26605.jpg\" \/>\n\t<meta property=\"og:image:width\" content=\"1200\" \/>\n\t<meta property=\"og:image:height\" content=\"800\" \/>\n\t<meta property=\"og:image:type\" content=\"image\/jpeg\" \/>\n<meta name=\"author\" content=\"Redazione\" \/>\n<meta name=\"twitter:card\" content=\"summary_large_image\" \/>\n<meta name=\"twitter:creator\" content=\"@intoscana\" \/>\n<meta name=\"twitter:site\" content=\"@intoscana\" \/>\n<meta name=\"twitter:label1\" content=\"Written by\" \/>\n\t<meta name=\"twitter:data1\" content=\"Redazione\" \/>\n\t<meta name=\"twitter:label2\" content=\"Est. reading time\" \/>\n\t<meta name=\"twitter:data2\" content=\"2 minuti\" \/>\n<script type=\"application\/ld+json\" class=\"yoast-schema-graph\">{\"@context\":\"https:\/\/schema.org\",\"@graph\":[{\"@type\":\"WebPage\",\"@id\":\"https:\/\/www.intoscana.it\/it\/firenze-nella-top-5-delle-destinazioni-per-una-fuga-fuori-stagione\/\",\"url\":\"https:\/\/www.intoscana.it\/it\/firenze-nella-top-5-delle-destinazioni-per-una-fuga-fuori-stagione\/\",\"name\":\"Firenze nella top 5 delle destinazioni per una 'fuga' fuori stagione - intoscana\",\"isPartOf\":{\"@id\":\"https:\/\/www.intoscana.it\/it\/#website\"},\"primaryImageOfPage\":{\"@id\":\"https:\/\/www.intoscana.it\/it\/firenze-nella-top-5-delle-destinazioni-per-una-fuga-fuori-stagione\/#primaryimage\"},\"image\":{\"@id\":\"https:\/\/www.intoscana.it\/it\/firenze-nella-top-5-delle-destinazioni-per-una-fuga-fuori-stagione\/#primaryimage\"},\"thumbnailUrl\":\"https:\/\/www.intoscana.it\/wp-content\/uploads\/dest_italy_florence_gettyimages-492581136_universal_within-usage-period_26605.jpg\",\"datePublished\":\"2019-09-24T10:39:06+00:00\",\"dateModified\":\"2020-05-18T07:34:26+00:00\",\"author\":{\"@id\":\"https:\/\/www.intoscana.it\/it\/#\/schema\/person\/9223810753230f20bd670fdd322661f8\"},\"breadcrumb\":{\"@id\":\"https:\/\/www.intoscana.it\/it\/firenze-nella-top-5-delle-destinazioni-per-una-fuga-fuori-stagione\/#breadcrumb\"},\"inLanguage\":\"it-IT\",\"potentialAction\":[{\"@type\":\"ReadAction\",\"target\":[\"https:\/\/www.intoscana.it\/it\/firenze-nella-top-5-delle-destinazioni-per-una-fuga-fuori-stagione\/\"]}]},{\"@type\":\"ImageObject\",\"inLanguage\":\"it-IT\",\"@id\":\"https:\/\/www.intoscana.it\/it\/firenze-nella-top-5-delle-destinazioni-per-una-fuga-fuori-stagione\/#primaryimage\",\"url\":\"https:\/\/www.intoscana.it\/wp-content\/uploads\/dest_italy_florence_gettyimages-492581136_universal_within-usage-period_26605.jpg\",\"contentUrl\":\"https:\/\/www.intoscana.it\/wp-content\/uploads\/dest_italy_florence_gettyimages-492581136_universal_within-usage-period_26605.jpg\",\"width\":1200,\"height\":800,\"caption\":\"Firenze nella top 5 delle destinazioni preferite per una fuga fuori stagione\"},{\"@type\":\"BreadcrumbList\",\"@id\":\"https:\/\/www.intoscana.it\/it\/firenze-nella-top-5-delle-destinazioni-per-una-fuga-fuori-stagione\/#breadcrumb\",\"itemListElement\":[{\"@type\":\"ListItem\",\"position\":1,\"name\":\"Home\",\"item\":\"https:\/\/www.intoscana.it\/it\/\"},{\"@type\":\"ListItem\",\"position\":2,\"name\":\"Firenze nella top 5 delle destinazioni per una &#8216;fuga&#8217; fuori stagione\"}]},{\"@type\":\"WebSite\",\"@id\":\"https:\/\/www.intoscana.it\/it\/#website\",\"url\":\"https:\/\/www.intoscana.it\/it\/\",\"name\":\"intoscana\",\"description\":\"\",\"potentialAction\":[{\"@type\":\"SearchAction\",\"target\":{\"@type\":\"EntryPoint\",\"urlTemplate\":\"https:\/\/www.intoscana.it\/it\/?s={search_term_string}\"},\"query-input\":{\"@type\":\"PropertyValueSpecification\",\"valueRequired\":true,\"valueName\":\"search_term_string\"}}],\"inLanguage\":\"it-IT\"},{\"@type\":\"Person\",\"@id\":\"https:\/\/www.intoscana.it\/it\/#\/schema\/person\/9223810753230f20bd670fdd322661f8\",\"name\":\"Redazione\",\"url\":\"https:\/\/www.intoscana.it\/it\/author\/redazione\/\"}]}<\/script>\n<!-- \/ Yoast SEO Premium plugin. -->","yoast_head_json":{"title":"Firenze nella top 5 delle destinazioni per una 'fuga' fuori stagione - intoscana","robots":{"index":"index","follow":"follow","max-snippet":"max-snippet:-1","max-image-preview":"max-image-preview:large","max-video-preview":"max-video-preview:-1"},"canonical":"https:\/\/www.intoscana.it\/it\/firenze-nella-top-5-delle-destinazioni-per-una-fuga-fuori-stagione\/","og_locale":"it_IT","og_type":"article","og_title":"Firenze nella top 5 delle destinazioni per una 'fuga' fuori stagione","og_description":"Momondo ha stilato la classifica delle 15 localit\u00e0 pi\u00f9 amate dai viaggiatori 'autunnali' di tutta Italia","og_url":"https:\/\/www.intoscana.it\/it\/firenze-nella-top-5-delle-destinazioni-per-una-fuga-fuori-stagione\/","og_site_name":"intoscana","article_publisher":"https:\/\/www.facebook.com\/intoscana.it","article_published_time":"2019-09-24T10:39:06+00:00","article_modified_time":"2020-05-18T07:34:26+00:00","og_image":[{"width":1200,"height":800,"url":"https:\/\/www.intoscana.it\/wp-content\/uploads\/dest_italy_florence_gettyimages-492581136_universal_within-usage-period_26605.jpg","type":"image\/jpeg"}],"author":"Redazione","twitter_card":"summary_large_image","twitter_creator":"@intoscana","twitter_site":"@intoscana","twitter_misc":{"Written by":"Redazione","Est. reading time":"2 minuti"},"schema":{"@context":"https:\/\/schema.org","@graph":[{"@type":"WebPage","@id":"https:\/\/www.intoscana.it\/it\/firenze-nella-top-5-delle-destinazioni-per-una-fuga-fuori-stagione\/","url":"https:\/\/www.intoscana.it\/it\/firenze-nella-top-5-delle-destinazioni-per-una-fuga-fuori-stagione\/","name":"Firenze nella top 5 delle destinazioni per una 'fuga' fuori stagione - intoscana","isPartOf":{"@id":"https:\/\/www.intoscana.it\/it\/#website"},"primaryImageOfPage":{"@id":"https:\/\/www.intoscana.it\/it\/firenze-nella-top-5-delle-destinazioni-per-una-fuga-fuori-stagione\/#primaryimage"},"image":{"@id":"https:\/\/www.intoscana.it\/it\/firenze-nella-top-5-delle-destinazioni-per-una-fuga-fuori-stagione\/#primaryimage"},"thumbnailUrl":"https:\/\/www.intoscana.it\/wp-content\/uploads\/dest_italy_florence_gettyimages-492581136_universal_within-usage-period_26605.jpg","datePublished":"2019-09-24T10:39:06+00:00","dateModified":"2020-05-18T07:34:26+00:00","author":{"@id":"https:\/\/www.intoscana.it\/it\/#\/schema\/person\/9223810753230f20bd670fdd322661f8"},"breadcrumb":{"@id":"https:\/\/www.intoscana.it\/it\/firenze-nella-top-5-delle-destinazioni-per-una-fuga-fuori-stagione\/#breadcrumb"},"inLanguage":"it-IT","potentialAction":[{"@type":"ReadAction","target":["https:\/\/www.intoscana.it\/it\/firenze-nella-top-5-delle-destinazioni-per-una-fuga-fuori-stagione\/"]}]},{"@type":"ImageObject","inLanguage":"it-IT","@id":"https:\/\/www.intoscana.it\/it\/firenze-nella-top-5-delle-destinazioni-per-una-fuga-fuori-stagione\/#primaryimage","url":"https:\/\/www.intoscana.it\/wp-content\/uploads\/dest_italy_florence_gettyimages-492581136_universal_within-usage-period_26605.jpg","contentUrl":"https:\/\/www.intoscana.it\/wp-content\/uploads\/dest_italy_florence_gettyimages-492581136_universal_within-usage-period_26605.jpg","width":1200,"height":800,"caption":"Firenze nella top 5 delle destinazioni preferite per una fuga fuori stagione"},{"@type":"BreadcrumbList","@id":"https:\/\/www.intoscana.it\/it\/firenze-nella-top-5-delle-destinazioni-per-una-fuga-fuori-stagione\/#breadcrumb","itemListElement":[{"@type":"ListItem","position":1,"name":"Home","item":"https:\/\/www.intoscana.it\/it\/"},{"@type":"ListItem","position":2,"name":"Firenze nella top 5 delle destinazioni per una &#8216;fuga&#8217; fuori stagione"}]},{"@type":"WebSite","@id":"https:\/\/www.intoscana.it\/it\/#website","url":"https:\/\/www.intoscana.it\/it\/","name":"intoscana","description":"","potentialAction":[{"@type":"SearchAction","target":{"@type":"EntryPoint","urlTemplate":"https:\/\/www.intoscana.it\/it\/?s={search_term_string}"},"query-input":{"@type":"PropertyValueSpecification","valueRequired":true,"valueName":"search_term_string"}}],"inLanguage":"it-IT"},{"@type":"Person","@id":"https:\/\/www.intoscana.it\/it\/#\/schema\/person\/9223810753230f20bd670fdd322661f8","name":"Redazione","url":"https:\/\/www.intoscana.it\/it\/author\/redazione\/"}]}},"_links":{"self":[{"href":"https:\/\/www.intoscana.it\/it\/wp-json\/wp\/v2\/posts\/67288","targetHints":{"allow":["GET"]}}],"collection":[{"href":"https:\/\/www.intoscana.it\/it\/wp-json\/wp\/v2\/posts"}],"about":[{"href":"https:\/\/www.intoscana.it\/it\/wp-json\/wp\/v2\/types\/post"}],"author":[{"embeddable":true,"href":"https:\/\/www.intoscana.it\/it\/wp-json\/wp\/v2\/users\/525"}],"replies":[{"embeddable":true,"href":"https:\/\/www.intoscana.it\/it\/wp-json\/wp\/v2\/comments?post=67288"}],"version-history":[{"count":0,"href":"https:\/\/www.intoscana.it\/it\/wp-json\/wp\/v2\/posts\/67288\/revisions"}],"wp:featuredmedia":[{"embeddable":true,"href":"https:\/\/www.intoscana.it\/it\/wp-json\/wp\/v2\/media\/104811"}],"wp:attachment":[{"href":"https:\/\/www.intoscana.it\/it\/wp-json\/wp\/v2\/media?parent=67288"}],"wp:term":[{"taxonomy":"category","embeddable":true,"href":"https:\/\/www.intoscana.it\/it\/wp-json\/wp\/v2\/categories?post=67288"},{"taxonomy":"post_tag","embeddable":true,"href":"https:\/\/www.intoscana.it\/it\/wp-json\/wp\/v2\/tags?post=67288"}],"curies":[{"name":"wp","href":"https:\/\/api.w.org\/{rel}","templated":true}]}}