{"id":67291,"date":"2019-09-25T09:36:34","date_gmt":"2019-09-25T09:36:34","guid":{"rendered":"http:\/\/www.intoscana.it\/il-turismo-sportivo-e-termale-protagonista-alla-bts-allisola-delba\/"},"modified":"2020-05-19T16:05:23","modified_gmt":"2020-05-19T14:05:23","slug":"bts-elba","status":"publish","type":"post","link":"https:\/\/www.intoscana.it\/it\/bts-elba\/","title":{"rendered":"Il turismo sportivo e termale protagonista alla Bts all&#8217;Isola d&#8217;Elba"},"content":{"rendered":"<p>Quattro giorni di confronti, educational alla scoperta del territorio e workshop professionali per gli operatori del settore legati alle potenzialit\u00e0 della vacanza attiva e outdoor. \u00c8 questo il programma della 26ima edizione della <strong><a href=\"https:\/\/www.btselba.com\/\" target=\"_blank\" rel=\"noopener noreferrer\">Borsa del Turismo Sportivo, Attivo e del Benessere Termale<\/a>, che quest&#8217;anno arriva dal 3 al 7 ottobre all&#8217;Hotel Hermitage Baia della Biodola a Portoferraio, all&#8217;Isola de&#8217;Elba.<\/strong><\/p>\n<p>Il segmento mondiale turismo-avventura <strong>vale oggi poco meno di 300 miliardi di euro e vede l&#8217;Europa tra le destinazioni pi\u00f9 richieste,<\/strong> con un valore economico in crescita nell&#8217;ultimo anno del 27%.<br \/>La Bts all&#8217;Elba sar\u00e0 l&#8217;occasione anche per fare il punto su come sfruttare le potenzialit\u00e0 del territorio toscano sul versante del turismo sportivo, per capire come venire incontro al meglio alla voglia dei visitatori di fare esperienze, scoprire le tipicit\u00e0 locali e sentirsi coinvolti nella vita delle comunit\u00e0.&nbsp;<\/p>\n<p>&#8220;Chi decide di venire in Toscana in vacanza &#8211; sottolinea l&#8217;assessore toscano al turismo Stefano Ciuoffo &#8211; non viene solo a fare villeggiatura. <strong>Spesso \u00e8 alla ricerca di esperienze, vuole comprendere le tipicit\u00e0 dei luoghi, essere sollecitato e stimolato a fare un&#8217;esperienza diretta e a cogliere un&#8217;emozione:<\/strong> lo sport, sotto questo profilo, probabilmente \u00e8 il veicolo pi\u00f9 diretto. La Bts racconta questa specificit\u00e0 e lo fa dall&#8217;Isola d&#8217;Elba, sfruttando un punto d&#8217;osservazione privilegiato. Dal mare, con immersioni e sport nautici, fino all&#8217;entroterra con la montagna, il trekking, il ciclismo, le passeggiate. <strong>L&#8217;Elba e l&#8217;Arcipelago hanno tutte queste potenzialit\u00e0, spetta a noi raccontarle e valorizzarle<\/strong> per dar vita a una buona economia per tante comunit\u00e0 e per diversificare un&#8217;offerta turistica che sappia andare oltre le citt\u00e0 d&#8217;arte&#8221;.&nbsp;<\/p>\n<p>&#8220;Le strutture ricettive &#8211; ha spiegato il direttore di Toscana Promozione Turistica, Francesco Palumbo &#8211; hanno dimostrato di saper cambiare ed evolversi per accogliere questo tipo di turismo modificando la propria offerta. <strong>Un tipo di turismo che permette di scoprire un&#8217;altra Elba e che ha dimostrato di avere grandi potenzialit\u00e0:<\/strong> i turisti tradizionali del nord Europa e del nord America sono molto interessati, vogliono una vacanza sostenibile e sono disposti a spendere fino al 5% in pi\u00f9 per un pacchetto turistico che abbia queste caratteristiche&#8221;. <\/p>\n","protected":false},"excerpt":{"rendered":"<p>Dal 3 al 7 ottobre Portoferraio ospita la 26ima edizione della Borsa del Turismo Sportivo, Attivo e del Benessere Termale<\/p>\n","protected":false},"author":525,"featured_media":104814,"comment_status":"open","ping_status":"open","sticky":false,"template":"","format":"standard","meta":{"_acf_changed":false,"footnotes":""},"categories":[6],"tags":[143],"class_list":["post-67291","post","type-post","status-publish","format-standard","has-post-thumbnail","hentry","category-viaggi","tag-turismo"],"acf":[],"yoast_head":"<!-- This site is optimized with the Yoast SEO Premium plugin v24.2 (Yoast SEO v25.6) - https:\/\/yoast.com\/wordpress\/plugins\/seo\/ -->\n<title>Il turismo sportivo e termale protagonista alla Bts all&#039;Isola d&#039;Elba - intoscana<\/title>\n<meta name=\"robots\" content=\"index, follow, max-snippet:-1, max-image-preview:large, max-video-preview:-1\" \/>\n<link rel=\"canonical\" href=\"https:\/\/www.intoscana.it\/it\/bts-elba\/\" \/>\n<meta property=\"og:locale\" content=\"it_IT\" \/>\n<meta property=\"og:type\" content=\"article\" \/>\n<meta property=\"og:title\" content=\"Il turismo sportivo e termale protagonista alla Bts all&#039;Isola d&#039;Elba\" \/>\n<meta property=\"og:description\" content=\"Dal 3 al 7 ottobre Portoferraio ospita la 26ima edizione della Borsa del Turismo Sportivo, Attivo e del Benessere Termale\" \/>\n<meta property=\"og:url\" content=\"https:\/\/www.intoscana.it\/it\/bts-elba\/\" \/>\n<meta property=\"og:site_name\" content=\"intoscana\" \/>\n<meta property=\"article:publisher\" content=\"https:\/\/www.facebook.com\/intoscana.it\" \/>\n<meta property=\"article:published_time\" content=\"2019-09-25T09:36:34+00:00\" \/>\n<meta property=\"article:modified_time\" content=\"2020-05-19T14:05:23+00:00\" \/>\n<meta property=\"og:image\" content=\"https:\/\/www.intoscana.it\/wp-content\/uploads\/trekking-elba-1024x683_wp7_19019-1.jpg\" \/>\n\t<meta property=\"og:image:width\" content=\"1024\" \/>\n\t<meta property=\"og:image:height\" content=\"683\" \/>\n\t<meta property=\"og:image:type\" content=\"image\/jpeg\" \/>\n<meta name=\"author\" content=\"Redazione\" \/>\n<meta name=\"twitter:card\" content=\"summary_large_image\" \/>\n<meta name=\"twitter:creator\" content=\"@intoscana\" \/>\n<meta name=\"twitter:site\" content=\"@intoscana\" \/>\n<meta name=\"twitter:label1\" content=\"Written by\" \/>\n\t<meta name=\"twitter:data1\" content=\"Redazione\" \/>\n\t<meta name=\"twitter:label2\" content=\"Est. reading time\" \/>\n\t<meta name=\"twitter:data2\" content=\"2 minuti\" \/>\n<script type=\"application\/ld+json\" class=\"yoast-schema-graph\">{\"@context\":\"https:\/\/schema.org\",\"@graph\":[{\"@type\":\"WebPage\",\"@id\":\"https:\/\/www.intoscana.it\/it\/bts-elba\/\",\"url\":\"https:\/\/www.intoscana.it\/it\/bts-elba\/\",\"name\":\"Il turismo sportivo e termale protagonista alla Bts all'Isola d'Elba - intoscana\",\"isPartOf\":{\"@id\":\"https:\/\/www.intoscana.it\/it\/#website\"},\"primaryImageOfPage\":{\"@id\":\"https:\/\/www.intoscana.it\/it\/bts-elba\/#primaryimage\"},\"image\":{\"@id\":\"https:\/\/www.intoscana.it\/it\/bts-elba\/#primaryimage\"},\"thumbnailUrl\":\"https:\/\/www.intoscana.it\/wp-content\/uploads\/trekking-elba-1024x683_wp7_19019-1.jpg\",\"datePublished\":\"2019-09-25T09:36:34+00:00\",\"dateModified\":\"2020-05-19T14:05:23+00:00\",\"author\":{\"@id\":\"https:\/\/www.intoscana.it\/it\/#\/schema\/person\/9223810753230f20bd670fdd322661f8\"},\"breadcrumb\":{\"@id\":\"https:\/\/www.intoscana.it\/it\/bts-elba\/#breadcrumb\"},\"inLanguage\":\"it-IT\",\"potentialAction\":[{\"@type\":\"ReadAction\",\"target\":[\"https:\/\/www.intoscana.it\/it\/bts-elba\/\"]}]},{\"@type\":\"ImageObject\",\"inLanguage\":\"it-IT\",\"@id\":\"https:\/\/www.intoscana.it\/it\/bts-elba\/#primaryimage\",\"url\":\"https:\/\/www.intoscana.it\/wp-content\/uploads\/trekking-elba-1024x683_wp7_19019-1.jpg\",\"contentUrl\":\"https:\/\/www.intoscana.it\/wp-content\/uploads\/trekking-elba-1024x683_wp7_19019-1.jpg\",\"width\":1024,\"height\":683,\"caption\":\"Trekking all'Elba\"},{\"@type\":\"BreadcrumbList\",\"@id\":\"https:\/\/www.intoscana.it\/it\/bts-elba\/#breadcrumb\",\"itemListElement\":[{\"@type\":\"ListItem\",\"position\":1,\"name\":\"Home\",\"item\":\"https:\/\/www.intoscana.it\/it\/\"},{\"@type\":\"ListItem\",\"position\":2,\"name\":\"Il turismo sportivo e termale protagonista alla Bts all&#8217;Isola d&#8217;Elba\"}]},{\"@type\":\"WebSite\",\"@id\":\"https:\/\/www.intoscana.it\/it\/#website\",\"url\":\"https:\/\/www.intoscana.it\/it\/\",\"name\":\"intoscana\",\"description\":\"\",\"potentialAction\":[{\"@type\":\"SearchAction\",\"target\":{\"@type\":\"EntryPoint\",\"urlTemplate\":\"https:\/\/www.intoscana.it\/it\/?s={search_term_string}\"},\"query-input\":{\"@type\":\"PropertyValueSpecification\",\"valueRequired\":true,\"valueName\":\"search_term_string\"}}],\"inLanguage\":\"it-IT\"},{\"@type\":\"Person\",\"@id\":\"https:\/\/www.intoscana.it\/it\/#\/schema\/person\/9223810753230f20bd670fdd322661f8\",\"name\":\"Redazione\",\"url\":\"https:\/\/www.intoscana.it\/it\/author\/redazione\/\"}]}<\/script>\n<!-- \/ Yoast SEO Premium plugin. -->","yoast_head_json":{"title":"Il turismo sportivo e termale protagonista alla Bts all'Isola d'Elba - intoscana","robots":{"index":"index","follow":"follow","max-snippet":"max-snippet:-1","max-image-preview":"max-image-preview:large","max-video-preview":"max-video-preview:-1"},"canonical":"https:\/\/www.intoscana.it\/it\/bts-elba\/","og_locale":"it_IT","og_type":"article","og_title":"Il turismo sportivo e termale protagonista alla Bts all'Isola d'Elba","og_description":"Dal 3 al 7 ottobre Portoferraio ospita la 26ima edizione della Borsa del Turismo Sportivo, Attivo e del Benessere Termale","og_url":"https:\/\/www.intoscana.it\/it\/bts-elba\/","og_site_name":"intoscana","article_publisher":"https:\/\/www.facebook.com\/intoscana.it","article_published_time":"2019-09-25T09:36:34+00:00","article_modified_time":"2020-05-19T14:05:23+00:00","og_image":[{"width":1024,"height":683,"url":"https:\/\/www.intoscana.it\/wp-content\/uploads\/trekking-elba-1024x683_wp7_19019-1.jpg","type":"image\/jpeg"}],"author":"Redazione","twitter_card":"summary_large_image","twitter_creator":"@intoscana","twitter_site":"@intoscana","twitter_misc":{"Written by":"Redazione","Est. reading time":"2 minuti"},"schema":{"@context":"https:\/\/schema.org","@graph":[{"@type":"WebPage","@id":"https:\/\/www.intoscana.it\/it\/bts-elba\/","url":"https:\/\/www.intoscana.it\/it\/bts-elba\/","name":"Il turismo sportivo e termale protagonista alla Bts all'Isola d'Elba - intoscana","isPartOf":{"@id":"https:\/\/www.intoscana.it\/it\/#website"},"primaryImageOfPage":{"@id":"https:\/\/www.intoscana.it\/it\/bts-elba\/#primaryimage"},"image":{"@id":"https:\/\/www.intoscana.it\/it\/bts-elba\/#primaryimage"},"thumbnailUrl":"https:\/\/www.intoscana.it\/wp-content\/uploads\/trekking-elba-1024x683_wp7_19019-1.jpg","datePublished":"2019-09-25T09:36:34+00:00","dateModified":"2020-05-19T14:05:23+00:00","author":{"@id":"https:\/\/www.intoscana.it\/it\/#\/schema\/person\/9223810753230f20bd670fdd322661f8"},"breadcrumb":{"@id":"https:\/\/www.intoscana.it\/it\/bts-elba\/#breadcrumb"},"inLanguage":"it-IT","potentialAction":[{"@type":"ReadAction","target":["https:\/\/www.intoscana.it\/it\/bts-elba\/"]}]},{"@type":"ImageObject","inLanguage":"it-IT","@id":"https:\/\/www.intoscana.it\/it\/bts-elba\/#primaryimage","url":"https:\/\/www.intoscana.it\/wp-content\/uploads\/trekking-elba-1024x683_wp7_19019-1.jpg","contentUrl":"https:\/\/www.intoscana.it\/wp-content\/uploads\/trekking-elba-1024x683_wp7_19019-1.jpg","width":1024,"height":683,"caption":"Trekking all'Elba"},{"@type":"BreadcrumbList","@id":"https:\/\/www.intoscana.it\/it\/bts-elba\/#breadcrumb","itemListElement":[{"@type":"ListItem","position":1,"name":"Home","item":"https:\/\/www.intoscana.it\/it\/"},{"@type":"ListItem","position":2,"name":"Il turismo sportivo e termale protagonista alla Bts all&#8217;Isola d&#8217;Elba"}]},{"@type":"WebSite","@id":"https:\/\/www.intoscana.it\/it\/#website","url":"https:\/\/www.intoscana.it\/it\/","name":"intoscana","description":"","potentialAction":[{"@type":"SearchAction","target":{"@type":"EntryPoint","urlTemplate":"https:\/\/www.intoscana.it\/it\/?s={search_term_string}"},"query-input":{"@type":"PropertyValueSpecification","valueRequired":true,"valueName":"search_term_string"}}],"inLanguage":"it-IT"},{"@type":"Person","@id":"https:\/\/www.intoscana.it\/it\/#\/schema\/person\/9223810753230f20bd670fdd322661f8","name":"Redazione","url":"https:\/\/www.intoscana.it\/it\/author\/redazione\/"}]}},"_links":{"self":[{"href":"https:\/\/www.intoscana.it\/it\/wp-json\/wp\/v2\/posts\/67291","targetHints":{"allow":["GET"]}}],"collection":[{"href":"https:\/\/www.intoscana.it\/it\/wp-json\/wp\/v2\/posts"}],"about":[{"href":"https:\/\/www.intoscana.it\/it\/wp-json\/wp\/v2\/types\/post"}],"author":[{"embeddable":true,"href":"https:\/\/www.intoscana.it\/it\/wp-json\/wp\/v2\/users\/525"}],"replies":[{"embeddable":true,"href":"https:\/\/www.intoscana.it\/it\/wp-json\/wp\/v2\/comments?post=67291"}],"version-history":[{"count":0,"href":"https:\/\/www.intoscana.it\/it\/wp-json\/wp\/v2\/posts\/67291\/revisions"}],"wp:featuredmedia":[{"embeddable":true,"href":"https:\/\/www.intoscana.it\/it\/wp-json\/wp\/v2\/media\/104814"}],"wp:attachment":[{"href":"https:\/\/www.intoscana.it\/it\/wp-json\/wp\/v2\/media?parent=67291"}],"wp:term":[{"taxonomy":"category","embeddable":true,"href":"https:\/\/www.intoscana.it\/it\/wp-json\/wp\/v2\/categories?post=67291"},{"taxonomy":"post_tag","embeddable":true,"href":"https:\/\/www.intoscana.it\/it\/wp-json\/wp\/v2\/tags?post=67291"}],"curies":[{"name":"wp","href":"https:\/\/api.w.org\/{rel}","templated":true}]}}