{"id":67336,"date":"2019-03-01T10:22:23","date_gmt":"2019-03-01T10:22:23","guid":{"rendered":"http:\/\/www.intoscana.it\/sposarsi-a-firenze-nozze-anche-nel-complesso-di-santa-maria-novella\/"},"modified":"2020-05-18T09:34:41","modified_gmt":"2020-05-18T07:34:41","slug":"sposarsi-a-firenze-nozze-anche-nel-complesso-di-santa-maria-novella","status":"publish","type":"post","link":"https:\/\/www.intoscana.it\/it\/sposarsi-a-firenze-nozze-anche-nel-complesso-di-santa-maria-novella\/","title":{"rendered":"Sposarsi a Firenze: nozze anche nel complesso di Santa Maria Novella"},"content":{"rendered":"<p><strong>Marce nuziali e fiori d&#8217;arancio anche nel complesso di Santa Maria Novella, a Firenze.<\/strong> Da settembre sar\u00e0 possibile dirsi di s\u00ec con rito civile nei<strong> locali della ex-infermeria: il Comune di Firenze ha deciso di metterli a disposizione, di fiorentini e non,<\/strong> per la celebrazione di massimo due matrimoni civili alla settimana.<\/p>\n<p><strong>Ci si potr\u00e0 sposare mercoled\u00ec e gioved\u00ec, alle 13<\/strong> e, per quanto riguarda le tariffe questi due giorni saranno completamente assimilati alla cosiddetta &#8216;attivit\u00e0 istituzionale doverosa&#8217;. Dunque<strong> non si pagher\u00e0 niente se uno degli sposi \u00e8 residente a Firenze o \u00e8 iscritto all&#8217;Aire<\/strong> (Associazione italiana residenti all&#8217;estero) di Firenze.<\/p>\n<p><strong>Per tutti gli altri saranno applicate tariffe diversificate, e graduate, in base al luogo di residenza<\/strong> che aumenteranno (in maniera modulare) in base a criteri specifici. Fuori dalle giornate stabilite, le richieste verranno autorizzate sulla base della disponibilit\u00e0 dell&#8217;ufficio matrimoni del Comune.<\/p>\n<p>Per il vicesindaco Cristina Giachi &#8220;si tratta di un nuovo, importante servizio per la cittadinanza in un contesto allo stesso tempo esclusivo e scenografico. <strong>In questo modo offriamo anche la possibilit\u00e0 di conoscere e riscoprire uno dei luoghi pi\u00f9 belli della nostra citt\u00e0.<\/strong> Una proposta di grande richiamo sopratutto per gli stranieri, affascinati dall&#8217;arte e dalla cultura italiana&#8221;.<\/p>\n","protected":false},"excerpt":{"rendered":"<p>Il Comune da settembre offre per i matrimoni civili i locali dell&#8217;ex infermeria, per fiorentini ma anche per non residenti<\/p>\n","protected":false},"author":525,"featured_media":104851,"comment_status":"open","ping_status":"open","sticky":false,"template":"","format":"standard","meta":{"_acf_changed":false,"footnotes":""},"categories":[494,7],"tags":[],"class_list":["post-67336","post","type-post","status-publish","format-standard","has-post-thumbnail","hentry","category-attualita","category-societa"],"acf":[],"yoast_head":"<!-- This site is optimized with the Yoast SEO Premium plugin v24.2 (Yoast SEO v25.6) - https:\/\/yoast.com\/wordpress\/plugins\/seo\/ -->\n<title>Sposarsi a Firenze: nozze anche nel complesso di Santa Maria Novella - intoscana<\/title>\n<meta name=\"description\" content=\"Il Comune di Firenze da settembre offre la possibilit\u00e0 di sposarsi civilmente anche nel complesso di Santa Maria Novella, nell&#039;ex infermeria, per residenti e non.\" \/>\n<meta name=\"robots\" content=\"index, follow, max-snippet:-1, max-image-preview:large, max-video-preview:-1\" \/>\n<link rel=\"canonical\" href=\"https:\/\/www.intoscana.it\/it\/sposarsi-a-firenze-nozze-anche-nel-complesso-di-santa-maria-novella\/\" \/>\n<meta property=\"og:locale\" content=\"it_IT\" \/>\n<meta property=\"og:type\" content=\"article\" \/>\n<meta property=\"og:title\" content=\"Sposarsi a Firenze: nozze anche nel complesso di Santa Maria Novella\" \/>\n<meta property=\"og:description\" content=\"Il Comune di Firenze da settembre offre la possibilit\u00e0 di sposarsi civilmente anche nel complesso di Santa Maria Novella, nell&#039;ex infermeria, per residenti e non.\" \/>\n<meta property=\"og:url\" content=\"https:\/\/www.intoscana.it\/it\/sposarsi-a-firenze-nozze-anche-nel-complesso-di-santa-maria-novella\/\" \/>\n<meta property=\"og:site_name\" content=\"intoscana\" \/>\n<meta property=\"article:publisher\" content=\"https:\/\/www.facebook.com\/intoscana.it\" \/>\n<meta property=\"article:published_time\" content=\"2019-03-01T10:22:23+00:00\" \/>\n<meta property=\"article:modified_time\" content=\"2020-05-18T07:34:41+00:00\" \/>\n<meta property=\"og:image\" content=\"https:\/\/www.intoscana.it\/wp-content\/uploads\/8439023081_e7255866b4_o.jpg\" \/>\n\t<meta property=\"og:image:width\" content=\"2000\" \/>\n\t<meta property=\"og:image:height\" content=\"1333\" \/>\n\t<meta property=\"og:image:type\" content=\"image\/jpeg\" \/>\n<meta name=\"author\" content=\"Redazione\" \/>\n<meta name=\"twitter:card\" content=\"summary_large_image\" \/>\n<meta name=\"twitter:creator\" content=\"@intoscana\" \/>\n<meta name=\"twitter:site\" content=\"@intoscana\" \/>\n<meta name=\"twitter:label1\" content=\"Written by\" \/>\n\t<meta name=\"twitter:data1\" content=\"Redazione\" \/>\n\t<meta name=\"twitter:label2\" content=\"Est. reading time\" \/>\n\t<meta name=\"twitter:data2\" content=\"1 minuto\" \/>\n<script type=\"application\/ld+json\" class=\"yoast-schema-graph\">{\"@context\":\"https:\/\/schema.org\",\"@graph\":[{\"@type\":\"WebPage\",\"@id\":\"https:\/\/www.intoscana.it\/it\/sposarsi-a-firenze-nozze-anche-nel-complesso-di-santa-maria-novella\/\",\"url\":\"https:\/\/www.intoscana.it\/it\/sposarsi-a-firenze-nozze-anche-nel-complesso-di-santa-maria-novella\/\",\"name\":\"Sposarsi a Firenze: nozze anche nel complesso di Santa Maria Novella - intoscana\",\"isPartOf\":{\"@id\":\"https:\/\/www.intoscana.it\/it\/#website\"},\"primaryImageOfPage\":{\"@id\":\"https:\/\/www.intoscana.it\/it\/sposarsi-a-firenze-nozze-anche-nel-complesso-di-santa-maria-novella\/#primaryimage\"},\"image\":{\"@id\":\"https:\/\/www.intoscana.it\/it\/sposarsi-a-firenze-nozze-anche-nel-complesso-di-santa-maria-novella\/#primaryimage\"},\"thumbnailUrl\":\"https:\/\/www.intoscana.it\/wp-content\/uploads\/8439023081_e7255866b4_o.jpg\",\"datePublished\":\"2019-03-01T10:22:23+00:00\",\"dateModified\":\"2020-05-18T07:34:41+00:00\",\"author\":{\"@id\":\"https:\/\/www.intoscana.it\/it\/#\/schema\/person\/9223810753230f20bd670fdd322661f8\"},\"description\":\"Il Comune di Firenze da settembre offre la possibilit\u00e0 di sposarsi civilmente anche nel complesso di Santa Maria Novella, nell'ex infermeria, per residenti e non.\",\"breadcrumb\":{\"@id\":\"https:\/\/www.intoscana.it\/it\/sposarsi-a-firenze-nozze-anche-nel-complesso-di-santa-maria-novella\/#breadcrumb\"},\"inLanguage\":\"it-IT\",\"potentialAction\":[{\"@type\":\"ReadAction\",\"target\":[\"https:\/\/www.intoscana.it\/it\/sposarsi-a-firenze-nozze-anche-nel-complesso-di-santa-maria-novella\/\"]}]},{\"@type\":\"ImageObject\",\"inLanguage\":\"it-IT\",\"@id\":\"https:\/\/www.intoscana.it\/it\/sposarsi-a-firenze-nozze-anche-nel-complesso-di-santa-maria-novella\/#primaryimage\",\"url\":\"https:\/\/www.intoscana.it\/wp-content\/uploads\/8439023081_e7255866b4_o.jpg\",\"contentUrl\":\"https:\/\/www.intoscana.it\/wp-content\/uploads\/8439023081_e7255866b4_o.jpg\",\"width\":2000,\"height\":1333},{\"@type\":\"BreadcrumbList\",\"@id\":\"https:\/\/www.intoscana.it\/it\/sposarsi-a-firenze-nozze-anche-nel-complesso-di-santa-maria-novella\/#breadcrumb\",\"itemListElement\":[{\"@type\":\"ListItem\",\"position\":1,\"name\":\"Home\",\"item\":\"https:\/\/www.intoscana.it\/it\/\"},{\"@type\":\"ListItem\",\"position\":2,\"name\":\"Sposarsi a Firenze: nozze anche nel complesso di Santa Maria Novella\"}]},{\"@type\":\"WebSite\",\"@id\":\"https:\/\/www.intoscana.it\/it\/#website\",\"url\":\"https:\/\/www.intoscana.it\/it\/\",\"name\":\"intoscana\",\"description\":\"\",\"potentialAction\":[{\"@type\":\"SearchAction\",\"target\":{\"@type\":\"EntryPoint\",\"urlTemplate\":\"https:\/\/www.intoscana.it\/it\/?s={search_term_string}\"},\"query-input\":{\"@type\":\"PropertyValueSpecification\",\"valueRequired\":true,\"valueName\":\"search_term_string\"}}],\"inLanguage\":\"it-IT\"},{\"@type\":\"Person\",\"@id\":\"https:\/\/www.intoscana.it\/it\/#\/schema\/person\/9223810753230f20bd670fdd322661f8\",\"name\":\"Redazione\",\"url\":\"https:\/\/www.intoscana.it\/it\/author\/redazione\/\"}]}<\/script>\n<!-- \/ Yoast SEO Premium plugin. -->","yoast_head_json":{"title":"Sposarsi a Firenze: nozze anche nel complesso di Santa Maria Novella - intoscana","description":"Il Comune di Firenze da settembre offre la possibilit\u00e0 di sposarsi civilmente anche nel complesso di Santa Maria Novella, nell'ex infermeria, per residenti e non.","robots":{"index":"index","follow":"follow","max-snippet":"max-snippet:-1","max-image-preview":"max-image-preview:large","max-video-preview":"max-video-preview:-1"},"canonical":"https:\/\/www.intoscana.it\/it\/sposarsi-a-firenze-nozze-anche-nel-complesso-di-santa-maria-novella\/","og_locale":"it_IT","og_type":"article","og_title":"Sposarsi a Firenze: nozze anche nel complesso di Santa Maria Novella","og_description":"Il Comune di Firenze da settembre offre la possibilit\u00e0 di sposarsi civilmente anche nel complesso di Santa Maria Novella, nell'ex infermeria, per residenti e non.","og_url":"https:\/\/www.intoscana.it\/it\/sposarsi-a-firenze-nozze-anche-nel-complesso-di-santa-maria-novella\/","og_site_name":"intoscana","article_publisher":"https:\/\/www.facebook.com\/intoscana.it","article_published_time":"2019-03-01T10:22:23+00:00","article_modified_time":"2020-05-18T07:34:41+00:00","og_image":[{"width":2000,"height":1333,"url":"https:\/\/www.intoscana.it\/wp-content\/uploads\/8439023081_e7255866b4_o.jpg","type":"image\/jpeg"}],"author":"Redazione","twitter_card":"summary_large_image","twitter_creator":"@intoscana","twitter_site":"@intoscana","twitter_misc":{"Written by":"Redazione","Est. reading time":"1 minuto"},"schema":{"@context":"https:\/\/schema.org","@graph":[{"@type":"WebPage","@id":"https:\/\/www.intoscana.it\/it\/sposarsi-a-firenze-nozze-anche-nel-complesso-di-santa-maria-novella\/","url":"https:\/\/www.intoscana.it\/it\/sposarsi-a-firenze-nozze-anche-nel-complesso-di-santa-maria-novella\/","name":"Sposarsi a Firenze: nozze anche nel complesso di Santa Maria Novella - intoscana","isPartOf":{"@id":"https:\/\/www.intoscana.it\/it\/#website"},"primaryImageOfPage":{"@id":"https:\/\/www.intoscana.it\/it\/sposarsi-a-firenze-nozze-anche-nel-complesso-di-santa-maria-novella\/#primaryimage"},"image":{"@id":"https:\/\/www.intoscana.it\/it\/sposarsi-a-firenze-nozze-anche-nel-complesso-di-santa-maria-novella\/#primaryimage"},"thumbnailUrl":"https:\/\/www.intoscana.it\/wp-content\/uploads\/8439023081_e7255866b4_o.jpg","datePublished":"2019-03-01T10:22:23+00:00","dateModified":"2020-05-18T07:34:41+00:00","author":{"@id":"https:\/\/www.intoscana.it\/it\/#\/schema\/person\/9223810753230f20bd670fdd322661f8"},"description":"Il Comune di Firenze da settembre offre la possibilit\u00e0 di sposarsi civilmente anche nel complesso di Santa Maria Novella, nell'ex infermeria, per residenti e non.","breadcrumb":{"@id":"https:\/\/www.intoscana.it\/it\/sposarsi-a-firenze-nozze-anche-nel-complesso-di-santa-maria-novella\/#breadcrumb"},"inLanguage":"it-IT","potentialAction":[{"@type":"ReadAction","target":["https:\/\/www.intoscana.it\/it\/sposarsi-a-firenze-nozze-anche-nel-complesso-di-santa-maria-novella\/"]}]},{"@type":"ImageObject","inLanguage":"it-IT","@id":"https:\/\/www.intoscana.it\/it\/sposarsi-a-firenze-nozze-anche-nel-complesso-di-santa-maria-novella\/#primaryimage","url":"https:\/\/www.intoscana.it\/wp-content\/uploads\/8439023081_e7255866b4_o.jpg","contentUrl":"https:\/\/www.intoscana.it\/wp-content\/uploads\/8439023081_e7255866b4_o.jpg","width":2000,"height":1333},{"@type":"BreadcrumbList","@id":"https:\/\/www.intoscana.it\/it\/sposarsi-a-firenze-nozze-anche-nel-complesso-di-santa-maria-novella\/#breadcrumb","itemListElement":[{"@type":"ListItem","position":1,"name":"Home","item":"https:\/\/www.intoscana.it\/it\/"},{"@type":"ListItem","position":2,"name":"Sposarsi a Firenze: nozze anche nel complesso di Santa Maria Novella"}]},{"@type":"WebSite","@id":"https:\/\/www.intoscana.it\/it\/#website","url":"https:\/\/www.intoscana.it\/it\/","name":"intoscana","description":"","potentialAction":[{"@type":"SearchAction","target":{"@type":"EntryPoint","urlTemplate":"https:\/\/www.intoscana.it\/it\/?s={search_term_string}"},"query-input":{"@type":"PropertyValueSpecification","valueRequired":true,"valueName":"search_term_string"}}],"inLanguage":"it-IT"},{"@type":"Person","@id":"https:\/\/www.intoscana.it\/it\/#\/schema\/person\/9223810753230f20bd670fdd322661f8","name":"Redazione","url":"https:\/\/www.intoscana.it\/it\/author\/redazione\/"}]}},"_links":{"self":[{"href":"https:\/\/www.intoscana.it\/it\/wp-json\/wp\/v2\/posts\/67336","targetHints":{"allow":["GET"]}}],"collection":[{"href":"https:\/\/www.intoscana.it\/it\/wp-json\/wp\/v2\/posts"}],"about":[{"href":"https:\/\/www.intoscana.it\/it\/wp-json\/wp\/v2\/types\/post"}],"author":[{"embeddable":true,"href":"https:\/\/www.intoscana.it\/it\/wp-json\/wp\/v2\/users\/525"}],"replies":[{"embeddable":true,"href":"https:\/\/www.intoscana.it\/it\/wp-json\/wp\/v2\/comments?post=67336"}],"version-history":[{"count":0,"href":"https:\/\/www.intoscana.it\/it\/wp-json\/wp\/v2\/posts\/67336\/revisions"}],"wp:featuredmedia":[{"embeddable":true,"href":"https:\/\/www.intoscana.it\/it\/wp-json\/wp\/v2\/media\/104851"}],"wp:attachment":[{"href":"https:\/\/www.intoscana.it\/it\/wp-json\/wp\/v2\/media?parent=67336"}],"wp:term":[{"taxonomy":"category","embeddable":true,"href":"https:\/\/www.intoscana.it\/it\/wp-json\/wp\/v2\/categories?post=67336"},{"taxonomy":"post_tag","embeddable":true,"href":"https:\/\/www.intoscana.it\/it\/wp-json\/wp\/v2\/tags?post=67336"}],"curies":[{"name":"wp","href":"https:\/\/api.w.org\/{rel}","templated":true}]}}