{"id":67406,"date":"2019-03-28T14:07:21","date_gmt":"2019-03-28T13:07:21","guid":{"rendered":"http:\/\/www.intoscana.it\/riaprono-dal-6-aprile-le-visite-allisola-carcere-della-gorgona\/"},"modified":"2023-02-01T11:27:41","modified_gmt":"2023-02-01T10:27:41","slug":"riaprono-dal-6-aprile-le-visite-allisola-carcere-della-gorgona","status":"publish","type":"post","link":"https:\/\/www.intoscana.it\/it\/riaprono-dal-6-aprile-le-visite-allisola-carcere-della-gorgona\/","title":{"rendered":"Riaprono dal 6 aprile le visite all&#8217;isola-carcere della Gorgona"},"content":{"rendered":"<p>Partono dal 6 aprile le visite organizzate dal <strong>Parco nazionale Arcipelago Toscano a Gorgona<\/strong>, <strong>unica isola-carcere italiana,<\/strong> anche la pi\u00f9 piccola e pi\u00f9 settentrionale dell&#8217;Arcipelago toscano. L&#8217;isola \u00e8 un grande scoglio lussureggiante di <strong>macchia mediterranea e pini marittimi, selvaggia e impervia ma ricca di biodiversit\u00e0 e di testimonianze storiche<\/strong>, come la <strong>Torre Vecchia<\/strong>, pisana, la<strong> Torre Nuova<\/strong>, medicea, la<strong> chiesa di San Gorgonio<\/strong>, fortificata.<\/p>\n<p><strong>Gorgona ha pochissimi residenti ufficiali<\/strong> e <strong>un solo abitante effettivo<\/strong>, oltre alla presenza dei detenuti e del personale penitenziario. Al momento dello sbarco, si spiega, <strong>&#8220;\u00e8 necessario consegnare cellulari e macchine fotografiche<\/strong>, e gi\u00e0 questo d\u00e0 il senso di una visita in un luogo speciale, ospiti di una realt\u00e0 carceraria accogliente e dovutamente restrittiva, che negli anni, tra molte difficolt\u00e0, si \u00e8 impegnata con buoni frutti in un progetto di avanguardia per il <strong>recupero&#8221; dei reclusi attraverso il lavoro nelle produzioni agricole e negli allevamenti.<\/strong><\/p>\n<p>A fasi alterne, si spiega ancora,<strong> l&#8217;isola \u00e8 rimasta chiusa alle visite, talvolta per le difficolt\u00e0 di collegamenti marittimi,<\/strong> <strong>talvolta per esigenze organizzative della casa di reclusione<\/strong>. A seguito della recente <strong>riattivazione del collegamento marittimo tra Livorno e Gorgona<\/strong> ad opera della societ\u00e0<strong> Toremar,<\/strong> il Parco ha potuto programmare e organizzare visite guidate sull&#8217;isola con <strong>partenza da Livorno con la motonave Superba di Toscana<\/strong> minicrociere incaricata da Toremar al servizio di collegamento marittimo con l&#8217;isola. Le visite sono dunque possibili, seppure contingentate, in accordo con l&#8217;Amministrazione penitenziaria.<\/p>\n<p>La visita va prenotata presso l&#8217;<strong>ufficio info Park chiamando allo 0565 908231<\/strong>. L&#8217;itinerario della escursione presenta uno sviluppo di circa 7 km, con un dislivello totale in salita di circa 300 metri.<\/p>\n","protected":false},"excerpt":{"rendered":"<p>Grazie alla riattivazione del collegamento marittimo tra Livorno e l&#8217;isola tornano le visite organizzate dal Parco nazionale dell&#8217;Arcipelago toscano<\/p>\n","protected":false},"author":525,"featured_media":104913,"comment_status":"open","ping_status":"open","sticky":false,"template":"","format":"standard","meta":{"_acf_changed":false,"footnotes":""},"categories":[6],"tags":[5026],"class_list":["post-67406","post","type-post","status-publish","format-standard","has-post-thumbnail","hentry","category-viaggi","tag-gorgona"],"acf":[],"yoast_head":"<!-- This site is optimized with the Yoast SEO Premium plugin v24.2 (Yoast SEO v25.6) - https:\/\/yoast.com\/wordpress\/plugins\/seo\/ -->\n<title>Riaprono dal 6 aprile le visite all&#039;isola-carcere della Gorgona - intoscana<\/title>\n<meta name=\"description\" content=\"Riaprono dal 6 aprile le visite all&#039;isola-carcere della Gorgona\" \/>\n<meta name=\"robots\" content=\"index, follow, max-snippet:-1, max-image-preview:large, max-video-preview:-1\" \/>\n<link rel=\"canonical\" href=\"https:\/\/www.intoscana.it\/it\/riaprono-dal-6-aprile-le-visite-allisola-carcere-della-gorgona\/\" \/>\n<meta property=\"og:locale\" content=\"it_IT\" \/>\n<meta property=\"og:type\" content=\"article\" \/>\n<meta property=\"og:title\" content=\"Riaprono dal 6 aprile le visite all&#039;isola-carcere della Gorgona\" \/>\n<meta property=\"og:description\" content=\"Riaprono dal 6 aprile le visite all&#039;isola-carcere della Gorgona\" \/>\n<meta property=\"og:url\" content=\"https:\/\/www.intoscana.it\/it\/riaprono-dal-6-aprile-le-visite-allisola-carcere-della-gorgona\/\" \/>\n<meta property=\"og:site_name\" content=\"intoscana\" \/>\n<meta property=\"article:publisher\" content=\"https:\/\/www.facebook.com\/intoscana.it\" \/>\n<meta property=\"article:published_time\" content=\"2019-03-28T13:07:21+00:00\" \/>\n<meta property=\"article:modified_time\" content=\"2023-02-01T10:27:41+00:00\" \/>\n<meta property=\"og:image\" content=\"https:\/\/www.intoscana.it\/wp-content\/uploads\/Gorgona-3.jpg\" \/>\n\t<meta property=\"og:image:width\" content=\"1000\" \/>\n\t<meta property=\"og:image:height\" content=\"682\" \/>\n\t<meta property=\"og:image:type\" content=\"image\/jpeg\" \/>\n<meta name=\"author\" content=\"Redazione\" \/>\n<meta name=\"twitter:card\" content=\"summary_large_image\" \/>\n<meta name=\"twitter:creator\" content=\"@intoscana\" \/>\n<meta name=\"twitter:site\" content=\"@intoscana\" \/>\n<meta name=\"twitter:label1\" content=\"Written by\" \/>\n\t<meta name=\"twitter:data1\" content=\"Redazione\" \/>\n\t<meta name=\"twitter:label2\" content=\"Est. reading time\" \/>\n\t<meta name=\"twitter:data2\" content=\"1 minuto\" \/>\n<script type=\"application\/ld+json\" class=\"yoast-schema-graph\">{\"@context\":\"https:\/\/schema.org\",\"@graph\":[{\"@type\":\"WebPage\",\"@id\":\"https:\/\/www.intoscana.it\/it\/riaprono-dal-6-aprile-le-visite-allisola-carcere-della-gorgona\/\",\"url\":\"https:\/\/www.intoscana.it\/it\/riaprono-dal-6-aprile-le-visite-allisola-carcere-della-gorgona\/\",\"name\":\"Riaprono dal 6 aprile le visite all'isola-carcere della Gorgona - intoscana\",\"isPartOf\":{\"@id\":\"https:\/\/www.intoscana.it\/it\/#website\"},\"primaryImageOfPage\":{\"@id\":\"https:\/\/www.intoscana.it\/it\/riaprono-dal-6-aprile-le-visite-allisola-carcere-della-gorgona\/#primaryimage\"},\"image\":{\"@id\":\"https:\/\/www.intoscana.it\/it\/riaprono-dal-6-aprile-le-visite-allisola-carcere-della-gorgona\/#primaryimage\"},\"thumbnailUrl\":\"https:\/\/www.intoscana.it\/wp-content\/uploads\/Gorgona-3.jpg\",\"datePublished\":\"2019-03-28T13:07:21+00:00\",\"dateModified\":\"2023-02-01T10:27:41+00:00\",\"author\":{\"@id\":\"https:\/\/www.intoscana.it\/it\/#\/schema\/person\/9223810753230f20bd670fdd322661f8\"},\"description\":\"Riaprono dal 6 aprile le visite all'isola-carcere della Gorgona\",\"breadcrumb\":{\"@id\":\"https:\/\/www.intoscana.it\/it\/riaprono-dal-6-aprile-le-visite-allisola-carcere-della-gorgona\/#breadcrumb\"},\"inLanguage\":\"it-IT\",\"potentialAction\":[{\"@type\":\"ReadAction\",\"target\":[\"https:\/\/www.intoscana.it\/it\/riaprono-dal-6-aprile-le-visite-allisola-carcere-della-gorgona\/\"]}]},{\"@type\":\"ImageObject\",\"inLanguage\":\"it-IT\",\"@id\":\"https:\/\/www.intoscana.it\/it\/riaprono-dal-6-aprile-le-visite-allisola-carcere-della-gorgona\/#primaryimage\",\"url\":\"https:\/\/www.intoscana.it\/wp-content\/uploads\/Gorgona-3.jpg\",\"contentUrl\":\"https:\/\/www.intoscana.it\/wp-content\/uploads\/Gorgona-3.jpg\",\"width\":1000,\"height\":682},{\"@type\":\"BreadcrumbList\",\"@id\":\"https:\/\/www.intoscana.it\/it\/riaprono-dal-6-aprile-le-visite-allisola-carcere-della-gorgona\/#breadcrumb\",\"itemListElement\":[{\"@type\":\"ListItem\",\"position\":1,\"name\":\"Home\",\"item\":\"https:\/\/www.intoscana.it\/it\/\"},{\"@type\":\"ListItem\",\"position\":2,\"name\":\"Riaprono dal 6 aprile le visite all&#8217;isola-carcere della Gorgona\"}]},{\"@type\":\"WebSite\",\"@id\":\"https:\/\/www.intoscana.it\/it\/#website\",\"url\":\"https:\/\/www.intoscana.it\/it\/\",\"name\":\"intoscana\",\"description\":\"\",\"potentialAction\":[{\"@type\":\"SearchAction\",\"target\":{\"@type\":\"EntryPoint\",\"urlTemplate\":\"https:\/\/www.intoscana.it\/it\/?s={search_term_string}\"},\"query-input\":{\"@type\":\"PropertyValueSpecification\",\"valueRequired\":true,\"valueName\":\"search_term_string\"}}],\"inLanguage\":\"it-IT\"},{\"@type\":\"Person\",\"@id\":\"https:\/\/www.intoscana.it\/it\/#\/schema\/person\/9223810753230f20bd670fdd322661f8\",\"name\":\"Redazione\",\"url\":\"https:\/\/www.intoscana.it\/it\/author\/redazione\/\"}]}<\/script>\n<!-- \/ Yoast SEO Premium plugin. -->","yoast_head_json":{"title":"Riaprono dal 6 aprile le visite all'isola-carcere della Gorgona - intoscana","description":"Riaprono dal 6 aprile le visite all'isola-carcere della Gorgona","robots":{"index":"index","follow":"follow","max-snippet":"max-snippet:-1","max-image-preview":"max-image-preview:large","max-video-preview":"max-video-preview:-1"},"canonical":"https:\/\/www.intoscana.it\/it\/riaprono-dal-6-aprile-le-visite-allisola-carcere-della-gorgona\/","og_locale":"it_IT","og_type":"article","og_title":"Riaprono dal 6 aprile le visite all'isola-carcere della Gorgona","og_description":"Riaprono dal 6 aprile le visite all'isola-carcere della Gorgona","og_url":"https:\/\/www.intoscana.it\/it\/riaprono-dal-6-aprile-le-visite-allisola-carcere-della-gorgona\/","og_site_name":"intoscana","article_publisher":"https:\/\/www.facebook.com\/intoscana.it","article_published_time":"2019-03-28T13:07:21+00:00","article_modified_time":"2023-02-01T10:27:41+00:00","og_image":[{"width":1000,"height":682,"url":"https:\/\/www.intoscana.it\/wp-content\/uploads\/Gorgona-3.jpg","type":"image\/jpeg"}],"author":"Redazione","twitter_card":"summary_large_image","twitter_creator":"@intoscana","twitter_site":"@intoscana","twitter_misc":{"Written by":"Redazione","Est. reading time":"1 minuto"},"schema":{"@context":"https:\/\/schema.org","@graph":[{"@type":"WebPage","@id":"https:\/\/www.intoscana.it\/it\/riaprono-dal-6-aprile-le-visite-allisola-carcere-della-gorgona\/","url":"https:\/\/www.intoscana.it\/it\/riaprono-dal-6-aprile-le-visite-allisola-carcere-della-gorgona\/","name":"Riaprono dal 6 aprile le visite all'isola-carcere della Gorgona - intoscana","isPartOf":{"@id":"https:\/\/www.intoscana.it\/it\/#website"},"primaryImageOfPage":{"@id":"https:\/\/www.intoscana.it\/it\/riaprono-dal-6-aprile-le-visite-allisola-carcere-della-gorgona\/#primaryimage"},"image":{"@id":"https:\/\/www.intoscana.it\/it\/riaprono-dal-6-aprile-le-visite-allisola-carcere-della-gorgona\/#primaryimage"},"thumbnailUrl":"https:\/\/www.intoscana.it\/wp-content\/uploads\/Gorgona-3.jpg","datePublished":"2019-03-28T13:07:21+00:00","dateModified":"2023-02-01T10:27:41+00:00","author":{"@id":"https:\/\/www.intoscana.it\/it\/#\/schema\/person\/9223810753230f20bd670fdd322661f8"},"description":"Riaprono dal 6 aprile le visite all'isola-carcere della Gorgona","breadcrumb":{"@id":"https:\/\/www.intoscana.it\/it\/riaprono-dal-6-aprile-le-visite-allisola-carcere-della-gorgona\/#breadcrumb"},"inLanguage":"it-IT","potentialAction":[{"@type":"ReadAction","target":["https:\/\/www.intoscana.it\/it\/riaprono-dal-6-aprile-le-visite-allisola-carcere-della-gorgona\/"]}]},{"@type":"ImageObject","inLanguage":"it-IT","@id":"https:\/\/www.intoscana.it\/it\/riaprono-dal-6-aprile-le-visite-allisola-carcere-della-gorgona\/#primaryimage","url":"https:\/\/www.intoscana.it\/wp-content\/uploads\/Gorgona-3.jpg","contentUrl":"https:\/\/www.intoscana.it\/wp-content\/uploads\/Gorgona-3.jpg","width":1000,"height":682},{"@type":"BreadcrumbList","@id":"https:\/\/www.intoscana.it\/it\/riaprono-dal-6-aprile-le-visite-allisola-carcere-della-gorgona\/#breadcrumb","itemListElement":[{"@type":"ListItem","position":1,"name":"Home","item":"https:\/\/www.intoscana.it\/it\/"},{"@type":"ListItem","position":2,"name":"Riaprono dal 6 aprile le visite all&#8217;isola-carcere della Gorgona"}]},{"@type":"WebSite","@id":"https:\/\/www.intoscana.it\/it\/#website","url":"https:\/\/www.intoscana.it\/it\/","name":"intoscana","description":"","potentialAction":[{"@type":"SearchAction","target":{"@type":"EntryPoint","urlTemplate":"https:\/\/www.intoscana.it\/it\/?s={search_term_string}"},"query-input":{"@type":"PropertyValueSpecification","valueRequired":true,"valueName":"search_term_string"}}],"inLanguage":"it-IT"},{"@type":"Person","@id":"https:\/\/www.intoscana.it\/it\/#\/schema\/person\/9223810753230f20bd670fdd322661f8","name":"Redazione","url":"https:\/\/www.intoscana.it\/it\/author\/redazione\/"}]}},"_links":{"self":[{"href":"https:\/\/www.intoscana.it\/it\/wp-json\/wp\/v2\/posts\/67406","targetHints":{"allow":["GET"]}}],"collection":[{"href":"https:\/\/www.intoscana.it\/it\/wp-json\/wp\/v2\/posts"}],"about":[{"href":"https:\/\/www.intoscana.it\/it\/wp-json\/wp\/v2\/types\/post"}],"author":[{"embeddable":true,"href":"https:\/\/www.intoscana.it\/it\/wp-json\/wp\/v2\/users\/525"}],"replies":[{"embeddable":true,"href":"https:\/\/www.intoscana.it\/it\/wp-json\/wp\/v2\/comments?post=67406"}],"version-history":[{"count":0,"href":"https:\/\/www.intoscana.it\/it\/wp-json\/wp\/v2\/posts\/67406\/revisions"}],"wp:featuredmedia":[{"embeddable":true,"href":"https:\/\/www.intoscana.it\/it\/wp-json\/wp\/v2\/media\/104913"}],"wp:attachment":[{"href":"https:\/\/www.intoscana.it\/it\/wp-json\/wp\/v2\/media?parent=67406"}],"wp:term":[{"taxonomy":"category","embeddable":true,"href":"https:\/\/www.intoscana.it\/it\/wp-json\/wp\/v2\/categories?post=67406"},{"taxonomy":"post_tag","embeddable":true,"href":"https:\/\/www.intoscana.it\/it\/wp-json\/wp\/v2\/tags?post=67406"}],"curies":[{"name":"wp","href":"https:\/\/api.w.org\/{rel}","templated":true}]}}