{"id":67418,"date":"2019-12-06T15:12:19","date_gmt":"2019-12-06T15:12:19","guid":{"rendered":"http:\/\/www.intoscana.it\/i-presepi-piu-belli-e-originali-della-toscana\/"},"modified":"2020-05-19T16:06:21","modified_gmt":"2020-05-19T14:06:21","slug":"presepi-originali-toscana","status":"publish","type":"post","link":"https:\/\/www.intoscana.it\/it\/presepi-originali-toscana\/","title":{"rendered":"I presepi pi\u00f9 belli e originali della Toscana"},"content":{"rendered":"<p>Non solo albero di Natale. Accanto a luci e ghirlande, infatti, il <strong>presepe \u00e8 il vero protagonista delle festivit\u00e0<\/strong>: che sia semplice o tecnologico, vivente o &#8220;classico&#8221;, poco importa. La <strong>rappresentazione della Nativit\u00e0 rimane una tradizione<\/strong>, valorizzata anche da <a href=\"http:\/\/terredipresepi.blogspot.com\/\" target=\"_blank\" rel=\"noopener noreferrer\">Terre di Presepi<\/a>, il comitato che riunisce in un grande itinerario i presepi pi\u00f9 belli della Toscana.<\/p>\n<p>Lungo le valli dell\u2019Arno e dell\u2019Elsa, le colline e i borghi diventano i luoghi ideali per ospitare statuine di artigiani, pastori e stelle comete, incentivando i turisti a visitare quei territori.<\/p>\n<p>In questo articolo, vi consigliamo alcuni dei <strong>presepi pi\u00f9 originali della Toscana<\/strong> che meritano una gita.<\/p>\n<p><strong>Castelfiorentino, il presepe a pedali e con i Pinocchi<\/strong><\/p>\n<p>A Castelfiorentino esiste una vera e propria \u201c<a href=\"https:\/\/www.facebook.com\/La-via-dei-Presepi-a-Castelfiorentino-145021035525488\/\" target=\"_blank\" rel=\"noopener noreferrer\"><strong>Via dei Presepi<\/strong><\/a>\u201d che collega oltre <strong>70 rappresentazioni<\/strong>, disseminate in 52 location nel centro storico del paese. Qui si possono ammirare il \u201c<strong>Presepe nel pozzo<\/strong>\u201d, con un effetto cascata scenografico; il <strong>\u201cPresepe\u201d con i Pinocchi<\/strong>, una Nativit\u00e0 che vuole esaltare il bambin Ges\u00f9 come portatore di verit\u00e0 in un mondo di menzogne, rappresentate da centinaia di pastori con la faccia del famoso burattino; il \u201c<strong>Presepe meteorologico<\/strong>\u201d, in grado di scandire vari momenti della giornata e le mutevoli condizioni meteo passando dal mattino al tramonto, dalla nebbia al temporale (pioggia compresa) fino all\u2019arcobaleno e all\u2019immancabile caduta della neve. Uno dei presepi pi\u00f9 originali di Castelfiorentino rimane comunque quello <strong>\u201cecologico\u201d in bicicletta<\/strong>: la capannuccia, infatti, si illumina pedalando.<\/p>\n<p><strong>Cerreto Guidi, il presepe all&#8217;uncinetto<\/strong><\/p>\n<p>La <a href=\"https:\/\/www.facebook.com\/laviadeipresepi\/\" target=\"_blank\" rel=\"noopener noreferrer\">Via dei Presepi di Cerreto Guidi<\/a> comprende anche la pi\u00f9 grande rappresentazione italiana realizzata all\u2019uncinetto a cura di <a href=\"https:\/\/www.facebook.com\/LE-DAME-Delluncinetto-699762140146679\/\" target=\"_blank\" rel=\"noopener noreferrer\">Le Dame dell\u2019Uncinetto<\/a>: un\u2019associazione composta da circa 50 volontarie provenienti da tutta Italia, animate da Gessica Mancini.&nbsp;<br \/>Il presepe ricostruisce <strong>orti, campagna, botteghe artigiane, arredi per circa 26 metri di lunghezza<\/strong>: tutto rigorosamente all\u2019uncinetto. Vi spicca la Villa Medicea in miniatura, compresa la scalinata del Buontalenti, cucita insieme con 7000 mattoncini di 4 cm. Nel 2019 alla Villa di Cerreto si \u00e8 affiancato il <strong>Castello di Vinci<\/strong>, in occasione delle celebrazioni leonardiane.<\/p>\n<p><strong>Cigoli, il pi\u00f9 grande presepe meccanico d&#8217;Italia<\/strong><\/p>\n<p>\u00c8 in provincia di Pisa uno dei <a href=\"https:\/\/www.facebook.com\/presepeartisticocigoli\/\" target=\"_blank\" rel=\"noopener noreferrer\">presepi meccanici<\/a> pi\u00f9 grandi d\u2019Italia. A Cigoli, <strong>frazione del comune di San Miniato<\/strong>, sono allestiti oltre cento metri quadrati nell\u2019atmosfera della Terra Santa di duemila anni fa. Il tema dell\u2019edizione 2019 sar\u00e0: &#8220;Le strade di Ges\u00f9\u201d, poich\u00e9 Ges\u00f9, prima di essere immolato sulla croce, per liberarci dalla schiavit\u00f9 della morte e del peccato, ha percorso le strade della Palestina per portare agli uomini del tempo la Parola di Dio.<\/p>\n<p><strong>Forcoli, una tradizione di oltre 40 anni<\/strong><\/p>\n<p>Il presepe meccanico di Forcoli, una tradizione portata avanti dalla <strong>famiglia Brini da oltre 40 anni<\/strong>, offre una scenografia con pi\u00f9 di <strong>60 movimenti<\/strong>, suoni, luci e un effetto sorpresa. Ogni anno, il presepe si arricchisce con nuovi personaggi e nuove opere per continuare a meravigliare lo spettatore.<\/p>\n<p><strong>Siena, un presepe sul binario<\/strong><\/p>\n<p>A Siena, la <a href=\"https:\/\/www.facebook.com\/presfvosi\/\" target=\"_blank\" rel=\"noopener noreferrer\">Nativit\u00e0<\/a> trova spazio sul <strong>binario 1 della stazione ferroviaria<\/strong>. Il presepe in stile Settecento-Ottocento, \u00e8 arricchito da oltre quattrocento effetti di luci, suoni e movimenti. Tre le scenografie, spuntano anche un porcellino arrosto che fuma, una macina in movimento, le fasi di lavorazione dell\u2019olio d\u2019oliva, il lavoro del fabbro.<\/p>\n<p><strong>Convalle di Pescaglia, il presepe in grotta<\/strong><\/p>\n<p>A Convalle di Pescaglia (in provincia di Lucca), il presepe viene ricreato in una grotta naturale, grazie al <strong><a href=\"https:\/\/www.facebook.com\/groups\/gsavf\/\" target=\"_blank\" rel=\"noopener noreferrer\">Gruppo Speleologico dell&#8217;Alta Val Freddana<\/a><\/strong>. Dopo una breve passeggiata nel bosco lungo il percorso naturalistico \u201cle Campore\u201d di circa 600 metri, si arriva all&#8217;ingresso della Grotta del Presepe dove i volontari hanno organizzato l&#8217;accoglienza e dove <strong>concrezioni di calcite ancora vive e un laghetto naturale di acqua purissima<\/strong> fanno da cornice alla scena della Nascita. Il sentiero \u00e8 illuminato anche di notte.<\/p>\n<p><strong>San Giovanni alla Vena, il presepe in una cantina<\/strong><\/p>\n<p>Il &#8220;<strong>Presepe dell\u2019Angelo<\/strong>&#8221; viene realizzato dall\u2019artista <a href=\"http:\/\/www.angeloperini.it\/wp\/\" target=\"_blank\" rel=\"noopener noreferrer\">Angelo Perini<\/a> di San Giovanni alla Vena (Pisa). Si tratta di un presepe ricreato nelle nicchie di <strong>un&#8217;antica cantina di fine &#8216;700<\/strong> utilizzando tronchi e ciocchi in olivo intagliati a mano. Oltre trecento statuine e cinquecento luci creano la giusta atmosfera per far da cornice a personaggi, castelli, chiese, molini, case, grotte e molti altri dettagli.<\/p>\n<p><strong>Pescia, la citt\u00e0 del presepe<\/strong><\/p>\n<p>A Pescia la magia natalizia rivive grazie al <a href=\"https:\/\/www.qualcosadafare.it\/26633\" target=\"_blank\" rel=\"noopener noreferrer\"><strong>presepe vivente<\/strong><\/a>, ambientato nel XIII secolo,&nbsp;quando il Santo Francesco a Greccio realizz\u00f2 il primo esempio che la storia conosca di personaggi viventi. Quest&#8217;anno l&#8217;iniziativa, realizzata <strong>lungo il fiume<\/strong>, vuole approfondire il <strong>tema dell&#8217;ambiente<\/strong> per omaggiare la natura e i frutti che essa ci dona.<\/p>\n<p><strong>Sasso Pisano, il presepe &#8220;geotermico&#8221;<\/strong><\/p>\n<p>A Sasso Pisano, si scorge un presepe davvero unico, tra <strong>vapori, putizze ed emissioni di fumo<\/strong> che escono dalle viscere della terra. Tutta la zona, infatti, \u00e8 caratterizzara da numerose manifestazioni della <strong>potenza geotermica<\/strong> che si nasconde nel sottosuolo e che, una volta fuoriuscita, caratterizza l&#8217;intero contesto ambientale.<\/p>\n<p><strong>Porto Santo Stefano, il presepe in vasca<\/strong><\/p>\n<p>All\u2019<strong>Acquario Mediterraneo dell&#8217;Argentario<\/strong> di Porto Santo Stefano torna il \u201cPresepe in vasca\u201d, una particolarissima rappresentazione della nativit\u00e0, in cui i tradizionali personaggi sono calati in un insolito scenario: una <strong>grotta sottomarina<\/strong> piena di pesci, invertebrati e specie vegetali marine.&nbsp;<\/p>\n<a class=\"fotogallery\" href=\"#modalgallery\" rel=\"modal:open\">sfoglia la gallery <i class=\"fas fa-chevron-right\"><\/i><\/a>\n    <div class=\"modal\" id=\"modalgallery\">\n        <div class=\"gallery\">\n          <div class=\"galleryimg\">\n            <div class=\"slidegallerybig\"> <div class=\"itemimg\">\n            <div class=\"wrapimg\">\n            <img decoding=\"async\" src=\"https:\/\/www.intoscana.it\/wp-content\/uploads\/dame-uncinetto-falegname.jpg\">\n            <\/div>\n            <\/div> <div class=\"itemimg\">\n            <div class=\"wrapimg\">\n            <img decoding=\"async\" src=\"https:\/\/www.intoscana.it\/wp-content\/uploads\/presepe-uncinetto-cerreto.jpg\">\n            <\/div>\n            <\/div> <div class=\"itemimg\">\n            <div class=\"wrapimg\">\n            <img decoding=\"async\" src=\"https:\/\/www.intoscana.it\/wp-content\/uploads\/presepe-pedali-castelfiorentino.jpg\">\n            <\/div>\n            <\/div> <div class=\"itemimg\">\n            <div class=\"wrapimg\">\n            <img decoding=\"async\" src=\"https:\/\/www.intoscana.it\/wp-content\/uploads\/via-dei-presepi-castelfiorentino.jpg\">\n            <\/div>\n            <\/div> <div class=\"itemimg\">\n            <div class=\"wrapimg\">\n            <img decoding=\"async\" src=\"https:\/\/www.intoscana.it\/wp-content\/uploads\/presepe-artistico-cigoli.jpg\">\n            <\/div>\n            <\/div> <div class=\"itemimg\">\n            <div class=\"wrapimg\">\n            <img decoding=\"async\" src=\"https:\/\/www.intoscana.it\/wp-content\/uploads\/presepe-artistico-di-cigoli.jpg\">\n            <\/div>\n            <\/div> <div class=\"itemimg\">\n            <div class=\"wrapimg\">\n            <img decoding=\"async\" src=\"https:\/\/www.intoscana.it\/wp-content\/uploads\/presepio-della-ferrovia-val-dorcia.jpg\">\n            <\/div>\n            <\/div> <div class=\"itemimg\">\n            <div class=\"wrapimg\">\n            <img decoding=\"async\" src=\"https:\/\/www.intoscana.it\/wp-content\/uploads\/presepe-grotta-apescaglia.jpg\">\n            <\/div>\n            <\/div> <div class=\"itemimg\">\n            <div class=\"wrapimg\">\n            <img decoding=\"async\" src=\"https:\/\/www.intoscana.it\/wp-content\/uploads\/presepe-dellangelo.jpg\">\n            <\/div>\n            <\/div> <div class=\"itemimg\">\n            <div class=\"wrapimg\">\n            <img decoding=\"async\" src=\"https:\/\/www.intoscana.it\/wp-content\/uploads\/presepe-sasso-pisano.jpg\">\n            <\/div>\n            <\/div> <div class=\"itemimg\">\n            <div class=\"wrapimg\">\n            <img decoding=\"async\" src=\"https:\/\/www.intoscana.it\/wp-content\/uploads\/presepe-vivente-pescia.jpg\">\n            <\/div>\n            <\/div>\n            <\/div>\n          <\/div>\n          <div class=\"asidemenu\">\n            <div class=\"action\">\n              <div class=\"countlidegallery\"><\/div>\n              <div class=\"closegallery\" href=\"#modalgallery\" rel=\"modal:close\"><i class=\"far fa-times\"><\/i><\/div>\n            <\/div>\n            <div class=\"title\">\n              <h2>I presepi pi\u00f9 belli e originali della Toscana<\/h2><p style=\"display:none;\" class=\"gallery_description\" id=\"gallery_description_6\">Il presepe artistico di Cigoli<\/p>\n              <div class=\"socialarticolo\"> \n            <div class=\"contsocialico\">\n              <ul>\n                <li><a target=\"_blank\" href=\"https:\/\/www.facebook.com\/sharer\/sharer.php?u=https:\/\/www.intoscana.it\/it\/presepi-originali-toscana\/\"> <i class=\"fab fa-facebook-f\"><\/i><\/a><\/li>\n                <li><a target=\"_blank\" href=\"https:\/\/twitter.com\/home?status=https:\/\/www.intoscana.it\/it\/presepi-originali-toscana\/\"> <i class=\"fab fa-twitter\"><\/i><\/a><\/li>\n                <li>\n                  <div class=\"shareall\" target=\"_blank\" href=\"\"> <i class=\"fas fa-share-alt\"><\/i><\/div>\n                  <div class=\"sharemore\">\n                    <ul>\n                      <li><a target=\"_blank\" href=\"https:\/\/www.linkedin.com\/shareArticle?url=https:\/\/www.intoscana.it\/it\/presepi-originali-toscana\/\"> <i class=\"fab fa-linkedin\"><\/i><\/a><\/li>\n                      <li><a target=\"_blank\" href=\"http:\/\/www.pinterest.com\/pin\/create\/bookmarklet\/?url=https:\/\/www.intoscana.it\/it\/presepi-originali-toscana\/\"> <i class=\"fab fa-pinterest\"><\/i><\/a><\/li>\n                      <li><a target=\"_blank\" href=\"mailto?subject=I presepi pi\u00f9 belli e originali della Toscana&body=https:\/\/www.intoscana.it\/it\/presepi-originali-toscana\/\"> <i class=\"fas fa-envelope\"><\/i><\/a><\/li>\n                    <\/ul>\n                    <div class=\"closesharemore\">\n                    <i class=\"fas fa-times\"><\/i>\n                    <\/div>\n                  <\/div>\n                <\/li>\n              <\/ul>\n            <\/div>\n          <\/div>\n        <\/div>\n          <\/div>\n        <\/div>\n      <\/div>\n","protected":false},"excerpt":{"rendered":"<p>Tradizionale o meccanico, ecologico o nella grotta: un viaggio nelle varie&nbsp;rappresentazioni&nbsp;della&nbsp;Nativit\u00e0<\/p>\n","protected":false},"author":483,"featured_media":104925,"comment_status":"open","ping_status":"open","sticky":false,"template":"","format":"standard","meta":{"_acf_changed":false,"footnotes":""},"categories":[6],"tags":[409],"class_list":["post-67418","post","type-post","status-publish","format-standard","has-post-thumbnail","hentry","category-viaggi","tag-natale"],"acf":[],"yoast_head":"<!-- This site is optimized with the Yoast SEO Premium plugin v24.2 (Yoast SEO v25.6) - https:\/\/yoast.com\/wordpress\/plugins\/seo\/ -->\n<title>I presepi pi\u00f9 belli e originali della Toscana - intoscana<\/title>\n<meta name=\"description\" content=\"Lungo le valli dell\u2019Arno e dell\u2019Elsa, colline e borghi diventano i luoghi ideali per ospitare statuine del presepe, incentivando il turismo in quei territori.\" \/>\n<meta name=\"robots\" content=\"index, follow, max-snippet:-1, max-image-preview:large, max-video-preview:-1\" \/>\n<link rel=\"canonical\" href=\"https:\/\/www.intoscana.it\/it\/presepi-originali-toscana\/\" \/>\n<meta property=\"og:locale\" content=\"it_IT\" \/>\n<meta property=\"og:type\" content=\"article\" \/>\n<meta property=\"og:title\" content=\"I presepi pi\u00f9 belli e originali della Toscana\" \/>\n<meta property=\"og:description\" content=\"Lungo le valli dell\u2019Arno e dell\u2019Elsa, colline e borghi diventano i luoghi ideali per ospitare statuine del presepe, incentivando il turismo in quei territori.\" \/>\n<meta property=\"og:url\" content=\"https:\/\/www.intoscana.it\/it\/presepi-originali-toscana\/\" \/>\n<meta property=\"og:site_name\" content=\"intoscana\" \/>\n<meta property=\"article:publisher\" content=\"https:\/\/www.facebook.com\/intoscana.it\" \/>\n<meta property=\"article:published_time\" content=\"2019-12-06T15:12:19+00:00\" \/>\n<meta property=\"article:modified_time\" content=\"2020-05-19T14:06:21+00:00\" \/>\n<meta property=\"og:image\" content=\"https:\/\/www.intoscana.it\/wp-content\/uploads\/nativita-uncinetto.jpg\" \/>\n\t<meta property=\"og:image:width\" content=\"720\" \/>\n\t<meta property=\"og:image:height\" content=\"960\" \/>\n\t<meta property=\"og:image:type\" content=\"image\/jpeg\" \/>\n<meta name=\"author\" content=\"Marta Mancini\" \/>\n<meta name=\"twitter:card\" content=\"summary_large_image\" \/>\n<meta name=\"twitter:creator\" content=\"@intoscana\" \/>\n<meta name=\"twitter:site\" content=\"@intoscana\" \/>\n<meta name=\"twitter:label1\" content=\"Written by\" \/>\n\t<meta name=\"twitter:data1\" content=\"Marta Mancini\" \/>\n\t<meta name=\"twitter:label2\" content=\"Est. reading time\" \/>\n\t<meta name=\"twitter:data2\" content=\"4 minuti\" \/>\n<script type=\"application\/ld+json\" class=\"yoast-schema-graph\">{\"@context\":\"https:\/\/schema.org\",\"@graph\":[{\"@type\":\"WebPage\",\"@id\":\"https:\/\/www.intoscana.it\/it\/presepi-originali-toscana\/\",\"url\":\"https:\/\/www.intoscana.it\/it\/presepi-originali-toscana\/\",\"name\":\"I presepi pi\u00f9 belli e originali della Toscana - intoscana\",\"isPartOf\":{\"@id\":\"https:\/\/www.intoscana.it\/it\/#website\"},\"primaryImageOfPage\":{\"@id\":\"https:\/\/www.intoscana.it\/it\/presepi-originali-toscana\/#primaryimage\"},\"image\":{\"@id\":\"https:\/\/www.intoscana.it\/it\/presepi-originali-toscana\/#primaryimage\"},\"thumbnailUrl\":\"https:\/\/www.intoscana.it\/wp-content\/uploads\/nativita-uncinetto.jpg\",\"datePublished\":\"2019-12-06T15:12:19+00:00\",\"dateModified\":\"2020-05-19T14:06:21+00:00\",\"author\":{\"@id\":\"https:\/\/www.intoscana.it\/it\/#\/schema\/person\/ba955c49c389f39a8208f182b0652479\"},\"description\":\"Lungo le valli dell\u2019Arno e dell\u2019Elsa, colline e borghi diventano i luoghi ideali per ospitare statuine del presepe, incentivando il turismo in quei territori.\",\"breadcrumb\":{\"@id\":\"https:\/\/www.intoscana.it\/it\/presepi-originali-toscana\/#breadcrumb\"},\"inLanguage\":\"it-IT\",\"potentialAction\":[{\"@type\":\"ReadAction\",\"target\":[\"https:\/\/www.intoscana.it\/it\/presepi-originali-toscana\/\"]}]},{\"@type\":\"ImageObject\",\"inLanguage\":\"it-IT\",\"@id\":\"https:\/\/www.intoscana.it\/it\/presepi-originali-toscana\/#primaryimage\",\"url\":\"https:\/\/www.intoscana.it\/wp-content\/uploads\/nativita-uncinetto.jpg\",\"contentUrl\":\"https:\/\/www.intoscana.it\/wp-content\/uploads\/nativita-uncinetto.jpg\",\"width\":720,\"height\":960,\"caption\":\"Presepe all'uncinetto realizzato dall'associazione le Dame dell'uncinetto\"},{\"@type\":\"BreadcrumbList\",\"@id\":\"https:\/\/www.intoscana.it\/it\/presepi-originali-toscana\/#breadcrumb\",\"itemListElement\":[{\"@type\":\"ListItem\",\"position\":1,\"name\":\"Home\",\"item\":\"https:\/\/www.intoscana.it\/it\/\"},{\"@type\":\"ListItem\",\"position\":2,\"name\":\"I presepi pi\u00f9 belli e originali della Toscana\"}]},{\"@type\":\"WebSite\",\"@id\":\"https:\/\/www.intoscana.it\/it\/#website\",\"url\":\"https:\/\/www.intoscana.it\/it\/\",\"name\":\"intoscana\",\"description\":\"\",\"potentialAction\":[{\"@type\":\"SearchAction\",\"target\":{\"@type\":\"EntryPoint\",\"urlTemplate\":\"https:\/\/www.intoscana.it\/it\/?s={search_term_string}\"},\"query-input\":{\"@type\":\"PropertyValueSpecification\",\"valueRequired\":true,\"valueName\":\"search_term_string\"}}],\"inLanguage\":\"it-IT\"},{\"@type\":\"Person\",\"@id\":\"https:\/\/www.intoscana.it\/it\/#\/schema\/person\/ba955c49c389f39a8208f182b0652479\",\"name\":\"Marta Mancini\",\"url\":\"https:\/\/www.intoscana.it\/it\/author\/marta-mancini\/\"}]}<\/script>\n<!-- \/ Yoast SEO Premium plugin. -->","yoast_head_json":{"title":"I presepi pi\u00f9 belli e originali della Toscana - intoscana","description":"Lungo le valli dell\u2019Arno e dell\u2019Elsa, colline e borghi diventano i luoghi ideali per ospitare statuine del presepe, incentivando il turismo in quei territori.","robots":{"index":"index","follow":"follow","max-snippet":"max-snippet:-1","max-image-preview":"max-image-preview:large","max-video-preview":"max-video-preview:-1"},"canonical":"https:\/\/www.intoscana.it\/it\/presepi-originali-toscana\/","og_locale":"it_IT","og_type":"article","og_title":"I presepi pi\u00f9 belli e originali della Toscana","og_description":"Lungo le valli dell\u2019Arno e dell\u2019Elsa, colline e borghi diventano i luoghi ideali per ospitare statuine del presepe, incentivando il turismo in quei territori.","og_url":"https:\/\/www.intoscana.it\/it\/presepi-originali-toscana\/","og_site_name":"intoscana","article_publisher":"https:\/\/www.facebook.com\/intoscana.it","article_published_time":"2019-12-06T15:12:19+00:00","article_modified_time":"2020-05-19T14:06:21+00:00","og_image":[{"width":720,"height":960,"url":"https:\/\/www.intoscana.it\/wp-content\/uploads\/nativita-uncinetto.jpg","type":"image\/jpeg"}],"author":"Marta Mancini","twitter_card":"summary_large_image","twitter_creator":"@intoscana","twitter_site":"@intoscana","twitter_misc":{"Written by":"Marta Mancini","Est. reading time":"4 minuti"},"schema":{"@context":"https:\/\/schema.org","@graph":[{"@type":"WebPage","@id":"https:\/\/www.intoscana.it\/it\/presepi-originali-toscana\/","url":"https:\/\/www.intoscana.it\/it\/presepi-originali-toscana\/","name":"I presepi pi\u00f9 belli e originali della Toscana - intoscana","isPartOf":{"@id":"https:\/\/www.intoscana.it\/it\/#website"},"primaryImageOfPage":{"@id":"https:\/\/www.intoscana.it\/it\/presepi-originali-toscana\/#primaryimage"},"image":{"@id":"https:\/\/www.intoscana.it\/it\/presepi-originali-toscana\/#primaryimage"},"thumbnailUrl":"https:\/\/www.intoscana.it\/wp-content\/uploads\/nativita-uncinetto.jpg","datePublished":"2019-12-06T15:12:19+00:00","dateModified":"2020-05-19T14:06:21+00:00","author":{"@id":"https:\/\/www.intoscana.it\/it\/#\/schema\/person\/ba955c49c389f39a8208f182b0652479"},"description":"Lungo le valli dell\u2019Arno e dell\u2019Elsa, colline e borghi diventano i luoghi ideali per ospitare statuine del presepe, incentivando il turismo in quei territori.","breadcrumb":{"@id":"https:\/\/www.intoscana.it\/it\/presepi-originali-toscana\/#breadcrumb"},"inLanguage":"it-IT","potentialAction":[{"@type":"ReadAction","target":["https:\/\/www.intoscana.it\/it\/presepi-originali-toscana\/"]}]},{"@type":"ImageObject","inLanguage":"it-IT","@id":"https:\/\/www.intoscana.it\/it\/presepi-originali-toscana\/#primaryimage","url":"https:\/\/www.intoscana.it\/wp-content\/uploads\/nativita-uncinetto.jpg","contentUrl":"https:\/\/www.intoscana.it\/wp-content\/uploads\/nativita-uncinetto.jpg","width":720,"height":960,"caption":"Presepe all'uncinetto realizzato dall'associazione le Dame dell'uncinetto"},{"@type":"BreadcrumbList","@id":"https:\/\/www.intoscana.it\/it\/presepi-originali-toscana\/#breadcrumb","itemListElement":[{"@type":"ListItem","position":1,"name":"Home","item":"https:\/\/www.intoscana.it\/it\/"},{"@type":"ListItem","position":2,"name":"I presepi pi\u00f9 belli e originali della Toscana"}]},{"@type":"WebSite","@id":"https:\/\/www.intoscana.it\/it\/#website","url":"https:\/\/www.intoscana.it\/it\/","name":"intoscana","description":"","potentialAction":[{"@type":"SearchAction","target":{"@type":"EntryPoint","urlTemplate":"https:\/\/www.intoscana.it\/it\/?s={search_term_string}"},"query-input":{"@type":"PropertyValueSpecification","valueRequired":true,"valueName":"search_term_string"}}],"inLanguage":"it-IT"},{"@type":"Person","@id":"https:\/\/www.intoscana.it\/it\/#\/schema\/person\/ba955c49c389f39a8208f182b0652479","name":"Marta Mancini","url":"https:\/\/www.intoscana.it\/it\/author\/marta-mancini\/"}]}},"_links":{"self":[{"href":"https:\/\/www.intoscana.it\/it\/wp-json\/wp\/v2\/posts\/67418","targetHints":{"allow":["GET"]}}],"collection":[{"href":"https:\/\/www.intoscana.it\/it\/wp-json\/wp\/v2\/posts"}],"about":[{"href":"https:\/\/www.intoscana.it\/it\/wp-json\/wp\/v2\/types\/post"}],"author":[{"embeddable":true,"href":"https:\/\/www.intoscana.it\/it\/wp-json\/wp\/v2\/users\/483"}],"replies":[{"embeddable":true,"href":"https:\/\/www.intoscana.it\/it\/wp-json\/wp\/v2\/comments?post=67418"}],"version-history":[{"count":0,"href":"https:\/\/www.intoscana.it\/it\/wp-json\/wp\/v2\/posts\/67418\/revisions"}],"wp:featuredmedia":[{"embeddable":true,"href":"https:\/\/www.intoscana.it\/it\/wp-json\/wp\/v2\/media\/104925"}],"wp:attachment":[{"href":"https:\/\/www.intoscana.it\/it\/wp-json\/wp\/v2\/media?parent=67418"}],"wp:term":[{"taxonomy":"category","embeddable":true,"href":"https:\/\/www.intoscana.it\/it\/wp-json\/wp\/v2\/categories?post=67418"},{"taxonomy":"post_tag","embeddable":true,"href":"https:\/\/www.intoscana.it\/it\/wp-json\/wp\/v2\/tags?post=67418"}],"curies":[{"name":"wp","href":"https:\/\/api.w.org\/{rel}","templated":true}]}}