{"id":67471,"date":"2019-02-15T10:00:42","date_gmt":"2019-02-15T10:00:42","guid":{"rendered":"http:\/\/www.intoscana.it\/torna-in-toscana-la-magia-del-carnevale-dei-figli-di-bocco\/"},"modified":"2020-05-18T09:27:52","modified_gmt":"2020-05-18T07:27:52","slug":"torna-in-toscana-la-magia-del-carnevale-dei-figli-di-bocco","status":"publish","type":"post","link":"https:\/\/www.intoscana.it\/it\/torna-in-toscana-la-magia-del-carnevale-dei-figli-di-bocco\/","title":{"rendered":"Torna in Toscana la magia del Carnevale dei Figli di Bocco"},"content":{"rendered":"<p>Il caratteristico borgo di <strong>Castiglion Fibocchi<\/strong> \u00e8 imbevuto del proprio passato e ci\u00f2 si palesa anche nelle feste. Una in particolare, ogni anno, inonda piazze e vicoli di questo paese dell\u2019Aretino di un\u2019atmosfera incantata: \u00e8 <strong>il Carnevale dei Figli di Bocco.<\/strong> Le giornate gioiose di questo evento portano con s\u00e9 <strong>una lunghissima storia,<\/strong> che si pu\u00f2 leggere a ritroso a partire da questo curioso nome. <strong>Chi erano i figli di Bocco? Ma soprattutto: chi era Bocco? Ottaviano Pazzi, detto appunto \u201cBocco\u201d per il suo aspetto un po\u2019 deforme,<\/strong> era l\u2019antico reggente di questo castello. Ai suoi figli lasci\u00f2 in eredit\u00e0 l\u2019intera gestione del villaggio, ma anche l\u2019onere di dare il nome a questi tradizionali festeggiamenti.<\/p>\n<p> \u00c8 quasi certo che questa ricorrenza abbia attraversato i secoli: <strong>pare che gi\u00e0 intorno all\u2019anno Mille da queste parti ci si divertisse con giornate di carnevale molto particolari e rinomate in tutto il circondario.<\/strong> Ci\u00f2 che \u00e8 invece non lascia spazio a dubbi \u00e8 la bellezza della manifestazione che ancora oggi viene celebrata nel mese di febbraio. <strong>Oltre duecento figuranti sfilano agghindanti con sfarzosi abiti barocchi, con il volto celato da maschere colorate ed eleganti che raccontano i vari personaggi.<\/strong> Il posto d\u2019onore \u00e8 rivestito da<strong> Re Bacco, che domina incontrastato<\/strong> e che \u00e8 l\u2019anima della festa, ma lo seguono<strong> regine, principesse, fate, maghi e arlecchini.<\/strong> Questo corteo dal sapore veneziano \u00e8 accompagnato, oltre che dalla fantasia degli organizzatori e dall\u2019entusiasmo dei visitatori, da tante iniziative collaterali che arricchiscono l\u2019evento: tra le strade di <strong>Castiglion Fibocchi<\/strong> si muovono cantastorie, si animano spettacoli di magia e concerti e, al termine, giunge l\u2019atteso momento che premia la maschera pi\u00f9 bella.<\/p>\n<a class=\"fotogallery\" href=\"#modalgallery\" rel=\"modal:open\">sfoglia la gallery <i class=\"fas fa-chevron-right\"><\/i><\/a>\n    <div class=\"modal\" id=\"modalgallery\">\n        <div class=\"gallery\">\n          <div class=\"galleryimg\">\n            <div class=\"slidegallerybig\"> <div class=\"itemimg\">\n            <div class=\"wrapimg\">\n            <img decoding=\"async\" src=\"https:\/\/www.intoscana.it\/wp-content\/uploads\/49342410_2074794282558955_5704514045730619392_o.jpg\">\n            <\/div>\n            <\/div> <div class=\"itemimg\">\n            <div class=\"wrapimg\">\n            <img decoding=\"async\" src=\"https:\/\/www.intoscana.it\/wp-content\/uploads\/flaviovieri2.jpg\">\n            <\/div>\n            <\/div> <div class=\"itemimg\">\n            <div class=\"wrapimg\">\n            <img decoding=\"async\" src=\"https:\/\/www.intoscana.it\/wp-content\/uploads\/23_marco_mazzocchetti_3337531248_mazzocchetti99gmail.com_b.jpg\">\n            <\/div>\n            <\/div> <div class=\"itemimg\">\n            <div class=\"wrapimg\">\n            <img decoding=\"async\" src=\"https:\/\/www.intoscana.it\/wp-content\/uploads\/2_maria_rosa_manfredi_3392736938_mroosemary2003yahoo.it_b.jpg\">\n            <\/div>\n            <\/div> <div class=\"itemimg\">\n            <div class=\"wrapimg\">\n            <img decoding=\"async\" src=\"https:\/\/www.intoscana.it\/wp-content\/uploads\/ariana_sichi_2.jpg\">\n            <\/div>\n            <\/div> <div class=\"itemimg\">\n            <div class=\"wrapimg\">\n            <img decoding=\"async\" src=\"https:\/\/www.intoscana.it\/wp-content\/uploads\/49666797_2079997655371951_4210234373003280384_n.jpg\">\n            <\/div>\n            <\/div> <div class=\"itemimg\">\n            <div class=\"wrapimg\">\n            <img decoding=\"async\" src=\"https:\/\/www.intoscana.it\/wp-content\/uploads\/federico_ghelli02.jpg\">\n            <\/div>\n            <\/div> <div class=\"itemimg\">\n            <div class=\"wrapimg\">\n            <img decoding=\"async\" src=\"https:\/\/www.intoscana.it\/wp-content\/uploads\/24_michele_paoli_3384676661_mik.paoligmail.com_b.jpg\">\n            <\/div>\n            <\/div> <div class=\"itemimg\">\n            <div class=\"wrapimg\">\n            <img decoding=\"async\" src=\"https:\/\/www.intoscana.it\/wp-content\/uploads\/09_patrizio_burgassi_3289695089_patrizioburgassigmail.com_c.jpg\">\n            <\/div>\n            <\/div>\n            <\/div>\n          <\/div>\n          <div class=\"asidemenu\">\n            <div class=\"action\">\n              <div class=\"countlidegallery\"><\/div>\n              <div class=\"closegallery\" href=\"#modalgallery\" rel=\"modal:close\"><i class=\"far fa-times\"><\/i><\/div>\n            <\/div>\n            <div class=\"title\">\n              <h2>Torna in Toscana la magia del Carnevale dei Figli di Bocco<\/h2>\n              <div class=\"socialarticolo\"> \n            <div class=\"contsocialico\">\n              <ul>\n                <li><a target=\"_blank\" href=\"https:\/\/www.facebook.com\/sharer\/sharer.php?u=https:\/\/www.intoscana.it\/it\/torna-in-toscana-la-magia-del-carnevale-dei-figli-di-bocco\/\"> <i class=\"fab fa-facebook-f\"><\/i><\/a><\/li>\n                <li><a target=\"_blank\" href=\"https:\/\/twitter.com\/home?status=https:\/\/www.intoscana.it\/it\/torna-in-toscana-la-magia-del-carnevale-dei-figli-di-bocco\/\"> <i class=\"fab fa-twitter\"><\/i><\/a><\/li>\n                <li>\n                  <div class=\"shareall\" target=\"_blank\" href=\"\"> <i class=\"fas fa-share-alt\"><\/i><\/div>\n                  <div class=\"sharemore\">\n                    <ul>\n                      <li><a target=\"_blank\" href=\"https:\/\/www.linkedin.com\/shareArticle?url=https:\/\/www.intoscana.it\/it\/torna-in-toscana-la-magia-del-carnevale-dei-figli-di-bocco\/\"> <i class=\"fab fa-linkedin\"><\/i><\/a><\/li>\n                      <li><a target=\"_blank\" href=\"http:\/\/www.pinterest.com\/pin\/create\/bookmarklet\/?url=https:\/\/www.intoscana.it\/it\/torna-in-toscana-la-magia-del-carnevale-dei-figli-di-bocco\/\"> <i class=\"fab fa-pinterest\"><\/i><\/a><\/li>\n                      <li><a target=\"_blank\" href=\"mailto?subject=Torna in Toscana la magia del Carnevale dei Figli di Bocco&body=https:\/\/www.intoscana.it\/it\/torna-in-toscana-la-magia-del-carnevale-dei-figli-di-bocco\/\"> <i class=\"fas fa-envelope\"><\/i><\/a><\/li>\n                    <\/ul>\n                    <div class=\"closesharemore\">\n                    <i class=\"fas fa-times\"><\/i>\n                    <\/div>\n                  <\/div>\n                <\/li>\n              <\/ul>\n            <\/div>\n          <\/div>\n        <\/div>\n          <\/div>\n        <\/div>\n      <\/div>\n<p> Le meravigliose maschere e i bellissimi costumi del <strong>Carnevale dei Figli di Bocco domenica 17 e domenica 24 febbraio 2019<\/strong> riusciranno come sempre ad emozionare chiunque a prescindere dall\u2019et\u00e0 e dalla provenienza, in uno spettacolo che sedurr\u00e0, fatto di <strong>grazia, eleganza, fantasia e colori.<\/strong> Una festa per gli occhi, occhi che nascosti dietro alle maschere vi seguiranno con affascinante mistero.<\/p>\n<p> Molte saranno le novit\u00e0 in questa nuova edizione dove nel regno di \u201cRe Bocco\u201d troverete <strong>pittori, scultori, poeti, inventori, che onoreranno con le loro arti il Maestro e Genio Universale Leonardo da Vinci.<\/strong> <strong>Artisti circensi, giullari e racconta-storie, re e regine, musici, sbandieratori<\/strong> faranno da cornice allo <strong>splendido Corteo Reale<\/strong> dove sfileranno anche sette nuove maschere e costumi, tra i quali <strong>un prezioso omaggio alla Gioconda.<\/strong> Le maschere, realizzate dalle<strong> sapienti mani artigiane e dalla creativit\u00e0 delle maestre sarte,<\/strong> danno vita ogni anno a questo piccolo borgo che sta diventando sempre pi\u00f9 importante e famoso nel mondo. Vi attende <strong>uno straordinario spettacolo di luce, riflessi, colori,<\/strong> per tutti gli amanti ed appassionati di <strong>fotografia, selfie e social.<\/strong> <\/p>\n<p><strong> Per informazioni:<\/strong><br \/><strong><a href=\"http:\/\/www.carnevaledeifiglidibocco.it\" target=\"_blank\" rel=\"noopener noreferrer\">www.carnevaledeifiglidibocco.it<\/a><\/strong><\/p>\n<a class=\"googlemapbutton\" href=\"https:\/\/www.google.com\/maps\/search\/?api=1&#038;query=Arezzo+via%20Marchese%20Alessandro%20dal%20Borro,%205+Castiglion%20Fibocchi\" target=\"_blank\">Vedi mappa <i class=\"fas fa-map-marker-alt\"><\/i><\/a>\n","protected":false},"excerpt":{"rendered":"<p>Dal 16 al 24 febbraio il caratteristico borgo di Castiglion Fibocchi sar\u00e0 invaso dalle maschere con sfarzosi abiti barocchi dal sapore veneziano<\/p>\n","protected":false},"author":525,"featured_media":104966,"comment_status":"open","ping_status":"open","sticky":false,"template":"","format":"standard","meta":{"_acf_changed":false,"footnotes":""},"categories":[6],"tags":[269],"class_list":["post-67471","post","type-post","status-publish","format-standard","has-post-thumbnail","hentry","category-viaggi","tag-carnevale"],"acf":[],"yoast_head":"<!-- This site is optimized with the Yoast SEO Premium plugin v24.2 (Yoast SEO v25.6) - https:\/\/yoast.com\/wordpress\/plugins\/seo\/ -->\n<title>Torna in Toscana la magia del Carnevale dei Figli di Bocco - intoscana<\/title>\n<meta name=\"description\" content=\"Dal 16 al 24 febbraio torna in Toscana la magia del Carnevale dei Figli di Bocco\" \/>\n<meta name=\"robots\" content=\"index, follow, max-snippet:-1, max-image-preview:large, max-video-preview:-1\" \/>\n<link rel=\"canonical\" href=\"https:\/\/www.intoscana.it\/it\/torna-in-toscana-la-magia-del-carnevale-dei-figli-di-bocco\/\" \/>\n<meta property=\"og:locale\" content=\"it_IT\" \/>\n<meta property=\"og:type\" content=\"article\" \/>\n<meta property=\"og:title\" content=\"Torna in Toscana la magia del Carnevale dei Figli di Bocco\" \/>\n<meta property=\"og:description\" content=\"Dal 16 al 24 febbraio torna in Toscana la magia del Carnevale dei Figli di Bocco\" \/>\n<meta property=\"og:url\" content=\"https:\/\/www.intoscana.it\/it\/torna-in-toscana-la-magia-del-carnevale-dei-figli-di-bocco\/\" \/>\n<meta property=\"og:site_name\" content=\"intoscana\" \/>\n<meta property=\"article:publisher\" content=\"https:\/\/www.facebook.com\/intoscana.it\" \/>\n<meta property=\"article:published_time\" content=\"2019-02-15T10:00:42+00:00\" \/>\n<meta property=\"article:modified_time\" content=\"2020-05-18T07:27:52+00:00\" \/>\n<meta property=\"og:image\" content=\"https:\/\/www.intoscana.it\/wp-content\/uploads\/2_maria_rosa_manfredi_3392736938_mroosemary2003yahoo.it_c.jpg\" \/>\n\t<meta property=\"og:image:width\" content=\"1600\" \/>\n\t<meta property=\"og:image:height\" content=\"1067\" \/>\n\t<meta property=\"og:image:type\" content=\"image\/jpeg\" \/>\n<meta name=\"author\" content=\"Redazione\" \/>\n<meta name=\"twitter:card\" content=\"summary_large_image\" \/>\n<meta name=\"twitter:creator\" content=\"@intoscana\" \/>\n<meta name=\"twitter:site\" content=\"@intoscana\" \/>\n<meta name=\"twitter:label1\" content=\"Written by\" \/>\n\t<meta name=\"twitter:data1\" content=\"Redazione\" \/>\n\t<meta name=\"twitter:label2\" content=\"Est. reading time\" \/>\n\t<meta name=\"twitter:data2\" content=\"2 minuti\" \/>\n<script type=\"application\/ld+json\" class=\"yoast-schema-graph\">{\"@context\":\"https:\/\/schema.org\",\"@graph\":[{\"@type\":\"WebPage\",\"@id\":\"https:\/\/www.intoscana.it\/it\/torna-in-toscana-la-magia-del-carnevale-dei-figli-di-bocco\/\",\"url\":\"https:\/\/www.intoscana.it\/it\/torna-in-toscana-la-magia-del-carnevale-dei-figli-di-bocco\/\",\"name\":\"Torna in Toscana la magia del Carnevale dei Figli di Bocco - intoscana\",\"isPartOf\":{\"@id\":\"https:\/\/www.intoscana.it\/it\/#website\"},\"primaryImageOfPage\":{\"@id\":\"https:\/\/www.intoscana.it\/it\/torna-in-toscana-la-magia-del-carnevale-dei-figli-di-bocco\/#primaryimage\"},\"image\":{\"@id\":\"https:\/\/www.intoscana.it\/it\/torna-in-toscana-la-magia-del-carnevale-dei-figli-di-bocco\/#primaryimage\"},\"thumbnailUrl\":\"https:\/\/www.intoscana.it\/wp-content\/uploads\/2_maria_rosa_manfredi_3392736938_mroosemary2003yahoo.it_c.jpg\",\"datePublished\":\"2019-02-15T10:00:42+00:00\",\"dateModified\":\"2020-05-18T07:27:52+00:00\",\"author\":{\"@id\":\"https:\/\/www.intoscana.it\/it\/#\/schema\/person\/9223810753230f20bd670fdd322661f8\"},\"description\":\"Dal 16 al 24 febbraio torna in Toscana la magia del Carnevale dei Figli di Bocco\",\"breadcrumb\":{\"@id\":\"https:\/\/www.intoscana.it\/it\/torna-in-toscana-la-magia-del-carnevale-dei-figli-di-bocco\/#breadcrumb\"},\"inLanguage\":\"it-IT\",\"potentialAction\":[{\"@type\":\"ReadAction\",\"target\":[\"https:\/\/www.intoscana.it\/it\/torna-in-toscana-la-magia-del-carnevale-dei-figli-di-bocco\/\"]}]},{\"@type\":\"ImageObject\",\"inLanguage\":\"it-IT\",\"@id\":\"https:\/\/www.intoscana.it\/it\/torna-in-toscana-la-magia-del-carnevale-dei-figli-di-bocco\/#primaryimage\",\"url\":\"https:\/\/www.intoscana.it\/wp-content\/uploads\/2_maria_rosa_manfredi_3392736938_mroosemary2003yahoo.it_c.jpg\",\"contentUrl\":\"https:\/\/www.intoscana.it\/wp-content\/uploads\/2_maria_rosa_manfredi_3392736938_mroosemary2003yahoo.it_c.jpg\",\"width\":1600,\"height\":1067},{\"@type\":\"BreadcrumbList\",\"@id\":\"https:\/\/www.intoscana.it\/it\/torna-in-toscana-la-magia-del-carnevale-dei-figli-di-bocco\/#breadcrumb\",\"itemListElement\":[{\"@type\":\"ListItem\",\"position\":1,\"name\":\"Home\",\"item\":\"https:\/\/www.intoscana.it\/it\/\"},{\"@type\":\"ListItem\",\"position\":2,\"name\":\"Torna in Toscana la magia del Carnevale dei Figli di Bocco\"}]},{\"@type\":\"WebSite\",\"@id\":\"https:\/\/www.intoscana.it\/it\/#website\",\"url\":\"https:\/\/www.intoscana.it\/it\/\",\"name\":\"intoscana\",\"description\":\"\",\"potentialAction\":[{\"@type\":\"SearchAction\",\"target\":{\"@type\":\"EntryPoint\",\"urlTemplate\":\"https:\/\/www.intoscana.it\/it\/?s={search_term_string}\"},\"query-input\":{\"@type\":\"PropertyValueSpecification\",\"valueRequired\":true,\"valueName\":\"search_term_string\"}}],\"inLanguage\":\"it-IT\"},{\"@type\":\"Person\",\"@id\":\"https:\/\/www.intoscana.it\/it\/#\/schema\/person\/9223810753230f20bd670fdd322661f8\",\"name\":\"Redazione\",\"url\":\"https:\/\/www.intoscana.it\/it\/author\/redazione\/\"}]}<\/script>\n<!-- \/ Yoast SEO Premium plugin. -->","yoast_head_json":{"title":"Torna in Toscana la magia del Carnevale dei Figli di Bocco - intoscana","description":"Dal 16 al 24 febbraio torna in Toscana la magia del Carnevale dei Figli di Bocco","robots":{"index":"index","follow":"follow","max-snippet":"max-snippet:-1","max-image-preview":"max-image-preview:large","max-video-preview":"max-video-preview:-1"},"canonical":"https:\/\/www.intoscana.it\/it\/torna-in-toscana-la-magia-del-carnevale-dei-figli-di-bocco\/","og_locale":"it_IT","og_type":"article","og_title":"Torna in Toscana la magia del Carnevale dei Figli di Bocco","og_description":"Dal 16 al 24 febbraio torna in Toscana la magia del Carnevale dei Figli di Bocco","og_url":"https:\/\/www.intoscana.it\/it\/torna-in-toscana-la-magia-del-carnevale-dei-figli-di-bocco\/","og_site_name":"intoscana","article_publisher":"https:\/\/www.facebook.com\/intoscana.it","article_published_time":"2019-02-15T10:00:42+00:00","article_modified_time":"2020-05-18T07:27:52+00:00","og_image":[{"width":1600,"height":1067,"url":"https:\/\/www.intoscana.it\/wp-content\/uploads\/2_maria_rosa_manfredi_3392736938_mroosemary2003yahoo.it_c.jpg","type":"image\/jpeg"}],"author":"Redazione","twitter_card":"summary_large_image","twitter_creator":"@intoscana","twitter_site":"@intoscana","twitter_misc":{"Written by":"Redazione","Est. reading time":"2 minuti"},"schema":{"@context":"https:\/\/schema.org","@graph":[{"@type":"WebPage","@id":"https:\/\/www.intoscana.it\/it\/torna-in-toscana-la-magia-del-carnevale-dei-figli-di-bocco\/","url":"https:\/\/www.intoscana.it\/it\/torna-in-toscana-la-magia-del-carnevale-dei-figli-di-bocco\/","name":"Torna in Toscana la magia del Carnevale dei Figli di Bocco - intoscana","isPartOf":{"@id":"https:\/\/www.intoscana.it\/it\/#website"},"primaryImageOfPage":{"@id":"https:\/\/www.intoscana.it\/it\/torna-in-toscana-la-magia-del-carnevale-dei-figli-di-bocco\/#primaryimage"},"image":{"@id":"https:\/\/www.intoscana.it\/it\/torna-in-toscana-la-magia-del-carnevale-dei-figli-di-bocco\/#primaryimage"},"thumbnailUrl":"https:\/\/www.intoscana.it\/wp-content\/uploads\/2_maria_rosa_manfredi_3392736938_mroosemary2003yahoo.it_c.jpg","datePublished":"2019-02-15T10:00:42+00:00","dateModified":"2020-05-18T07:27:52+00:00","author":{"@id":"https:\/\/www.intoscana.it\/it\/#\/schema\/person\/9223810753230f20bd670fdd322661f8"},"description":"Dal 16 al 24 febbraio torna in Toscana la magia del Carnevale dei Figli di Bocco","breadcrumb":{"@id":"https:\/\/www.intoscana.it\/it\/torna-in-toscana-la-magia-del-carnevale-dei-figli-di-bocco\/#breadcrumb"},"inLanguage":"it-IT","potentialAction":[{"@type":"ReadAction","target":["https:\/\/www.intoscana.it\/it\/torna-in-toscana-la-magia-del-carnevale-dei-figli-di-bocco\/"]}]},{"@type":"ImageObject","inLanguage":"it-IT","@id":"https:\/\/www.intoscana.it\/it\/torna-in-toscana-la-magia-del-carnevale-dei-figli-di-bocco\/#primaryimage","url":"https:\/\/www.intoscana.it\/wp-content\/uploads\/2_maria_rosa_manfredi_3392736938_mroosemary2003yahoo.it_c.jpg","contentUrl":"https:\/\/www.intoscana.it\/wp-content\/uploads\/2_maria_rosa_manfredi_3392736938_mroosemary2003yahoo.it_c.jpg","width":1600,"height":1067},{"@type":"BreadcrumbList","@id":"https:\/\/www.intoscana.it\/it\/torna-in-toscana-la-magia-del-carnevale-dei-figli-di-bocco\/#breadcrumb","itemListElement":[{"@type":"ListItem","position":1,"name":"Home","item":"https:\/\/www.intoscana.it\/it\/"},{"@type":"ListItem","position":2,"name":"Torna in Toscana la magia del Carnevale dei Figli di Bocco"}]},{"@type":"WebSite","@id":"https:\/\/www.intoscana.it\/it\/#website","url":"https:\/\/www.intoscana.it\/it\/","name":"intoscana","description":"","potentialAction":[{"@type":"SearchAction","target":{"@type":"EntryPoint","urlTemplate":"https:\/\/www.intoscana.it\/it\/?s={search_term_string}"},"query-input":{"@type":"PropertyValueSpecification","valueRequired":true,"valueName":"search_term_string"}}],"inLanguage":"it-IT"},{"@type":"Person","@id":"https:\/\/www.intoscana.it\/it\/#\/schema\/person\/9223810753230f20bd670fdd322661f8","name":"Redazione","url":"https:\/\/www.intoscana.it\/it\/author\/redazione\/"}]}},"_links":{"self":[{"href":"https:\/\/www.intoscana.it\/it\/wp-json\/wp\/v2\/posts\/67471","targetHints":{"allow":["GET"]}}],"collection":[{"href":"https:\/\/www.intoscana.it\/it\/wp-json\/wp\/v2\/posts"}],"about":[{"href":"https:\/\/www.intoscana.it\/it\/wp-json\/wp\/v2\/types\/post"}],"author":[{"embeddable":true,"href":"https:\/\/www.intoscana.it\/it\/wp-json\/wp\/v2\/users\/525"}],"replies":[{"embeddable":true,"href":"https:\/\/www.intoscana.it\/it\/wp-json\/wp\/v2\/comments?post=67471"}],"version-history":[{"count":0,"href":"https:\/\/www.intoscana.it\/it\/wp-json\/wp\/v2\/posts\/67471\/revisions"}],"wp:featuredmedia":[{"embeddable":true,"href":"https:\/\/www.intoscana.it\/it\/wp-json\/wp\/v2\/media\/104966"}],"wp:attachment":[{"href":"https:\/\/www.intoscana.it\/it\/wp-json\/wp\/v2\/media?parent=67471"}],"wp:term":[{"taxonomy":"category","embeddable":true,"href":"https:\/\/www.intoscana.it\/it\/wp-json\/wp\/v2\/categories?post=67471"},{"taxonomy":"post_tag","embeddable":true,"href":"https:\/\/www.intoscana.it\/it\/wp-json\/wp\/v2\/tags?post=67471"}],"curies":[{"name":"wp","href":"https:\/\/api.w.org\/{rel}","templated":true}]}}