{"id":67474,"date":"2019-02-13T10:22:18","date_gmt":"2019-02-13T10:22:18","guid":{"rendered":"http:\/\/www.intoscana.it\/il-carnevale-di-viareggio-si-veste-di-arancio-contro-violenza-sulle-donne\/"},"modified":"2020-05-18T09:27:53","modified_gmt":"2020-05-18T07:27:53","slug":"il-carnevale-di-viareggio-si-veste-di-arancio-contro-violenza-sulle-donne","status":"publish","type":"post","link":"https:\/\/www.intoscana.it\/it\/il-carnevale-di-viareggio-si-veste-di-arancio-contro-violenza-sulle-donne\/","title":{"rendered":"Il Carnevale di Viareggio si veste di arancio contro violenza sulle donne"},"content":{"rendered":"<p>Un fine settimana nel quale i corsi mascherati del<strong> Carnevale di Viareggio si coloreranno di arancione per lanciare un messaggio contro la violenza sulle donne.<\/strong> Questa l&#8217;iniziativa a cui hanno aderito artisti su invito della Citt\u00e0 di Viareggio e della Fondazione Carnevale per sostenere il messaggio di &#8216;Un manifesto per le donne&#8217; dal Carnevale di Viareggio. Al riguardo l&#8217;artista Giorgio Michetti ha ideato un manifesto simbolo.<\/p>\n<p>Sabato 16 febbraio all&#8217;hotel Principe di Piemonte convegno dal titolo &#8216;Sulla violenza non si scherza..&#8217; coordinato da Ilaria Bonuccelli, in cui si vorr\u00e0 giungere ad una <strong>Carta di Viareggio con una proposta di riforma del codice penale che prevede l&#8217;inserimento tra i &#8216;Delitti alla persona&#8217;<\/strong> di un capo dedicato espressamente ai delitti di discriminazione basati sul genere della vittima.<\/p>\n<p>A corollario degli eventi la Fondazione Carnevale dar\u00e0 vita anche ad una campagna sui social con video messaggi, anche di persone celebri.<strong> Il messaggio &#8216;No alla violenza di genere&#8217; sar\u00e0 ripreso in occasione del corso mascherato di domenica 17 febbraio. La Fondazione Carnevale invita il pubblico a procurarsi coriandoli arancioni ma anche ad indossare un indumento di colore arancio<\/strong> per immortalare in una foto il messaggio grazie allo staff dell&#8217;agenzia Massimo Sestini, una delle pi\u00f9 importanti agenzie di fotoreporter al mondo. L&#8217;immagine che sar\u00e0 selezionata dalla Fondazione Carnevale verr\u00e0 inviata alle pi\u00f9 importanti istituzioni mondiali impegnate nel contrasto alla violenza di genere.<\/p>\n","protected":false},"excerpt":{"rendered":"<p>Convegno al Principe di Piemonte e poi sfilata dei giganti di cartapesta arricchita da milioni di cordiandoli color arancio, per sensibilizzare il pubblico sul tema della violenza<\/p>\n","protected":false},"author":525,"featured_media":104969,"comment_status":"open","ping_status":"open","sticky":false,"template":"","format":"standard","meta":{"_acf_changed":false,"footnotes":""},"categories":[6],"tags":[269],"class_list":["post-67474","post","type-post","status-publish","format-standard","has-post-thumbnail","hentry","category-viaggi","tag-carnevale"],"acf":[],"yoast_head":"<!-- This site is optimized with the Yoast SEO Premium plugin v24.2 (Yoast SEO v25.6) - https:\/\/yoast.com\/wordpress\/plugins\/seo\/ -->\n<title>Il Carnevale di Viareggio si veste di arancio contro violenza sulle donne - intoscana<\/title>\n<meta name=\"description\" content=\"Il prossimo corso del Carnevale di Viareggio sar\u00e0 dedicato alla lotta alla violenza sulle donne, con tante iniziative speciali.\" \/>\n<meta name=\"robots\" content=\"index, follow, max-snippet:-1, max-image-preview:large, max-video-preview:-1\" \/>\n<link rel=\"canonical\" href=\"https:\/\/www.intoscana.it\/it\/il-carnevale-di-viareggio-si-veste-di-arancio-contro-violenza-sulle-donne\/\" \/>\n<meta property=\"og:locale\" content=\"it_IT\" \/>\n<meta property=\"og:type\" content=\"article\" \/>\n<meta property=\"og:title\" content=\"Il Carnevale di Viareggio si veste di arancio contro violenza sulle donne\" \/>\n<meta property=\"og:description\" content=\"Il prossimo corso del Carnevale di Viareggio sar\u00e0 dedicato alla lotta alla violenza sulle donne, con tante iniziative speciali.\" \/>\n<meta property=\"og:url\" content=\"https:\/\/www.intoscana.it\/it\/il-carnevale-di-viareggio-si-veste-di-arancio-contro-violenza-sulle-donne\/\" \/>\n<meta property=\"og:site_name\" content=\"intoscana\" \/>\n<meta property=\"article:publisher\" content=\"https:\/\/www.facebook.com\/intoscana.it\" \/>\n<meta property=\"article:published_time\" content=\"2019-02-13T10:22:18+00:00\" \/>\n<meta property=\"article:modified_time\" content=\"2020-05-18T07:27:53+00:00\" \/>\n<meta property=\"og:image\" content=\"https:\/\/www.intoscana.it\/wp-content\/uploads\/carnevale-viareggio-alto.jpg\" \/>\n\t<meta property=\"og:image:width\" content=\"2000\" \/>\n\t<meta property=\"og:image:height\" content=\"1019\" \/>\n\t<meta property=\"og:image:type\" content=\"image\/jpeg\" \/>\n<meta name=\"author\" content=\"Redazione\" \/>\n<meta name=\"twitter:card\" content=\"summary_large_image\" \/>\n<meta name=\"twitter:creator\" content=\"@intoscana\" \/>\n<meta name=\"twitter:site\" content=\"@intoscana\" \/>\n<meta name=\"twitter:label1\" content=\"Written by\" \/>\n\t<meta name=\"twitter:data1\" content=\"Redazione\" \/>\n\t<meta name=\"twitter:label2\" content=\"Est. reading time\" \/>\n\t<meta name=\"twitter:data2\" content=\"1 minuto\" \/>\n<script type=\"application\/ld+json\" class=\"yoast-schema-graph\">{\"@context\":\"https:\/\/schema.org\",\"@graph\":[{\"@type\":\"WebPage\",\"@id\":\"https:\/\/www.intoscana.it\/it\/il-carnevale-di-viareggio-si-veste-di-arancio-contro-violenza-sulle-donne\/\",\"url\":\"https:\/\/www.intoscana.it\/it\/il-carnevale-di-viareggio-si-veste-di-arancio-contro-violenza-sulle-donne\/\",\"name\":\"Il Carnevale di Viareggio si veste di arancio contro violenza sulle donne - intoscana\",\"isPartOf\":{\"@id\":\"https:\/\/www.intoscana.it\/it\/#website\"},\"primaryImageOfPage\":{\"@id\":\"https:\/\/www.intoscana.it\/it\/il-carnevale-di-viareggio-si-veste-di-arancio-contro-violenza-sulle-donne\/#primaryimage\"},\"image\":{\"@id\":\"https:\/\/www.intoscana.it\/it\/il-carnevale-di-viareggio-si-veste-di-arancio-contro-violenza-sulle-donne\/#primaryimage\"},\"thumbnailUrl\":\"https:\/\/www.intoscana.it\/wp-content\/uploads\/carnevale-viareggio-alto.jpg\",\"datePublished\":\"2019-02-13T10:22:18+00:00\",\"dateModified\":\"2020-05-18T07:27:53+00:00\",\"author\":{\"@id\":\"https:\/\/www.intoscana.it\/it\/#\/schema\/person\/9223810753230f20bd670fdd322661f8\"},\"description\":\"Il prossimo corso del Carnevale di Viareggio sar\u00e0 dedicato alla lotta alla violenza sulle donne, con tante iniziative speciali.\",\"breadcrumb\":{\"@id\":\"https:\/\/www.intoscana.it\/it\/il-carnevale-di-viareggio-si-veste-di-arancio-contro-violenza-sulle-donne\/#breadcrumb\"},\"inLanguage\":\"it-IT\",\"potentialAction\":[{\"@type\":\"ReadAction\",\"target\":[\"https:\/\/www.intoscana.it\/it\/il-carnevale-di-viareggio-si-veste-di-arancio-contro-violenza-sulle-donne\/\"]}]},{\"@type\":\"ImageObject\",\"inLanguage\":\"it-IT\",\"@id\":\"https:\/\/www.intoscana.it\/it\/il-carnevale-di-viareggio-si-veste-di-arancio-contro-violenza-sulle-donne\/#primaryimage\",\"url\":\"https:\/\/www.intoscana.it\/wp-content\/uploads\/carnevale-viareggio-alto.jpg\",\"contentUrl\":\"https:\/\/www.intoscana.it\/wp-content\/uploads\/carnevale-viareggio-alto.jpg\",\"width\":2000,\"height\":1019,\"caption\":\"Carnevale di Viareggio\"},{\"@type\":\"BreadcrumbList\",\"@id\":\"https:\/\/www.intoscana.it\/it\/il-carnevale-di-viareggio-si-veste-di-arancio-contro-violenza-sulle-donne\/#breadcrumb\",\"itemListElement\":[{\"@type\":\"ListItem\",\"position\":1,\"name\":\"Home\",\"item\":\"https:\/\/www.intoscana.it\/it\/\"},{\"@type\":\"ListItem\",\"position\":2,\"name\":\"Il Carnevale di Viareggio si veste di arancio contro violenza sulle donne\"}]},{\"@type\":\"WebSite\",\"@id\":\"https:\/\/www.intoscana.it\/it\/#website\",\"url\":\"https:\/\/www.intoscana.it\/it\/\",\"name\":\"intoscana\",\"description\":\"\",\"potentialAction\":[{\"@type\":\"SearchAction\",\"target\":{\"@type\":\"EntryPoint\",\"urlTemplate\":\"https:\/\/www.intoscana.it\/it\/?s={search_term_string}\"},\"query-input\":{\"@type\":\"PropertyValueSpecification\",\"valueRequired\":true,\"valueName\":\"search_term_string\"}}],\"inLanguage\":\"it-IT\"},{\"@type\":\"Person\",\"@id\":\"https:\/\/www.intoscana.it\/it\/#\/schema\/person\/9223810753230f20bd670fdd322661f8\",\"name\":\"Redazione\",\"url\":\"https:\/\/www.intoscana.it\/it\/author\/redazione\/\"}]}<\/script>\n<!-- \/ Yoast SEO Premium plugin. -->","yoast_head_json":{"title":"Il Carnevale di Viareggio si veste di arancio contro violenza sulle donne - intoscana","description":"Il prossimo corso del Carnevale di Viareggio sar\u00e0 dedicato alla lotta alla violenza sulle donne, con tante iniziative speciali.","robots":{"index":"index","follow":"follow","max-snippet":"max-snippet:-1","max-image-preview":"max-image-preview:large","max-video-preview":"max-video-preview:-1"},"canonical":"https:\/\/www.intoscana.it\/it\/il-carnevale-di-viareggio-si-veste-di-arancio-contro-violenza-sulle-donne\/","og_locale":"it_IT","og_type":"article","og_title":"Il Carnevale di Viareggio si veste di arancio contro violenza sulle donne","og_description":"Il prossimo corso del Carnevale di Viareggio sar\u00e0 dedicato alla lotta alla violenza sulle donne, con tante iniziative speciali.","og_url":"https:\/\/www.intoscana.it\/it\/il-carnevale-di-viareggio-si-veste-di-arancio-contro-violenza-sulle-donne\/","og_site_name":"intoscana","article_publisher":"https:\/\/www.facebook.com\/intoscana.it","article_published_time":"2019-02-13T10:22:18+00:00","article_modified_time":"2020-05-18T07:27:53+00:00","og_image":[{"width":2000,"height":1019,"url":"https:\/\/www.intoscana.it\/wp-content\/uploads\/carnevale-viareggio-alto.jpg","type":"image\/jpeg"}],"author":"Redazione","twitter_card":"summary_large_image","twitter_creator":"@intoscana","twitter_site":"@intoscana","twitter_misc":{"Written by":"Redazione","Est. reading time":"1 minuto"},"schema":{"@context":"https:\/\/schema.org","@graph":[{"@type":"WebPage","@id":"https:\/\/www.intoscana.it\/it\/il-carnevale-di-viareggio-si-veste-di-arancio-contro-violenza-sulle-donne\/","url":"https:\/\/www.intoscana.it\/it\/il-carnevale-di-viareggio-si-veste-di-arancio-contro-violenza-sulle-donne\/","name":"Il Carnevale di Viareggio si veste di arancio contro violenza sulle donne - intoscana","isPartOf":{"@id":"https:\/\/www.intoscana.it\/it\/#website"},"primaryImageOfPage":{"@id":"https:\/\/www.intoscana.it\/it\/il-carnevale-di-viareggio-si-veste-di-arancio-contro-violenza-sulle-donne\/#primaryimage"},"image":{"@id":"https:\/\/www.intoscana.it\/it\/il-carnevale-di-viareggio-si-veste-di-arancio-contro-violenza-sulle-donne\/#primaryimage"},"thumbnailUrl":"https:\/\/www.intoscana.it\/wp-content\/uploads\/carnevale-viareggio-alto.jpg","datePublished":"2019-02-13T10:22:18+00:00","dateModified":"2020-05-18T07:27:53+00:00","author":{"@id":"https:\/\/www.intoscana.it\/it\/#\/schema\/person\/9223810753230f20bd670fdd322661f8"},"description":"Il prossimo corso del Carnevale di Viareggio sar\u00e0 dedicato alla lotta alla violenza sulle donne, con tante iniziative speciali.","breadcrumb":{"@id":"https:\/\/www.intoscana.it\/it\/il-carnevale-di-viareggio-si-veste-di-arancio-contro-violenza-sulle-donne\/#breadcrumb"},"inLanguage":"it-IT","potentialAction":[{"@type":"ReadAction","target":["https:\/\/www.intoscana.it\/it\/il-carnevale-di-viareggio-si-veste-di-arancio-contro-violenza-sulle-donne\/"]}]},{"@type":"ImageObject","inLanguage":"it-IT","@id":"https:\/\/www.intoscana.it\/it\/il-carnevale-di-viareggio-si-veste-di-arancio-contro-violenza-sulle-donne\/#primaryimage","url":"https:\/\/www.intoscana.it\/wp-content\/uploads\/carnevale-viareggio-alto.jpg","contentUrl":"https:\/\/www.intoscana.it\/wp-content\/uploads\/carnevale-viareggio-alto.jpg","width":2000,"height":1019,"caption":"Carnevale di Viareggio"},{"@type":"BreadcrumbList","@id":"https:\/\/www.intoscana.it\/it\/il-carnevale-di-viareggio-si-veste-di-arancio-contro-violenza-sulle-donne\/#breadcrumb","itemListElement":[{"@type":"ListItem","position":1,"name":"Home","item":"https:\/\/www.intoscana.it\/it\/"},{"@type":"ListItem","position":2,"name":"Il Carnevale di Viareggio si veste di arancio contro violenza sulle donne"}]},{"@type":"WebSite","@id":"https:\/\/www.intoscana.it\/it\/#website","url":"https:\/\/www.intoscana.it\/it\/","name":"intoscana","description":"","potentialAction":[{"@type":"SearchAction","target":{"@type":"EntryPoint","urlTemplate":"https:\/\/www.intoscana.it\/it\/?s={search_term_string}"},"query-input":{"@type":"PropertyValueSpecification","valueRequired":true,"valueName":"search_term_string"}}],"inLanguage":"it-IT"},{"@type":"Person","@id":"https:\/\/www.intoscana.it\/it\/#\/schema\/person\/9223810753230f20bd670fdd322661f8","name":"Redazione","url":"https:\/\/www.intoscana.it\/it\/author\/redazione\/"}]}},"_links":{"self":[{"href":"https:\/\/www.intoscana.it\/it\/wp-json\/wp\/v2\/posts\/67474","targetHints":{"allow":["GET"]}}],"collection":[{"href":"https:\/\/www.intoscana.it\/it\/wp-json\/wp\/v2\/posts"}],"about":[{"href":"https:\/\/www.intoscana.it\/it\/wp-json\/wp\/v2\/types\/post"}],"author":[{"embeddable":true,"href":"https:\/\/www.intoscana.it\/it\/wp-json\/wp\/v2\/users\/525"}],"replies":[{"embeddable":true,"href":"https:\/\/www.intoscana.it\/it\/wp-json\/wp\/v2\/comments?post=67474"}],"version-history":[{"count":0,"href":"https:\/\/www.intoscana.it\/it\/wp-json\/wp\/v2\/posts\/67474\/revisions"}],"wp:featuredmedia":[{"embeddable":true,"href":"https:\/\/www.intoscana.it\/it\/wp-json\/wp\/v2\/media\/104969"}],"wp:attachment":[{"href":"https:\/\/www.intoscana.it\/it\/wp-json\/wp\/v2\/media?parent=67474"}],"wp:term":[{"taxonomy":"category","embeddable":true,"href":"https:\/\/www.intoscana.it\/it\/wp-json\/wp\/v2\/categories?post=67474"},{"taxonomy":"post_tag","embeddable":true,"href":"https:\/\/www.intoscana.it\/it\/wp-json\/wp\/v2\/tags?post=67474"}],"curies":[{"name":"wp","href":"https:\/\/api.w.org\/{rel}","templated":true}]}}