{"id":67477,"date":"2019-02-21T21:33:38","date_gmt":"2019-02-21T21:33:38","guid":{"rendered":"http:\/\/www.intoscana.it\/bus-elettrico-a-firenze-gratis-per-la-sperimentazione\/"},"modified":"2020-05-18T09:27:53","modified_gmt":"2020-05-18T07:27:53","slug":"bus-elettrico-a-firenze-gratis-per-la-sperimentazione","status":"publish","type":"post","link":"https:\/\/www.intoscana.it\/it\/bus-elettrico-a-firenze-gratis-per-la-sperimentazione\/","title":{"rendered":"Bus elettrico a Firenze, gratis per la sperimentazione"},"content":{"rendered":"<p>Si chiama <strong>&#8216;eCitaro&#8217;<\/strong> ed \u00e8 il bus elettrico<strong> &#8216;zero emissioni&#8217;<\/strong> realizzato da Mercedes e attivo a Firenze da ieri fino al prossimo 2 marzo: si tratta di fatto di una sperimentazione del mezzo su gomma di 12 metri che potr\u00e0 essere &#8216;testato&#8217; anche dai cittadini gratuitamente.&nbsp;<\/p>\n<p>eCitaro \u00e8 messo a disposizione dalla casa produttrice per consentire ad <strong>Ataf Gestioni<\/strong> (Gruppo FS Italiane) e, pi\u00f9 in generale a <strong>Busitalia<\/strong> (Gruppo FS Italiane), di verificare le prestazioni e l\u2019uso del mezzo in un contesto urbano: un vero e proprio test tecnico sul campo.&nbsp;<\/p>\n<p>Durante questo periodo, eCitaro circoler\u00e0 ogni mattina in aggiunta agli <strong>altri autobus in servizio nell\u2019area Metropolitana di Firenze<\/strong> secondo uno schema prefissato. Il luned\u00ec sar\u00e0 in circolazione sulla linea 1, il marted\u00ec sulla linea 6, il mercoled\u00ec sulla linea 14, il gioved\u00ec sulla linea 17, il venerd\u00ec sulla linea 20, il sabato sulla linea 23 e la domenica sulla linea 32.&nbsp;<\/p>\n<p>Dopo questa iniziativa ne seguiranno altre: Ataf Gestioni e Busitalia infatti intendono sperimentare sul campo diverse tipologie di veicoli elettrici che di fatto rappresentano una svolta sul versante della mobilit\u00e0 sostenibile: un\u2019importante quota di investimenti per il rinnovo della flotta di Busitalia e delle sue aziende partecipate sar\u00e0 dedicata a questa tipologia di mezzi.<\/p>\n","protected":false},"excerpt":{"rendered":"<p>Si chiama &#8216;eCitaro&#8217;, \u00e8 lungo 12 metri e genera &#8216;zero emissioni&#8217;: il bus realizzato da Mercedes potr\u00e0 essere utilizzato gratuitamente nell&#8217;area fiorentina fino al prossimo 2 marzo<\/p>\n","protected":false},"author":525,"featured_media":104972,"comment_status":"open","ping_status":"open","sticky":false,"template":"","format":"standard","meta":{"_acf_changed":false,"footnotes":""},"categories":[494,7],"tags":[],"class_list":["post-67477","post","type-post","status-publish","format-standard","has-post-thumbnail","hentry","category-attualita","category-societa"],"acf":[],"yoast_head":"<!-- This site is optimized with the Yoast SEO Premium plugin v24.2 (Yoast SEO v25.6) - https:\/\/yoast.com\/wordpress\/plugins\/seo\/ -->\n<title>Bus elettrico a Firenze, gratis per la sperimentazione - intoscana<\/title>\n<meta name=\"description\" content=\"Ecitaro, il bus elettrico di Mercedes a Firenze, gratis per la sperimentazione fino al prossimo 2 marzo.\" \/>\n<meta name=\"robots\" content=\"index, follow, max-snippet:-1, max-image-preview:large, max-video-preview:-1\" \/>\n<link rel=\"canonical\" href=\"https:\/\/www.intoscana.it\/it\/bus-elettrico-a-firenze-gratis-per-la-sperimentazione\/\" \/>\n<meta property=\"og:locale\" content=\"it_IT\" \/>\n<meta property=\"og:type\" content=\"article\" \/>\n<meta property=\"og:title\" content=\"Bus elettrico a Firenze, gratis per la sperimentazione\" \/>\n<meta property=\"og:description\" content=\"Ecitaro, il bus elettrico di Mercedes a Firenze, gratis per la sperimentazione fino al prossimo 2 marzo.\" \/>\n<meta property=\"og:url\" content=\"https:\/\/www.intoscana.it\/it\/bus-elettrico-a-firenze-gratis-per-la-sperimentazione\/\" \/>\n<meta property=\"og:site_name\" content=\"intoscana\" \/>\n<meta property=\"article:publisher\" content=\"https:\/\/www.facebook.com\/intoscana.it\" \/>\n<meta property=\"article:published_time\" content=\"2019-02-21T21:33:38+00:00\" \/>\n<meta property=\"article:modified_time\" content=\"2020-05-18T07:27:53+00:00\" \/>\n<meta property=\"og:image\" content=\"https:\/\/www.intoscana.it\/wp-content\/uploads\/bus-elettrico-firenze.jpg\" \/>\n\t<meta property=\"og:image:width\" content=\"1280\" \/>\n\t<meta property=\"og:image:height\" content=\"960\" \/>\n\t<meta property=\"og:image:type\" content=\"image\/jpeg\" \/>\n<meta name=\"author\" content=\"Redazione\" \/>\n<meta name=\"twitter:card\" content=\"summary_large_image\" \/>\n<meta name=\"twitter:creator\" content=\"@intoscana\" \/>\n<meta name=\"twitter:site\" content=\"@intoscana\" \/>\n<meta name=\"twitter:label1\" content=\"Written by\" \/>\n\t<meta name=\"twitter:data1\" content=\"Redazione\" \/>\n\t<meta name=\"twitter:label2\" content=\"Est. reading time\" \/>\n\t<meta name=\"twitter:data2\" content=\"1 minuto\" \/>\n<script type=\"application\/ld+json\" class=\"yoast-schema-graph\">{\"@context\":\"https:\/\/schema.org\",\"@graph\":[{\"@type\":\"WebPage\",\"@id\":\"https:\/\/www.intoscana.it\/it\/bus-elettrico-a-firenze-gratis-per-la-sperimentazione\/\",\"url\":\"https:\/\/www.intoscana.it\/it\/bus-elettrico-a-firenze-gratis-per-la-sperimentazione\/\",\"name\":\"Bus elettrico a Firenze, gratis per la sperimentazione - intoscana\",\"isPartOf\":{\"@id\":\"https:\/\/www.intoscana.it\/it\/#website\"},\"primaryImageOfPage\":{\"@id\":\"https:\/\/www.intoscana.it\/it\/bus-elettrico-a-firenze-gratis-per-la-sperimentazione\/#primaryimage\"},\"image\":{\"@id\":\"https:\/\/www.intoscana.it\/it\/bus-elettrico-a-firenze-gratis-per-la-sperimentazione\/#primaryimage\"},\"thumbnailUrl\":\"https:\/\/www.intoscana.it\/wp-content\/uploads\/bus-elettrico-firenze.jpg\",\"datePublished\":\"2019-02-21T21:33:38+00:00\",\"dateModified\":\"2020-05-18T07:27:53+00:00\",\"author\":{\"@id\":\"https:\/\/www.intoscana.it\/it\/#\/schema\/person\/9223810753230f20bd670fdd322661f8\"},\"description\":\"Ecitaro, il bus elettrico di Mercedes a Firenze, gratis per la sperimentazione fino al prossimo 2 marzo.\",\"breadcrumb\":{\"@id\":\"https:\/\/www.intoscana.it\/it\/bus-elettrico-a-firenze-gratis-per-la-sperimentazione\/#breadcrumb\"},\"inLanguage\":\"it-IT\",\"potentialAction\":[{\"@type\":\"ReadAction\",\"target\":[\"https:\/\/www.intoscana.it\/it\/bus-elettrico-a-firenze-gratis-per-la-sperimentazione\/\"]}]},{\"@type\":\"ImageObject\",\"inLanguage\":\"it-IT\",\"@id\":\"https:\/\/www.intoscana.it\/it\/bus-elettrico-a-firenze-gratis-per-la-sperimentazione\/#primaryimage\",\"url\":\"https:\/\/www.intoscana.it\/wp-content\/uploads\/bus-elettrico-firenze.jpg\",\"contentUrl\":\"https:\/\/www.intoscana.it\/wp-content\/uploads\/bus-elettrico-firenze.jpg\",\"width\":1280,\"height\":960,\"caption\":\"Bus elettrico eCitaro a Firenze, gratis per la sperimentazione fino al 2 marzo.\"},{\"@type\":\"BreadcrumbList\",\"@id\":\"https:\/\/www.intoscana.it\/it\/bus-elettrico-a-firenze-gratis-per-la-sperimentazione\/#breadcrumb\",\"itemListElement\":[{\"@type\":\"ListItem\",\"position\":1,\"name\":\"Home\",\"item\":\"https:\/\/www.intoscana.it\/it\/\"},{\"@type\":\"ListItem\",\"position\":2,\"name\":\"Bus elettrico a Firenze, gratis per la sperimentazione\"}]},{\"@type\":\"WebSite\",\"@id\":\"https:\/\/www.intoscana.it\/it\/#website\",\"url\":\"https:\/\/www.intoscana.it\/it\/\",\"name\":\"intoscana\",\"description\":\"\",\"potentialAction\":[{\"@type\":\"SearchAction\",\"target\":{\"@type\":\"EntryPoint\",\"urlTemplate\":\"https:\/\/www.intoscana.it\/it\/?s={search_term_string}\"},\"query-input\":{\"@type\":\"PropertyValueSpecification\",\"valueRequired\":true,\"valueName\":\"search_term_string\"}}],\"inLanguage\":\"it-IT\"},{\"@type\":\"Person\",\"@id\":\"https:\/\/www.intoscana.it\/it\/#\/schema\/person\/9223810753230f20bd670fdd322661f8\",\"name\":\"Redazione\",\"url\":\"https:\/\/www.intoscana.it\/it\/author\/redazione\/\"}]}<\/script>\n<!-- \/ Yoast SEO Premium plugin. -->","yoast_head_json":{"title":"Bus elettrico a Firenze, gratis per la sperimentazione - intoscana","description":"Ecitaro, il bus elettrico di Mercedes a Firenze, gratis per la sperimentazione fino al prossimo 2 marzo.","robots":{"index":"index","follow":"follow","max-snippet":"max-snippet:-1","max-image-preview":"max-image-preview:large","max-video-preview":"max-video-preview:-1"},"canonical":"https:\/\/www.intoscana.it\/it\/bus-elettrico-a-firenze-gratis-per-la-sperimentazione\/","og_locale":"it_IT","og_type":"article","og_title":"Bus elettrico a Firenze, gratis per la sperimentazione","og_description":"Ecitaro, il bus elettrico di Mercedes a Firenze, gratis per la sperimentazione fino al prossimo 2 marzo.","og_url":"https:\/\/www.intoscana.it\/it\/bus-elettrico-a-firenze-gratis-per-la-sperimentazione\/","og_site_name":"intoscana","article_publisher":"https:\/\/www.facebook.com\/intoscana.it","article_published_time":"2019-02-21T21:33:38+00:00","article_modified_time":"2020-05-18T07:27:53+00:00","og_image":[{"width":1280,"height":960,"url":"https:\/\/www.intoscana.it\/wp-content\/uploads\/bus-elettrico-firenze.jpg","type":"image\/jpeg"}],"author":"Redazione","twitter_card":"summary_large_image","twitter_creator":"@intoscana","twitter_site":"@intoscana","twitter_misc":{"Written by":"Redazione","Est. reading time":"1 minuto"},"schema":{"@context":"https:\/\/schema.org","@graph":[{"@type":"WebPage","@id":"https:\/\/www.intoscana.it\/it\/bus-elettrico-a-firenze-gratis-per-la-sperimentazione\/","url":"https:\/\/www.intoscana.it\/it\/bus-elettrico-a-firenze-gratis-per-la-sperimentazione\/","name":"Bus elettrico a Firenze, gratis per la sperimentazione - intoscana","isPartOf":{"@id":"https:\/\/www.intoscana.it\/it\/#website"},"primaryImageOfPage":{"@id":"https:\/\/www.intoscana.it\/it\/bus-elettrico-a-firenze-gratis-per-la-sperimentazione\/#primaryimage"},"image":{"@id":"https:\/\/www.intoscana.it\/it\/bus-elettrico-a-firenze-gratis-per-la-sperimentazione\/#primaryimage"},"thumbnailUrl":"https:\/\/www.intoscana.it\/wp-content\/uploads\/bus-elettrico-firenze.jpg","datePublished":"2019-02-21T21:33:38+00:00","dateModified":"2020-05-18T07:27:53+00:00","author":{"@id":"https:\/\/www.intoscana.it\/it\/#\/schema\/person\/9223810753230f20bd670fdd322661f8"},"description":"Ecitaro, il bus elettrico di Mercedes a Firenze, gratis per la sperimentazione fino al prossimo 2 marzo.","breadcrumb":{"@id":"https:\/\/www.intoscana.it\/it\/bus-elettrico-a-firenze-gratis-per-la-sperimentazione\/#breadcrumb"},"inLanguage":"it-IT","potentialAction":[{"@type":"ReadAction","target":["https:\/\/www.intoscana.it\/it\/bus-elettrico-a-firenze-gratis-per-la-sperimentazione\/"]}]},{"@type":"ImageObject","inLanguage":"it-IT","@id":"https:\/\/www.intoscana.it\/it\/bus-elettrico-a-firenze-gratis-per-la-sperimentazione\/#primaryimage","url":"https:\/\/www.intoscana.it\/wp-content\/uploads\/bus-elettrico-firenze.jpg","contentUrl":"https:\/\/www.intoscana.it\/wp-content\/uploads\/bus-elettrico-firenze.jpg","width":1280,"height":960,"caption":"Bus elettrico eCitaro a Firenze, gratis per la sperimentazione fino al 2 marzo."},{"@type":"BreadcrumbList","@id":"https:\/\/www.intoscana.it\/it\/bus-elettrico-a-firenze-gratis-per-la-sperimentazione\/#breadcrumb","itemListElement":[{"@type":"ListItem","position":1,"name":"Home","item":"https:\/\/www.intoscana.it\/it\/"},{"@type":"ListItem","position":2,"name":"Bus elettrico a Firenze, gratis per la sperimentazione"}]},{"@type":"WebSite","@id":"https:\/\/www.intoscana.it\/it\/#website","url":"https:\/\/www.intoscana.it\/it\/","name":"intoscana","description":"","potentialAction":[{"@type":"SearchAction","target":{"@type":"EntryPoint","urlTemplate":"https:\/\/www.intoscana.it\/it\/?s={search_term_string}"},"query-input":{"@type":"PropertyValueSpecification","valueRequired":true,"valueName":"search_term_string"}}],"inLanguage":"it-IT"},{"@type":"Person","@id":"https:\/\/www.intoscana.it\/it\/#\/schema\/person\/9223810753230f20bd670fdd322661f8","name":"Redazione","url":"https:\/\/www.intoscana.it\/it\/author\/redazione\/"}]}},"_links":{"self":[{"href":"https:\/\/www.intoscana.it\/it\/wp-json\/wp\/v2\/posts\/67477","targetHints":{"allow":["GET"]}}],"collection":[{"href":"https:\/\/www.intoscana.it\/it\/wp-json\/wp\/v2\/posts"}],"about":[{"href":"https:\/\/www.intoscana.it\/it\/wp-json\/wp\/v2\/types\/post"}],"author":[{"embeddable":true,"href":"https:\/\/www.intoscana.it\/it\/wp-json\/wp\/v2\/users\/525"}],"replies":[{"embeddable":true,"href":"https:\/\/www.intoscana.it\/it\/wp-json\/wp\/v2\/comments?post=67477"}],"version-history":[{"count":0,"href":"https:\/\/www.intoscana.it\/it\/wp-json\/wp\/v2\/posts\/67477\/revisions"}],"wp:featuredmedia":[{"embeddable":true,"href":"https:\/\/www.intoscana.it\/it\/wp-json\/wp\/v2\/media\/104972"}],"wp:attachment":[{"href":"https:\/\/www.intoscana.it\/it\/wp-json\/wp\/v2\/media?parent=67477"}],"wp:term":[{"taxonomy":"category","embeddable":true,"href":"https:\/\/www.intoscana.it\/it\/wp-json\/wp\/v2\/categories?post=67477"},{"taxonomy":"post_tag","embeddable":true,"href":"https:\/\/www.intoscana.it\/it\/wp-json\/wp\/v2\/tags?post=67477"}],"curies":[{"name":"wp","href":"https:\/\/api.w.org\/{rel}","templated":true}]}}