{"id":67487,"date":"2019-06-20T10:41:30","date_gmt":"2019-06-20T10:41:30","guid":{"rendered":"http:\/\/www.intoscana.it\/solstizio-destate-a-siena-apre-in-notturna-il-facciatone-del-duomo\/"},"modified":"2020-05-19T16:06:26","modified_gmt":"2020-05-19T14:06:26","slug":"solstizio-estate-facciatone-siena","status":"publish","type":"post","link":"https:\/\/www.intoscana.it\/it\/solstizio-estate-facciatone-siena\/","title":{"rendered":"Solstizio d&#8217;estate a Siena: apre in notturna il Facciatone del Duomo"},"content":{"rendered":"<p><strong>Sar\u00e0 un solstizio d&#8217;estate molto speciale a Siena, dove per l&#8217;occasione si terr\u00e0 un&#8217;apertura straordinaria del Facciatone del Duomo.<\/strong><\/p>\n<p><strong>Venerd\u00ec 21 giugno dalle 20 fino alle 24 sar\u00e0 possibile salire in cima al Facciatone,<\/strong> l&#8217;alto muro che nell&#8217;intento dei senesi del <strong>Trecento doveva divenire la nuova facciata della Cattedrale<\/strong> e invece rimase incompiuto, a causa della peste del 1348 che interruppe i lavori. Quello che vediamo oggi infatti \u00e8 la navata destra e la facciata di questa nuova grande chiesa che avrebbe dovuto essere enorme. <strong>Dal Facciatone \u00e8 possibile ammirare per intero la citt\u00e0, godendo di un panorama unico che \u00e8 visibile solo da questo punto.<\/strong><\/p>\n<p><strong>L&#8217;iniziativa, all&#8217;ottava edizione, \u00e8 denominata &#8216;Lux in nocte&#8217;.<\/strong> Aperto al pubblico tutti i giorni dalle 10 alle 19, da quest&#8217;anno, l&#8217;Opera della Metropolitana ha promosso aperture anche al mattino, dalle ore 8 alle 10, con operatori che spiegano ed introducono la visita alla citt\u00e0 dall&#8217;alto. In occasione del solstizio il Facciatone verr\u00e0 straordinariamente aperto in orario notturno. La serata \u00e8 a ingresso gratuito, con prenotazione obbligatoria, per i nati o residenti nel Comune di Siena.<\/p>\n","protected":false},"excerpt":{"rendered":"<p>Venerd\u00ec 21 giugno apertura straordinaria della facciata incompiuta della Cattedrale da cui si gode di un panorama unico sulla citt\u00e0<\/p>\n","protected":false},"author":525,"featured_media":104982,"comment_status":"open","ping_status":"open","sticky":false,"template":"","format":"standard","meta":{"_acf_changed":false,"footnotes":""},"categories":[6],"tags":[164],"class_list":["post-67487","post","type-post","status-publish","format-standard","has-post-thumbnail","hentry","category-viaggi","tag-siena"],"acf":[],"yoast_head":"<!-- This site is optimized with the Yoast SEO Premium plugin v24.2 (Yoast SEO v25.6) - https:\/\/yoast.com\/wordpress\/plugins\/seo\/ -->\n<title>Solstizio d&#039;estate a Siena: apre in notturna il Facciatone del Duomo - intoscana<\/title>\n<meta name=\"robots\" content=\"index, follow, max-snippet:-1, max-image-preview:large, max-video-preview:-1\" \/>\n<link rel=\"canonical\" href=\"https:\/\/www.intoscana.it\/it\/solstizio-estate-facciatone-siena\/\" \/>\n<meta property=\"og:locale\" content=\"it_IT\" \/>\n<meta property=\"og:type\" content=\"article\" \/>\n<meta property=\"og:title\" content=\"Solstizio d&#039;estate a Siena: apre in notturna il Facciatone del Duomo\" \/>\n<meta property=\"og:description\" content=\"Venerd\u00ec 21 giugno apertura straordinaria della facciata incompiuta della Cattedrale da cui si gode di un panorama unico sulla citt\u00e0\" \/>\n<meta property=\"og:url\" content=\"https:\/\/www.intoscana.it\/it\/solstizio-estate-facciatone-siena\/\" \/>\n<meta property=\"og:site_name\" content=\"intoscana\" \/>\n<meta property=\"article:publisher\" content=\"https:\/\/www.facebook.com\/intoscana.it\" \/>\n<meta property=\"article:published_time\" content=\"2019-06-20T10:41:30+00:00\" \/>\n<meta property=\"article:modified_time\" content=\"2020-05-19T14:06:26+00:00\" \/>\n<meta property=\"og:image\" content=\"https:\/\/www.intoscana.it\/wp-content\/uploads\/facciatone-duomo-siena-1.jpg\" \/>\n\t<meta property=\"og:image:width\" content=\"2000\" \/>\n\t<meta property=\"og:image:height\" content=\"1319\" \/>\n\t<meta property=\"og:image:type\" content=\"image\/jpeg\" \/>\n<meta name=\"author\" content=\"Redazione\" \/>\n<meta name=\"twitter:card\" content=\"summary_large_image\" \/>\n<meta name=\"twitter:creator\" content=\"@intoscana\" \/>\n<meta name=\"twitter:site\" content=\"@intoscana\" \/>\n<meta name=\"twitter:label1\" content=\"Written by\" \/>\n\t<meta name=\"twitter:data1\" content=\"Redazione\" \/>\n\t<meta name=\"twitter:label2\" content=\"Est. reading time\" \/>\n\t<meta name=\"twitter:data2\" content=\"1 minuto\" \/>\n<script type=\"application\/ld+json\" class=\"yoast-schema-graph\">{\"@context\":\"https:\/\/schema.org\",\"@graph\":[{\"@type\":\"WebPage\",\"@id\":\"https:\/\/www.intoscana.it\/it\/solstizio-estate-facciatone-siena\/\",\"url\":\"https:\/\/www.intoscana.it\/it\/solstizio-estate-facciatone-siena\/\",\"name\":\"Solstizio d'estate a Siena: apre in notturna il Facciatone del Duomo - intoscana\",\"isPartOf\":{\"@id\":\"https:\/\/www.intoscana.it\/it\/#website\"},\"primaryImageOfPage\":{\"@id\":\"https:\/\/www.intoscana.it\/it\/solstizio-estate-facciatone-siena\/#primaryimage\"},\"image\":{\"@id\":\"https:\/\/www.intoscana.it\/it\/solstizio-estate-facciatone-siena\/#primaryimage\"},\"thumbnailUrl\":\"https:\/\/www.intoscana.it\/wp-content\/uploads\/facciatone-duomo-siena-1.jpg\",\"datePublished\":\"2019-06-20T10:41:30+00:00\",\"dateModified\":\"2020-05-19T14:06:26+00:00\",\"author\":{\"@id\":\"https:\/\/www.intoscana.it\/it\/#\/schema\/person\/9223810753230f20bd670fdd322661f8\"},\"breadcrumb\":{\"@id\":\"https:\/\/www.intoscana.it\/it\/solstizio-estate-facciatone-siena\/#breadcrumb\"},\"inLanguage\":\"it-IT\",\"potentialAction\":[{\"@type\":\"ReadAction\",\"target\":[\"https:\/\/www.intoscana.it\/it\/solstizio-estate-facciatone-siena\/\"]}]},{\"@type\":\"ImageObject\",\"inLanguage\":\"it-IT\",\"@id\":\"https:\/\/www.intoscana.it\/it\/solstizio-estate-facciatone-siena\/#primaryimage\",\"url\":\"https:\/\/www.intoscana.it\/wp-content\/uploads\/facciatone-duomo-siena-1.jpg\",\"contentUrl\":\"https:\/\/www.intoscana.it\/wp-content\/uploads\/facciatone-duomo-siena-1.jpg\",\"width\":2000,\"height\":1319,\"caption\":\"Panorama Siena dal Facciatone del Duomo\"},{\"@type\":\"BreadcrumbList\",\"@id\":\"https:\/\/www.intoscana.it\/it\/solstizio-estate-facciatone-siena\/#breadcrumb\",\"itemListElement\":[{\"@type\":\"ListItem\",\"position\":1,\"name\":\"Home\",\"item\":\"https:\/\/www.intoscana.it\/it\/\"},{\"@type\":\"ListItem\",\"position\":2,\"name\":\"Solstizio d&#8217;estate a Siena: apre in notturna il Facciatone del Duomo\"}]},{\"@type\":\"WebSite\",\"@id\":\"https:\/\/www.intoscana.it\/it\/#website\",\"url\":\"https:\/\/www.intoscana.it\/it\/\",\"name\":\"intoscana\",\"description\":\"\",\"potentialAction\":[{\"@type\":\"SearchAction\",\"target\":{\"@type\":\"EntryPoint\",\"urlTemplate\":\"https:\/\/www.intoscana.it\/it\/?s={search_term_string}\"},\"query-input\":{\"@type\":\"PropertyValueSpecification\",\"valueRequired\":true,\"valueName\":\"search_term_string\"}}],\"inLanguage\":\"it-IT\"},{\"@type\":\"Person\",\"@id\":\"https:\/\/www.intoscana.it\/it\/#\/schema\/person\/9223810753230f20bd670fdd322661f8\",\"name\":\"Redazione\",\"url\":\"https:\/\/www.intoscana.it\/it\/author\/redazione\/\"}]}<\/script>\n<!-- \/ Yoast SEO Premium plugin. -->","yoast_head_json":{"title":"Solstizio d'estate a Siena: apre in notturna il Facciatone del Duomo - intoscana","robots":{"index":"index","follow":"follow","max-snippet":"max-snippet:-1","max-image-preview":"max-image-preview:large","max-video-preview":"max-video-preview:-1"},"canonical":"https:\/\/www.intoscana.it\/it\/solstizio-estate-facciatone-siena\/","og_locale":"it_IT","og_type":"article","og_title":"Solstizio d'estate a Siena: apre in notturna il Facciatone del Duomo","og_description":"Venerd\u00ec 21 giugno apertura straordinaria della facciata incompiuta della Cattedrale da cui si gode di un panorama unico sulla citt\u00e0","og_url":"https:\/\/www.intoscana.it\/it\/solstizio-estate-facciatone-siena\/","og_site_name":"intoscana","article_publisher":"https:\/\/www.facebook.com\/intoscana.it","article_published_time":"2019-06-20T10:41:30+00:00","article_modified_time":"2020-05-19T14:06:26+00:00","og_image":[{"width":2000,"height":1319,"url":"https:\/\/www.intoscana.it\/wp-content\/uploads\/facciatone-duomo-siena-1.jpg","type":"image\/jpeg"}],"author":"Redazione","twitter_card":"summary_large_image","twitter_creator":"@intoscana","twitter_site":"@intoscana","twitter_misc":{"Written by":"Redazione","Est. reading time":"1 minuto"},"schema":{"@context":"https:\/\/schema.org","@graph":[{"@type":"WebPage","@id":"https:\/\/www.intoscana.it\/it\/solstizio-estate-facciatone-siena\/","url":"https:\/\/www.intoscana.it\/it\/solstizio-estate-facciatone-siena\/","name":"Solstizio d'estate a Siena: apre in notturna il Facciatone del Duomo - intoscana","isPartOf":{"@id":"https:\/\/www.intoscana.it\/it\/#website"},"primaryImageOfPage":{"@id":"https:\/\/www.intoscana.it\/it\/solstizio-estate-facciatone-siena\/#primaryimage"},"image":{"@id":"https:\/\/www.intoscana.it\/it\/solstizio-estate-facciatone-siena\/#primaryimage"},"thumbnailUrl":"https:\/\/www.intoscana.it\/wp-content\/uploads\/facciatone-duomo-siena-1.jpg","datePublished":"2019-06-20T10:41:30+00:00","dateModified":"2020-05-19T14:06:26+00:00","author":{"@id":"https:\/\/www.intoscana.it\/it\/#\/schema\/person\/9223810753230f20bd670fdd322661f8"},"breadcrumb":{"@id":"https:\/\/www.intoscana.it\/it\/solstizio-estate-facciatone-siena\/#breadcrumb"},"inLanguage":"it-IT","potentialAction":[{"@type":"ReadAction","target":["https:\/\/www.intoscana.it\/it\/solstizio-estate-facciatone-siena\/"]}]},{"@type":"ImageObject","inLanguage":"it-IT","@id":"https:\/\/www.intoscana.it\/it\/solstizio-estate-facciatone-siena\/#primaryimage","url":"https:\/\/www.intoscana.it\/wp-content\/uploads\/facciatone-duomo-siena-1.jpg","contentUrl":"https:\/\/www.intoscana.it\/wp-content\/uploads\/facciatone-duomo-siena-1.jpg","width":2000,"height":1319,"caption":"Panorama Siena dal Facciatone del Duomo"},{"@type":"BreadcrumbList","@id":"https:\/\/www.intoscana.it\/it\/solstizio-estate-facciatone-siena\/#breadcrumb","itemListElement":[{"@type":"ListItem","position":1,"name":"Home","item":"https:\/\/www.intoscana.it\/it\/"},{"@type":"ListItem","position":2,"name":"Solstizio d&#8217;estate a Siena: apre in notturna il Facciatone del Duomo"}]},{"@type":"WebSite","@id":"https:\/\/www.intoscana.it\/it\/#website","url":"https:\/\/www.intoscana.it\/it\/","name":"intoscana","description":"","potentialAction":[{"@type":"SearchAction","target":{"@type":"EntryPoint","urlTemplate":"https:\/\/www.intoscana.it\/it\/?s={search_term_string}"},"query-input":{"@type":"PropertyValueSpecification","valueRequired":true,"valueName":"search_term_string"}}],"inLanguage":"it-IT"},{"@type":"Person","@id":"https:\/\/www.intoscana.it\/it\/#\/schema\/person\/9223810753230f20bd670fdd322661f8","name":"Redazione","url":"https:\/\/www.intoscana.it\/it\/author\/redazione\/"}]}},"_links":{"self":[{"href":"https:\/\/www.intoscana.it\/it\/wp-json\/wp\/v2\/posts\/67487","targetHints":{"allow":["GET"]}}],"collection":[{"href":"https:\/\/www.intoscana.it\/it\/wp-json\/wp\/v2\/posts"}],"about":[{"href":"https:\/\/www.intoscana.it\/it\/wp-json\/wp\/v2\/types\/post"}],"author":[{"embeddable":true,"href":"https:\/\/www.intoscana.it\/it\/wp-json\/wp\/v2\/users\/525"}],"replies":[{"embeddable":true,"href":"https:\/\/www.intoscana.it\/it\/wp-json\/wp\/v2\/comments?post=67487"}],"version-history":[{"count":0,"href":"https:\/\/www.intoscana.it\/it\/wp-json\/wp\/v2\/posts\/67487\/revisions"}],"wp:featuredmedia":[{"embeddable":true,"href":"https:\/\/www.intoscana.it\/it\/wp-json\/wp\/v2\/media\/104982"}],"wp:attachment":[{"href":"https:\/\/www.intoscana.it\/it\/wp-json\/wp\/v2\/media?parent=67487"}],"wp:term":[{"taxonomy":"category","embeddable":true,"href":"https:\/\/www.intoscana.it\/it\/wp-json\/wp\/v2\/categories?post=67487"},{"taxonomy":"post_tag","embeddable":true,"href":"https:\/\/www.intoscana.it\/it\/wp-json\/wp\/v2\/tags?post=67487"}],"curies":[{"name":"wp","href":"https:\/\/api.w.org\/{rel}","templated":true}]}}