{"id":67489,"date":"2019-09-16T15:56:22","date_gmt":"2019-09-16T15:56:22","guid":{"rendered":"http:\/\/www.intoscana.it\/giornate-europee-del-patrimonio-un-tuffo-nei-tesori-della-toscana\/"},"modified":"2020-05-19T16:06:26","modified_gmt":"2020-05-19T14:06:26","slug":"giornate-europee-patrimonio","status":"publish","type":"post","link":"https:\/\/www.intoscana.it\/it\/giornate-europee-patrimonio\/","title":{"rendered":"Giornate Europee del Patrimonio: un tuffo nei tesori della Toscana"},"content":{"rendered":"<p><strong>Aperture straordinarie, visite guidate, attivit\u00e0 didattiche per i pi\u00f9 piccoli: \u00e8 ricco il programma delle <a href=\"http:\/\/www.beniculturali.it\/mibac\/export\/MiBAC\/sito-MiBAC\/Contenuti\/MibacUnif\/Eventi\/visualizza_asset.html_1190233817.html\" target=\"_blank\" rel=\"noopener noreferrer\" class=\"broken_link\">Giornate Europee del Patrimonio<\/a> che sabato 21 e domenica 22 settembre<\/strong> tornano ad animare i musei e i luoghi della cultura anche in Toscana. \u00c8 \u201cUn due tre&#8230; Arte! Cultura e intrattenimento\u201d il tema di questa edizione dell&#8217;iniziativa che ogni anno coinvolge pi\u00f9 di 20 milioni di persone in tutta l&#8217;Unione Europea.<\/p>\n<p><strong>Tanti gli eventi speciali a Firenze.<\/strong> Il 21 settembre il<strong> Museo dell\u2019Opificio delle Pietre Dure<\/strong> sar\u00e0 aperto in via straordinaria dalle 20 alle 23 al costo simbolico di 1 euro, con due visite guidate: un\u2019occasione per scoprire la manifattura artistica fondata nel 1588 da Ferdinando I de\u2019 Medici che oggi \u00e8 un centro d\u2019avanguardia internazionale nel campo del restauro. Al mattino verranno organizzate anche visite guidate gratuite nei laboratori dove lavorano i restauratori, nelle sedi di via degli Alfani e della Fortezza da Basso. <br \/><strong>Sempre il 21 settembre apertura prolungata anche alle Cappelle Medicee (fino alle 19.50) e a Palazzo <\/strong><strong>Davanzati,<\/strong> visitabile fino alle 21.50 e al costo di 1 euro a partire dalle 19. Inoltre alle 21 per il ciclo &#8220;Note ai Musei del Bargello&#8221; si potr\u00e0 assistere al concerto di musica barocca dei Solisti di Santa Felicita.<\/p>\n<p><img decoding=\"async\" style=\"width: 601px;\" title=\"opificio\" src=\"https:\/\/www.intoscana.it\/shared\/intoscana\/immagini\/universita\/2011\/01\/03\/759dfa1be2c3dbd053c624219d157276.jpg\" alt=\"opificio\" height=\"373\" \/><\/p>\n<p><strong>Musica anche al Bargello<\/strong>, dove alle 16 si esibir\u00e0 il Quintetto Polifonico &#8220;Clemente Terni&#8221;, mentre l\u2019Archivio di Stato per tutto il weekend si apre al pubblico in occasione dell\u2019inaugurazione della mostra fotografica \u201c<strong>Sguardi sulla citt\u00e0 che cambia. Firenze negli archivi fotografici del Novecento\u201d,<\/strong> che racconta la storia della citt\u00e0 dagli anni in cui fu capitale d\u2019Italia al 1989. Da non perdere anche i <strong>percorsi speciali agli Uffizi<\/strong>, che propone due diverse visite guidate: una alla scoperta delle esuberanti e fantasiose decorazioni a grottesche del primo corridoio della galleria e l\u2019altra alla mostra \u201cTutti gli uomini dell\u2019imperatore\u201d. <br \/><strong>Senza dimenticare lo spettacolo \u201cC\u2019era una volta il manicomio\u201d<\/strong> (21 settembre alle 21) per scoprire l\u2019ex ospedale psichiatrico di San Salvi, le visite guidate alla Biblioteca Medicea Laurenziana e alla Biblioteca Nazionale Centrale, dove per l\u2019occasione \u00e8 allestito un percorso espositivo dedicato alle rappresentazioni del gioco nelle sue varie forme dal Quattrocento.<\/p>\n<p><img decoding=\"async\" style=\"width: 600px;\" title=\"Duomo di Grosseto\" src=\"https:\/\/www.intoscana.it\/shared\/visittuscany\/immagini\/elementi\/919c77204544196bb2e835f1e989145c.jpg\" alt=\"Duomo di Grosseto\" height=\"399\" \/><\/p>\n<p><strong>A Grosseto viene offerta l\u2019occasione di viaggiare nelle viscere della citt\u00e0 grazie alla mostra \u201cOltre il Duomo\u201d, allestita sale del Museo Archeologico e d&#8217;Arte della Maremma<\/strong>. Il 21 settembre durante l\u2019apertura serale straordinaria fino alle 24 si terranno le visite guidate tra i tesori emersi dal pozzo di butto medievale rinvenuto sotto la Cattedrale e a seguire i visitatori verranno accompagnati al Duomo dove vivranno l&#8217;emozione di calarsi con gli speleologi della Societ\u00e0 Naturalistica Speleologica Maremmana all&#8217;interno del vano ipogeo.<\/p>\n<p><strong>Da non perdere a Collesalvetti la visita guidata dell\u2019Area Archeologica di Torretta Vecchia e il laboratorio didattico per i pi\u00f9 piccoli<\/strong> &#8220;Ludus. I giochi dei bambini nell\u2019antichit\u00e0\u201d mentre a <strong>Pistoia<\/strong> per tutto il weekend i Musei Civici della citt\u00e0 \u2013 ovvero il Museo Civico d&#8217;arte antica in Palazzo Comunale e il Museo dello Spedale del Ceppo \u2013 saranno visitabili con ingresso gratuito.<\/p>\n<p>&nbsp;<\/p>\n<p><strong><img decoding=\"async\" style=\"width: 600px;\" title=\"fregio_robbia_pistoia_03\" src=\"https:\/\/www.intoscana.it\/shared\/intoscana\/immagini\/turismo\/fregio_robbia_pistoia_03.jpg\" alt=\"fregio_robbia_pistoia_03\" height=\"405\" \/><\/strong><\/p>\n<p><strong>A Carrara invece, nella mattinata del 21 settembre, si terr\u00e0 una passeggiata alla scoperta dei luoghi della tradizione del marmo<\/strong>, dalle cave ai laboratori di scultura, mentre <strong>a Siena l&#8217;Archivio di Stato propone una serie di attivit\u00e0 legate a Dante:<\/strong> l\u2019apertura straordinaria del Museo delle Biccherne, con visita guidata delle Tavolette dell&#8217;epoca di Dante e lettura commentata dell&#8217;undicesimo canto del Purgatorio.<\/p>\n","protected":false},"excerpt":{"rendered":"<p>Il 21 e 22 settembre tante aperture straordinarie e gratuite e visite guidate nei musei e nei luoghi della cultura toscani, dagli Uffizi ai Musei Civici di Pistoia<\/p>\n","protected":false},"author":502,"featured_media":104984,"comment_status":"open","ping_status":"open","sticky":false,"template":"","format":"standard","meta":{"_acf_changed":false,"footnotes":""},"categories":[6],"tags":[174,222,207],"class_list":["post-67489","post","type-post","status-publish","format-standard","has-post-thumbnail","hentry","category-viaggi","tag-arte","tag-mostre","tag-uffizi"],"acf":[],"yoast_head":"<!-- This site is optimized with the Yoast SEO Premium plugin v24.2 (Yoast SEO v25.6) - https:\/\/yoast.com\/wordpress\/plugins\/seo\/ -->\n<title>Giornate Europee del Patrimonio: un tuffo nei tesori della Toscana - intoscana<\/title>\n<meta name=\"robots\" content=\"index, follow, max-snippet:-1, max-image-preview:large, max-video-preview:-1\" \/>\n<link rel=\"canonical\" href=\"https:\/\/www.intoscana.it\/it\/giornate-europee-patrimonio\/\" \/>\n<meta property=\"og:locale\" content=\"it_IT\" \/>\n<meta property=\"og:type\" content=\"article\" \/>\n<meta property=\"og:title\" content=\"Giornate Europee del Patrimonio: un tuffo nei tesori della Toscana\" \/>\n<meta property=\"og:description\" content=\"Il 21 e 22 settembre tante aperture straordinarie e gratuite e visite guidate nei musei e nei luoghi della cultura toscani, dagli Uffizi ai Musei Civici di Pistoia\" \/>\n<meta property=\"og:url\" content=\"https:\/\/www.intoscana.it\/it\/giornate-europee-patrimonio\/\" \/>\n<meta property=\"og:site_name\" content=\"intoscana\" \/>\n<meta property=\"article:publisher\" content=\"https:\/\/www.facebook.com\/intoscana.it\" \/>\n<meta property=\"article:published_time\" content=\"2019-09-16T15:56:22+00:00\" \/>\n<meta property=\"article:modified_time\" content=\"2020-05-19T14:06:26+00:00\" \/>\n<meta property=\"og:image\" content=\"https:\/\/www.intoscana.it\/wp-content\/uploads\/bargello-cortile_JNG.jpg\" \/>\n\t<meta property=\"og:image:width\" content=\"2000\" \/>\n\t<meta property=\"og:image:height\" content=\"1333\" \/>\n\t<meta property=\"og:image:type\" content=\"image\/jpeg\" \/>\n<meta name=\"author\" content=\"Ilaria Giannini\" \/>\n<meta name=\"twitter:card\" content=\"summary_large_image\" \/>\n<meta name=\"twitter:creator\" content=\"@i.giannini@fst.it\" \/>\n<meta name=\"twitter:site\" content=\"@intoscana\" \/>\n<meta name=\"twitter:label1\" content=\"Written by\" \/>\n\t<meta name=\"twitter:data1\" content=\"Ilaria Giannini\" \/>\n\t<meta name=\"twitter:label2\" content=\"Est. reading time\" \/>\n\t<meta name=\"twitter:data2\" content=\"3 minuti\" \/>\n<script type=\"application\/ld+json\" class=\"yoast-schema-graph\">{\"@context\":\"https:\/\/schema.org\",\"@graph\":[{\"@type\":\"WebPage\",\"@id\":\"https:\/\/www.intoscana.it\/it\/giornate-europee-patrimonio\/\",\"url\":\"https:\/\/www.intoscana.it\/it\/giornate-europee-patrimonio\/\",\"name\":\"Giornate Europee del Patrimonio: un tuffo nei tesori della Toscana - intoscana\",\"isPartOf\":{\"@id\":\"https:\/\/www.intoscana.it\/it\/#website\"},\"primaryImageOfPage\":{\"@id\":\"https:\/\/www.intoscana.it\/it\/giornate-europee-patrimonio\/#primaryimage\"},\"image\":{\"@id\":\"https:\/\/www.intoscana.it\/it\/giornate-europee-patrimonio\/#primaryimage\"},\"thumbnailUrl\":\"https:\/\/www.intoscana.it\/wp-content\/uploads\/bargello-cortile_JNG.jpg\",\"datePublished\":\"2019-09-16T15:56:22+00:00\",\"dateModified\":\"2020-05-19T14:06:26+00:00\",\"author\":{\"@id\":\"https:\/\/www.intoscana.it\/it\/#\/schema\/person\/de95e1ed2c1c8c30a6922bbba3a90185\"},\"breadcrumb\":{\"@id\":\"https:\/\/www.intoscana.it\/it\/giornate-europee-patrimonio\/#breadcrumb\"},\"inLanguage\":\"it-IT\",\"potentialAction\":[{\"@type\":\"ReadAction\",\"target\":[\"https:\/\/www.intoscana.it\/it\/giornate-europee-patrimonio\/\"]}]},{\"@type\":\"ImageObject\",\"inLanguage\":\"it-IT\",\"@id\":\"https:\/\/www.intoscana.it\/it\/giornate-europee-patrimonio\/#primaryimage\",\"url\":\"https:\/\/www.intoscana.it\/wp-content\/uploads\/bargello-cortile_JNG.jpg\",\"contentUrl\":\"https:\/\/www.intoscana.it\/wp-content\/uploads\/bargello-cortile_JNG.jpg\",\"width\":2000,\"height\":1333,\"caption\":\"Museo del Bargello\"},{\"@type\":\"BreadcrumbList\",\"@id\":\"https:\/\/www.intoscana.it\/it\/giornate-europee-patrimonio\/#breadcrumb\",\"itemListElement\":[{\"@type\":\"ListItem\",\"position\":1,\"name\":\"Home\",\"item\":\"https:\/\/www.intoscana.it\/it\/\"},{\"@type\":\"ListItem\",\"position\":2,\"name\":\"Giornate Europee del Patrimonio: un tuffo nei tesori della Toscana\"}]},{\"@type\":\"WebSite\",\"@id\":\"https:\/\/www.intoscana.it\/it\/#website\",\"url\":\"https:\/\/www.intoscana.it\/it\/\",\"name\":\"intoscana\",\"description\":\"\",\"potentialAction\":[{\"@type\":\"SearchAction\",\"target\":{\"@type\":\"EntryPoint\",\"urlTemplate\":\"https:\/\/www.intoscana.it\/it\/?s={search_term_string}\"},\"query-input\":{\"@type\":\"PropertyValueSpecification\",\"valueRequired\":true,\"valueName\":\"search_term_string\"}}],\"inLanguage\":\"it-IT\"},{\"@type\":\"Person\",\"@id\":\"https:\/\/www.intoscana.it\/it\/#\/schema\/person\/de95e1ed2c1c8c30a6922bbba3a90185\",\"name\":\"Ilaria Giannini\",\"sameAs\":[\"https:\/\/x.com\/i.giannini@fst.it\"],\"url\":\"https:\/\/www.intoscana.it\/it\/author\/ilaria-giannini\/\"}]}<\/script>\n<!-- \/ Yoast SEO Premium plugin. -->","yoast_head_json":{"title":"Giornate Europee del Patrimonio: un tuffo nei tesori della Toscana - intoscana","robots":{"index":"index","follow":"follow","max-snippet":"max-snippet:-1","max-image-preview":"max-image-preview:large","max-video-preview":"max-video-preview:-1"},"canonical":"https:\/\/www.intoscana.it\/it\/giornate-europee-patrimonio\/","og_locale":"it_IT","og_type":"article","og_title":"Giornate Europee del Patrimonio: un tuffo nei tesori della Toscana","og_description":"Il 21 e 22 settembre tante aperture straordinarie e gratuite e visite guidate nei musei e nei luoghi della cultura toscani, dagli Uffizi ai Musei Civici di Pistoia","og_url":"https:\/\/www.intoscana.it\/it\/giornate-europee-patrimonio\/","og_site_name":"intoscana","article_publisher":"https:\/\/www.facebook.com\/intoscana.it","article_published_time":"2019-09-16T15:56:22+00:00","article_modified_time":"2020-05-19T14:06:26+00:00","og_image":[{"width":2000,"height":1333,"url":"https:\/\/www.intoscana.it\/wp-content\/uploads\/bargello-cortile_JNG.jpg","type":"image\/jpeg"}],"author":"Ilaria Giannini","twitter_card":"summary_large_image","twitter_creator":"@i.giannini@fst.it","twitter_site":"@intoscana","twitter_misc":{"Written by":"Ilaria Giannini","Est. reading time":"3 minuti"},"schema":{"@context":"https:\/\/schema.org","@graph":[{"@type":"WebPage","@id":"https:\/\/www.intoscana.it\/it\/giornate-europee-patrimonio\/","url":"https:\/\/www.intoscana.it\/it\/giornate-europee-patrimonio\/","name":"Giornate Europee del Patrimonio: un tuffo nei tesori della Toscana - intoscana","isPartOf":{"@id":"https:\/\/www.intoscana.it\/it\/#website"},"primaryImageOfPage":{"@id":"https:\/\/www.intoscana.it\/it\/giornate-europee-patrimonio\/#primaryimage"},"image":{"@id":"https:\/\/www.intoscana.it\/it\/giornate-europee-patrimonio\/#primaryimage"},"thumbnailUrl":"https:\/\/www.intoscana.it\/wp-content\/uploads\/bargello-cortile_JNG.jpg","datePublished":"2019-09-16T15:56:22+00:00","dateModified":"2020-05-19T14:06:26+00:00","author":{"@id":"https:\/\/www.intoscana.it\/it\/#\/schema\/person\/de95e1ed2c1c8c30a6922bbba3a90185"},"breadcrumb":{"@id":"https:\/\/www.intoscana.it\/it\/giornate-europee-patrimonio\/#breadcrumb"},"inLanguage":"it-IT","potentialAction":[{"@type":"ReadAction","target":["https:\/\/www.intoscana.it\/it\/giornate-europee-patrimonio\/"]}]},{"@type":"ImageObject","inLanguage":"it-IT","@id":"https:\/\/www.intoscana.it\/it\/giornate-europee-patrimonio\/#primaryimage","url":"https:\/\/www.intoscana.it\/wp-content\/uploads\/bargello-cortile_JNG.jpg","contentUrl":"https:\/\/www.intoscana.it\/wp-content\/uploads\/bargello-cortile_JNG.jpg","width":2000,"height":1333,"caption":"Museo del Bargello"},{"@type":"BreadcrumbList","@id":"https:\/\/www.intoscana.it\/it\/giornate-europee-patrimonio\/#breadcrumb","itemListElement":[{"@type":"ListItem","position":1,"name":"Home","item":"https:\/\/www.intoscana.it\/it\/"},{"@type":"ListItem","position":2,"name":"Giornate Europee del Patrimonio: un tuffo nei tesori della Toscana"}]},{"@type":"WebSite","@id":"https:\/\/www.intoscana.it\/it\/#website","url":"https:\/\/www.intoscana.it\/it\/","name":"intoscana","description":"","potentialAction":[{"@type":"SearchAction","target":{"@type":"EntryPoint","urlTemplate":"https:\/\/www.intoscana.it\/it\/?s={search_term_string}"},"query-input":{"@type":"PropertyValueSpecification","valueRequired":true,"valueName":"search_term_string"}}],"inLanguage":"it-IT"},{"@type":"Person","@id":"https:\/\/www.intoscana.it\/it\/#\/schema\/person\/de95e1ed2c1c8c30a6922bbba3a90185","name":"Ilaria Giannini","sameAs":["https:\/\/x.com\/i.giannini@fst.it"],"url":"https:\/\/www.intoscana.it\/it\/author\/ilaria-giannini\/"}]}},"_links":{"self":[{"href":"https:\/\/www.intoscana.it\/it\/wp-json\/wp\/v2\/posts\/67489","targetHints":{"allow":["GET"]}}],"collection":[{"href":"https:\/\/www.intoscana.it\/it\/wp-json\/wp\/v2\/posts"}],"about":[{"href":"https:\/\/www.intoscana.it\/it\/wp-json\/wp\/v2\/types\/post"}],"author":[{"embeddable":true,"href":"https:\/\/www.intoscana.it\/it\/wp-json\/wp\/v2\/users\/502"}],"replies":[{"embeddable":true,"href":"https:\/\/www.intoscana.it\/it\/wp-json\/wp\/v2\/comments?post=67489"}],"version-history":[{"count":0,"href":"https:\/\/www.intoscana.it\/it\/wp-json\/wp\/v2\/posts\/67489\/revisions"}],"wp:featuredmedia":[{"embeddable":true,"href":"https:\/\/www.intoscana.it\/it\/wp-json\/wp\/v2\/media\/104984"}],"wp:attachment":[{"href":"https:\/\/www.intoscana.it\/it\/wp-json\/wp\/v2\/media?parent=67489"}],"wp:term":[{"taxonomy":"category","embeddable":true,"href":"https:\/\/www.intoscana.it\/it\/wp-json\/wp\/v2\/categories?post=67489"},{"taxonomy":"post_tag","embeddable":true,"href":"https:\/\/www.intoscana.it\/it\/wp-json\/wp\/v2\/tags?post=67489"}],"curies":[{"name":"wp","href":"https:\/\/api.w.org\/{rel}","templated":true}]}}