{"id":67499,"date":"2020-02-27T09:33:03","date_gmt":"2020-02-27T09:33:03","guid":{"rendered":"http:\/\/www.intoscana.it\/corona-virus-la-regione-studia-misure-a-sostegno-delleconomia\/"},"modified":"2020-05-18T09:27:58","modified_gmt":"2020-05-18T07:27:58","slug":"corona-virus-la-regione-studia-misure-a-sostegno-delleconomia","status":"publish","type":"post","link":"https:\/\/www.intoscana.it\/it\/corona-virus-la-regione-studia-misure-a-sostegno-delleconomia\/","title":{"rendered":"Corona Virus, la Regione studia misure a sostegno dell&#8217;economia"},"content":{"rendered":"<p>Oltre a quella sanitaria c&#8217;\u00e8 sicuramente in atto un&#8217;altra emergenza che merita di essere seguita passo dopo passo: \u00e8 quella <strong>economica<\/strong> che sta preoccupando grandi e piccoli imprenditori in Toscana, legati anche al settore turistico. La Regione non ha sottovalutato questo aspetto, tanto da convocare immediatamente le associazioni di categoria, Anci (rappresentata dal presidente Matteo Biffoni) e il direttore&nbsp;del dipartimento maxi emergenze nell&#8217;Azienda Usl Toscana Centro Federico Gelli.&nbsp;<\/p>\n<p>Stefano Ciuoffo, assessore&nbsp;alle attivit\u00e0 produttive, credito, commercio e turismo ha portato con s\u00e8 al tavolo anche&nbsp;il direttore dell\u2019assessorato <strong>Albino Caporale <\/strong>e&nbsp;il direttore di Toscana Promozione Turistica<strong> Francesco Palumbo<\/strong>. Obiettivo comune dei presenti all&#8217;incontro di ieri a Firenze \u00e8 stato quello di definire&nbsp;al pi\u00f9 presto di misure a sostegno del sistema economico in crisi a causa degli effetti del Coronavirus.&nbsp;<\/p>\n<p>Le Associazioni si sono rese disponibili per veicolare ai propri associati le informazioni reperibili sul sito regionale nella sezione appositamente dedicata al link <a href=\"https:\/\/www.regione.toscana.it\/-\/coronavirus\" target=\"_blank\" rel=\"noopener noreferrer\">https:\/\/www.regione.toscana.it\/-\/coronavirus<\/a>, riguardo ai<strong> comportamenti da tenere da parte degli imprenditori.<\/strong> Un aspetto che abbraccia anche le problematiche relative alle responsabilit\u00e0 dei datori di lavoro nei confronti dei dipendenti, cos\u00ec da poter fornire informazioni univoche.<\/p>\n<p>Al tavolo sono state rappresentate una serie di esigenze per supportare le imprese in questo momento complicato: <strong>interventi sulla fiscalit\u00e0 regionale<\/strong> (riduzione aliquota, sospensione\/dilazione pagamenti) e locale e utilizzazione dell\u2019<strong>imposta di soggiorno<\/strong>. \u00c8 stato preso l\u2019impegno di studiare le ipotesi di interventi anche in stretto rapporto con Anci e, in attesa degli strumenti annunciati dal Governo, sar\u00e0 avviato un confronto con il sistema del credito e dei confidi, per individuare specifici strumenti di sostegno come moratorie o credito agevolato.<\/p>\n<p><em>\u201cLa riunione<\/em> \u2013ha precisato l&#8217;assessore regionale <strong>Stefano Ciuoffo<\/strong> \u2013 <em>era orientata alla quantificazione dei danni e delle misure che in qualche modo verranno attivate per mitigare gli effetti delle disdette per il turismo e del danno economico che si sta riversando sulle nostre imprese. Ma era anche indirizzata a cercare di dare agli operatori che hanno un contatto diretto con il pubblico un comportamento il pi\u00f9 possibile informato e univoco. Una situazione cos\u00ec anomala e con implicazioni cos\u00ec vaste nella sfera sociale, oltre che economica, non credo abbia precedenti in Italia. Mentre l&#8217;economia del turismo \u00e8 comunque forte, e per la quale mi aspetto un danno certo ma non irreversibile, non posso dire altrettanto per altri nostri settori produttivi che hanno pochi margini competitivi e per i quali due o tre mesi di criticit\u00e0 possono generare una spirale di difficolt\u00e0 economica non superabile dalla congiuntura stagionale. Invito dunque a non creare allarmismo aumentando le dimensioni del fenomeno sanitario e a dare risposte proporzionate a ci\u00f2 che accade\u201d.<\/em><\/p>\n<p><em>\u201cNoi sindaci<\/em> &#8211; afferma <strong>Matteo Biffoni<\/strong> &#8211;<em> lavoriamo con massima attenzione e in modo assolutamente coordinato con la Regione e con le indicazioni del Ministero. \u00c8 fondamentale gestire tutto con misura e interventi proporzionati alle effettive necessit\u00e0 senza creare paure e allarmismi inutili e dannosi, perch\u00e9 la salute \u00e8 senza dubbio il bene primario ma noi sindaci non possiamo permetterci di mettere in crisi il sistema economico del territorio e i posti di lavoro a causa del panico\u201d.<\/em><\/p>\n<p>Riguardo al settore del turismo \u00e8 stato assicurato nel corso dell&#8217;incontro che sar\u00e0 definito un progetto promozionale straordinario per \u2018recuperare\u2019 la riduzione di flussi turistici in atto cercando di riposizionare la destinazione <strong>\u2018Toscana\u2019<\/strong> nell\u2019immaginario collettivo come regione sicura.<\/p>\n<p>Gli imprenditori hanno invece sollecitato le istituzioni relativamente agli strumenti degli <strong>ammortizzatori sociali<\/strong> (in particolare cassa integrazione in deroga), chiedendo che la Regione ponga la questione al Governo nazionale nel pi\u00f9 breve tempo possibile.&nbsp;<\/p>\n","protected":false},"excerpt":{"rendered":"<p>Richiesti dalle imprese al tavolo con l&#8217;assessore regionale Ciuoffo interventi sulla fiscalit\u00e0 e l&#8217;utilizzazione dell&#8217;imposta di soggiorno<\/p>\n","protected":false},"author":525,"featured_media":104994,"comment_status":"open","ping_status":"open","sticky":false,"template":"","format":"standard","meta":{"_acf_changed":false,"footnotes":""},"categories":[6],"tags":[],"class_list":["post-67499","post","type-post","status-publish","format-standard","has-post-thumbnail","hentry","category-viaggi"],"acf":[],"yoast_head":"<!-- This site is optimized with the Yoast SEO Premium plugin v24.2 (Yoast SEO v25.6) - https:\/\/yoast.com\/wordpress\/plugins\/seo\/ -->\n<title>Corona Virus, la Regione studia misure a sostegno dell&#039;economia - intoscana<\/title>\n<meta name=\"description\" content=\"Corona Virus in Toscana, l&#039;assessore Ciuoffo ha incontrato gli imprenditori per valutare gli impatti dell&#039;emergenza e mettere a punto misure per l&#039;economia.\" \/>\n<meta name=\"robots\" content=\"index, follow, max-snippet:-1, max-image-preview:large, max-video-preview:-1\" \/>\n<link rel=\"canonical\" href=\"https:\/\/www.intoscana.it\/it\/corona-virus-la-regione-studia-misure-a-sostegno-delleconomia\/\" \/>\n<meta property=\"og:locale\" content=\"it_IT\" \/>\n<meta property=\"og:type\" content=\"article\" \/>\n<meta property=\"og:title\" content=\"Corona Virus, la Regione studia misure a sostegno dell&#039;economia\" \/>\n<meta property=\"og:description\" content=\"Corona Virus in Toscana, l&#039;assessore Ciuoffo ha incontrato gli imprenditori per valutare gli impatti dell&#039;emergenza e mettere a punto misure per l&#039;economia.\" \/>\n<meta property=\"og:url\" content=\"https:\/\/www.intoscana.it\/it\/corona-virus-la-regione-studia-misure-a-sostegno-delleconomia\/\" \/>\n<meta property=\"og:site_name\" content=\"intoscana\" \/>\n<meta property=\"article:publisher\" content=\"https:\/\/www.facebook.com\/intoscana.it\" \/>\n<meta property=\"article:published_time\" content=\"2020-02-27T09:33:03+00:00\" \/>\n<meta property=\"article:modified_time\" content=\"2020-05-18T07:27:58+00:00\" \/>\n<meta property=\"og:image\" content=\"https:\/\/www.intoscana.it\/wp-content\/uploads\/stefano-ciuoffo-2.jpg\" \/>\n\t<meta property=\"og:image:width\" content=\"660\" \/>\n\t<meta property=\"og:image:height\" content=\"280\" \/>\n\t<meta property=\"og:image:type\" content=\"image\/jpeg\" \/>\n<meta name=\"author\" content=\"Redazione\" \/>\n<meta name=\"twitter:card\" content=\"summary_large_image\" \/>\n<meta name=\"twitter:creator\" content=\"@intoscana\" \/>\n<meta name=\"twitter:site\" content=\"@intoscana\" \/>\n<meta name=\"twitter:label1\" content=\"Written by\" \/>\n\t<meta name=\"twitter:data1\" content=\"Redazione\" \/>\n\t<meta name=\"twitter:label2\" content=\"Est. reading time\" \/>\n\t<meta name=\"twitter:data2\" content=\"3 minuti\" \/>\n<script type=\"application\/ld+json\" class=\"yoast-schema-graph\">{\"@context\":\"https:\/\/schema.org\",\"@graph\":[{\"@type\":\"WebPage\",\"@id\":\"https:\/\/www.intoscana.it\/it\/corona-virus-la-regione-studia-misure-a-sostegno-delleconomia\/\",\"url\":\"https:\/\/www.intoscana.it\/it\/corona-virus-la-regione-studia-misure-a-sostegno-delleconomia\/\",\"name\":\"Corona Virus, la Regione studia misure a sostegno dell'economia - intoscana\",\"isPartOf\":{\"@id\":\"https:\/\/www.intoscana.it\/it\/#website\"},\"primaryImageOfPage\":{\"@id\":\"https:\/\/www.intoscana.it\/it\/corona-virus-la-regione-studia-misure-a-sostegno-delleconomia\/#primaryimage\"},\"image\":{\"@id\":\"https:\/\/www.intoscana.it\/it\/corona-virus-la-regione-studia-misure-a-sostegno-delleconomia\/#primaryimage\"},\"thumbnailUrl\":\"https:\/\/www.intoscana.it\/wp-content\/uploads\/stefano-ciuoffo-2.jpg\",\"datePublished\":\"2020-02-27T09:33:03+00:00\",\"dateModified\":\"2020-05-18T07:27:58+00:00\",\"author\":{\"@id\":\"https:\/\/www.intoscana.it\/it\/#\/schema\/person\/9223810753230f20bd670fdd322661f8\"},\"description\":\"Corona Virus in Toscana, l'assessore Ciuoffo ha incontrato gli imprenditori per valutare gli impatti dell'emergenza e mettere a punto misure per l'economia.\",\"breadcrumb\":{\"@id\":\"https:\/\/www.intoscana.it\/it\/corona-virus-la-regione-studia-misure-a-sostegno-delleconomia\/#breadcrumb\"},\"inLanguage\":\"it-IT\",\"potentialAction\":[{\"@type\":\"ReadAction\",\"target\":[\"https:\/\/www.intoscana.it\/it\/corona-virus-la-regione-studia-misure-a-sostegno-delleconomia\/\"]}]},{\"@type\":\"ImageObject\",\"inLanguage\":\"it-IT\",\"@id\":\"https:\/\/www.intoscana.it\/it\/corona-virus-la-regione-studia-misure-a-sostegno-delleconomia\/#primaryimage\",\"url\":\"https:\/\/www.intoscana.it\/wp-content\/uploads\/stefano-ciuoffo-2.jpg\",\"contentUrl\":\"https:\/\/www.intoscana.it\/wp-content\/uploads\/stefano-ciuoffo-2.jpg\",\"width\":660,\"height\":280,\"caption\":\"Stefano Ciuoffo ha incontrato le associazioni di categoria dopo l'emergenza economica legata agli effetti del Corona Virus.\"},{\"@type\":\"BreadcrumbList\",\"@id\":\"https:\/\/www.intoscana.it\/it\/corona-virus-la-regione-studia-misure-a-sostegno-delleconomia\/#breadcrumb\",\"itemListElement\":[{\"@type\":\"ListItem\",\"position\":1,\"name\":\"Home\",\"item\":\"https:\/\/www.intoscana.it\/it\/\"},{\"@type\":\"ListItem\",\"position\":2,\"name\":\"Corona Virus, la Regione studia misure a sostegno dell&#8217;economia\"}]},{\"@type\":\"WebSite\",\"@id\":\"https:\/\/www.intoscana.it\/it\/#website\",\"url\":\"https:\/\/www.intoscana.it\/it\/\",\"name\":\"intoscana\",\"description\":\"\",\"potentialAction\":[{\"@type\":\"SearchAction\",\"target\":{\"@type\":\"EntryPoint\",\"urlTemplate\":\"https:\/\/www.intoscana.it\/it\/?s={search_term_string}\"},\"query-input\":{\"@type\":\"PropertyValueSpecification\",\"valueRequired\":true,\"valueName\":\"search_term_string\"}}],\"inLanguage\":\"it-IT\"},{\"@type\":\"Person\",\"@id\":\"https:\/\/www.intoscana.it\/it\/#\/schema\/person\/9223810753230f20bd670fdd322661f8\",\"name\":\"Redazione\",\"url\":\"https:\/\/www.intoscana.it\/it\/author\/redazione\/\"}]}<\/script>\n<!-- \/ Yoast SEO Premium plugin. -->","yoast_head_json":{"title":"Corona Virus, la Regione studia misure a sostegno dell'economia - intoscana","description":"Corona Virus in Toscana, l'assessore Ciuoffo ha incontrato gli imprenditori per valutare gli impatti dell'emergenza e mettere a punto misure per l'economia.","robots":{"index":"index","follow":"follow","max-snippet":"max-snippet:-1","max-image-preview":"max-image-preview:large","max-video-preview":"max-video-preview:-1"},"canonical":"https:\/\/www.intoscana.it\/it\/corona-virus-la-regione-studia-misure-a-sostegno-delleconomia\/","og_locale":"it_IT","og_type":"article","og_title":"Corona Virus, la Regione studia misure a sostegno dell'economia","og_description":"Corona Virus in Toscana, l'assessore Ciuoffo ha incontrato gli imprenditori per valutare gli impatti dell'emergenza e mettere a punto misure per l'economia.","og_url":"https:\/\/www.intoscana.it\/it\/corona-virus-la-regione-studia-misure-a-sostegno-delleconomia\/","og_site_name":"intoscana","article_publisher":"https:\/\/www.facebook.com\/intoscana.it","article_published_time":"2020-02-27T09:33:03+00:00","article_modified_time":"2020-05-18T07:27:58+00:00","og_image":[{"width":660,"height":280,"url":"https:\/\/www.intoscana.it\/wp-content\/uploads\/stefano-ciuoffo-2.jpg","type":"image\/jpeg"}],"author":"Redazione","twitter_card":"summary_large_image","twitter_creator":"@intoscana","twitter_site":"@intoscana","twitter_misc":{"Written by":"Redazione","Est. reading time":"3 minuti"},"schema":{"@context":"https:\/\/schema.org","@graph":[{"@type":"WebPage","@id":"https:\/\/www.intoscana.it\/it\/corona-virus-la-regione-studia-misure-a-sostegno-delleconomia\/","url":"https:\/\/www.intoscana.it\/it\/corona-virus-la-regione-studia-misure-a-sostegno-delleconomia\/","name":"Corona Virus, la Regione studia misure a sostegno dell'economia - intoscana","isPartOf":{"@id":"https:\/\/www.intoscana.it\/it\/#website"},"primaryImageOfPage":{"@id":"https:\/\/www.intoscana.it\/it\/corona-virus-la-regione-studia-misure-a-sostegno-delleconomia\/#primaryimage"},"image":{"@id":"https:\/\/www.intoscana.it\/it\/corona-virus-la-regione-studia-misure-a-sostegno-delleconomia\/#primaryimage"},"thumbnailUrl":"https:\/\/www.intoscana.it\/wp-content\/uploads\/stefano-ciuoffo-2.jpg","datePublished":"2020-02-27T09:33:03+00:00","dateModified":"2020-05-18T07:27:58+00:00","author":{"@id":"https:\/\/www.intoscana.it\/it\/#\/schema\/person\/9223810753230f20bd670fdd322661f8"},"description":"Corona Virus in Toscana, l'assessore Ciuoffo ha incontrato gli imprenditori per valutare gli impatti dell'emergenza e mettere a punto misure per l'economia.","breadcrumb":{"@id":"https:\/\/www.intoscana.it\/it\/corona-virus-la-regione-studia-misure-a-sostegno-delleconomia\/#breadcrumb"},"inLanguage":"it-IT","potentialAction":[{"@type":"ReadAction","target":["https:\/\/www.intoscana.it\/it\/corona-virus-la-regione-studia-misure-a-sostegno-delleconomia\/"]}]},{"@type":"ImageObject","inLanguage":"it-IT","@id":"https:\/\/www.intoscana.it\/it\/corona-virus-la-regione-studia-misure-a-sostegno-delleconomia\/#primaryimage","url":"https:\/\/www.intoscana.it\/wp-content\/uploads\/stefano-ciuoffo-2.jpg","contentUrl":"https:\/\/www.intoscana.it\/wp-content\/uploads\/stefano-ciuoffo-2.jpg","width":660,"height":280,"caption":"Stefano Ciuoffo ha incontrato le associazioni di categoria dopo l'emergenza economica legata agli effetti del Corona Virus."},{"@type":"BreadcrumbList","@id":"https:\/\/www.intoscana.it\/it\/corona-virus-la-regione-studia-misure-a-sostegno-delleconomia\/#breadcrumb","itemListElement":[{"@type":"ListItem","position":1,"name":"Home","item":"https:\/\/www.intoscana.it\/it\/"},{"@type":"ListItem","position":2,"name":"Corona Virus, la Regione studia misure a sostegno dell&#8217;economia"}]},{"@type":"WebSite","@id":"https:\/\/www.intoscana.it\/it\/#website","url":"https:\/\/www.intoscana.it\/it\/","name":"intoscana","description":"","potentialAction":[{"@type":"SearchAction","target":{"@type":"EntryPoint","urlTemplate":"https:\/\/www.intoscana.it\/it\/?s={search_term_string}"},"query-input":{"@type":"PropertyValueSpecification","valueRequired":true,"valueName":"search_term_string"}}],"inLanguage":"it-IT"},{"@type":"Person","@id":"https:\/\/www.intoscana.it\/it\/#\/schema\/person\/9223810753230f20bd670fdd322661f8","name":"Redazione","url":"https:\/\/www.intoscana.it\/it\/author\/redazione\/"}]}},"_links":{"self":[{"href":"https:\/\/www.intoscana.it\/it\/wp-json\/wp\/v2\/posts\/67499","targetHints":{"allow":["GET"]}}],"collection":[{"href":"https:\/\/www.intoscana.it\/it\/wp-json\/wp\/v2\/posts"}],"about":[{"href":"https:\/\/www.intoscana.it\/it\/wp-json\/wp\/v2\/types\/post"}],"author":[{"embeddable":true,"href":"https:\/\/www.intoscana.it\/it\/wp-json\/wp\/v2\/users\/525"}],"replies":[{"embeddable":true,"href":"https:\/\/www.intoscana.it\/it\/wp-json\/wp\/v2\/comments?post=67499"}],"version-history":[{"count":0,"href":"https:\/\/www.intoscana.it\/it\/wp-json\/wp\/v2\/posts\/67499\/revisions"}],"wp:featuredmedia":[{"embeddable":true,"href":"https:\/\/www.intoscana.it\/it\/wp-json\/wp\/v2\/media\/104994"}],"wp:attachment":[{"href":"https:\/\/www.intoscana.it\/it\/wp-json\/wp\/v2\/media?parent=67499"}],"wp:term":[{"taxonomy":"category","embeddable":true,"href":"https:\/\/www.intoscana.it\/it\/wp-json\/wp\/v2\/categories?post=67499"},{"taxonomy":"post_tag","embeddable":true,"href":"https:\/\/www.intoscana.it\/it\/wp-json\/wp\/v2\/tags?post=67499"}],"curies":[{"name":"wp","href":"https:\/\/api.w.org\/{rel}","templated":true}]}}